{"id":129288,"date":"2025-11-24T11:43:58","date_gmt":"2025-11-24T11:43:58","guid":{"rendered":"https:\/\/rdnews.al\/?p=129288"},"modified":"2025-11-24T11:43:58","modified_gmt":"2025-11-24T11:43:58","slug":"denoncimi-balluku-dhe-ceno-klosi-nen-hetim-per-pasurine","status":"publish","type":"post","link":"https:\/\/rdnews.al\/index.php\/2025\/11\/24\/denoncimi-balluku-dhe-ceno-klosi-nen-hetim-per-pasurine\/","title":{"rendered":"Denoncimi\/ Balluku dhe Ceno Klosi n\u00ebn hetim p\u00ebr pasurin\u00eb"},"content":{"rendered":"<p>SPAK regjistron procedim penal ndaj Belinda Ballukut dhe Ceno Klosit, pas nj\u00eb kall\u00ebzimi penal t\u00eb depozituar nga Kryetarja e Komisionit t\u00eb Apelimit dhe Vler\u00ebsimit t\u00eb Statutit pran\u00eb Partis\u00eb Demokratike, Adriana Kalaja. Akuza \u00ebsht\u00eb korrupsion dhe ndikim i paligjsh\u00ebm ndaj zyrtar\u00ebve t\u00eb lart\u00eb dhe kall\u00ebzuesja k\u00ebrkon nisjen e hetimeve ndaj disa zyrtar\u00ebve t\u00eb lart\u00eb, p\u00ebrfshir\u00eb Belinda Ballukun dhe Ceno Klosin.<\/p>\n<div class=\"xdj266r x14z9mp xat24cr x1lziwak x1vvkbs x126k92a\">\n<div dir=\"auto\">SPAK ka njoftuar nisjen e procedimit penal Nr. 95 t\u00eb vitit 2025, q\u00eb ka n\u00eb fokus hetimin e pasuris\u00eb s\u00eb ish-ministres s\u00eb Infrastruktur\u00ebs Belinda Balluku, e pezulluar aktualisht nga detyra, si dhe t\u00eb ish-kreut t\u00eb Tatimeve dhe deputetit t\u00eb PS, Ceno Klosi. Prokuroria e Posa\u00e7me ka administruar edhe materiale shtes\u00eb t\u00eb protokolluara m\u00eb 16.09.2025, t\u00eb cilat jan\u00eb bashkuar n\u00eb dosjen e hetimit. SPAK po verifikon ligjshm\u00ebrin\u00eb e pasuris\u00eb s\u00eb dy funksionar\u00ebve t\u00eb lart\u00eb dhe \u00e7do element q\u00eb lidhet me aktivitetin e tyre gjat\u00eb ushtrimit t\u00eb detyr\u00ebs.<\/div>\n<div dir=\"auto\"><\/div>\n<\/div>\n<div class=\"x14z9mp xat24cr x1lziwak x1vvkbs xtlvy1s x126k92a\">\n<div dir=\"auto\">Institucioni b\u00ebn me dije se \u00e7\u00ebshtja ndodhet n\u00eb faz\u00ebn e hetimeve paraprake, nd\u00ebrsa vijon grumbullimi dhe analizimi i provave p\u00ebr ndri\u00e7imin e plot\u00eb t\u00eb rrethanave. Ceno Klosi, i konsideruar i af\u00ebrt dhe bashk\u00ebpun\u00ebtor i ministres s\u00eb Infrastruktur\u00ebs Belinda Balluku, \u00ebsht\u00eb v\u00ebn\u00eb n\u00ebn hetim sipas raportimeve publike p\u00ebr dyshime mbi abuzime financiare gjat\u00eb ushtrimit t\u00eb funksioneve t\u00eb ndryshme shtet\u00ebrore, nd\u00ebrsa rasti i tij po krahasohet nga mediat me at\u00eb t\u00eb ish-drejtorit t\u00eb ARRSH-s\u00eb, Evis Berberi, i cili u hetua dhe u arrestua pas akuzave p\u00ebr p\u00ebrfitime t\u00eb paligjshme me tendera.<\/div>\n<div dir=\"auto\"><\/div>\n<\/div>\n<div class=\"x14z9mp xat24cr x1lziwak x1vvkbs xtlvy1s x126k92a\">\n<div dir=\"auto\">GJKKO ka vendosur t\u00eb vazhdoj\u00eb masat e sigurimit ndaj Belinda Ballukut, duke e mbajtur t\u00eb pezulluar nga detyra dhe me ndalim p\u00ebr t\u00eb dal\u00eb jasht\u00eb shtetit, pasi SPAK e ka marr\u00eb t\u00eb pandehur p\u00ebr shkelje t\u00eb barazis\u00eb n\u00eb tenderat e Tunelit t\u00eb Llogaras\u00eb dhe Lotit 4 t\u00eb Unaz\u00ebs s\u00eb Madhe. Gjykata arsyeton se masa \u00ebsht\u00eb e nevojshme p\u00ebr t\u00eb shmangur ndikimin tek provat dhe d\u00ebshmitar\u00ebt, si dhe rrezikun e abuzimit me fondet publike. Paralelisht, masat e \u201carrestit n\u00eb sht\u00ebpi\u201d u konfirmuan edhe p\u00ebr zyrtar\u00ebt Gentian Gjyli dhe Erald Elezi.<\/div>\n<div dir=\"auto\"><\/div>\n<\/div>\n<div class=\"x14z9mp xat24cr x1lziwak x1vvkbs xtlvy1s x126k92a\">\n<div dir=\"auto\">SPAK e akuzon Ballukun dhe vart\u00ebsit e saj se kan\u00eb manipuluar tenderat me vler\u00eb totale 210 milion\u00eb euro, duke favorizuar fitues t\u00eb paracaktuar n\u00eb dy procedura t\u00eb m\u00ebdha publike. Hetimet tregojn\u00eb dyshime se tenderi i Tunelit t\u00eb Llogaras\u00eb u anulua dhe u rihap n\u00eb kushte t\u00eb dyshimta, nd\u00ebrsa tek Unaza e Madhe jan\u00eb skualifikuar t\u00eb gjitha ofertat m\u00eb t\u00eb ul\u00ebta p\u00ebr t\u2019i hapur rrug\u00eb nj\u00eb operatori t\u00eb vet\u00ebm. T\u00eb dyja procedurat jan\u00eb cil\u00ebsuar me rrezik t\u00eb lart\u00eb abuzimi dhe vijojn\u00eb t\u00eb hetohen n\u00eb kuad\u00ebr t\u00eb dosjeve t\u00eb bashkuara t\u00eb SPAK.<\/div>\n<\/div>\n","protected":false},"excerpt":{"rendered":"<p>SPAK regjistron procedim penal ndaj Belinda Ballukut dhe Ceno Klosit, pas nj\u00eb kall\u00ebzimi penal t\u00eb depozituar nga Kryetarja e Komisionit t\u00eb Apelimit dhe Vler\u00ebsimit t\u00eb Statutit pran\u00eb Partis\u00eb Demokratike, Adriana Kalaja. Akuza \u00ebsht\u00eb korrupsion dhe ndikim i paligjsh\u00ebm ndaj zyrtar\u00ebve t\u00eb lart\u00eb dhe kall\u00ebzuesja k\u00ebrkon nisjen e hetimeve ndaj disa zyrtar\u00ebve t\u00eb lart\u00eb, p\u00ebrfshir\u00eb Belinda &hellip;<\/p>\n","protected":false},"author":3,"featured_media":129289,"comment_status":"closed","ping_status":"closed","sticky":false,"template":"","format":"standard","meta":{"footnotes":""},"categories":[37],"tags":[],"class_list":["post-129288","post","type-post","status-publish","format-standard","has-post-thumbnail","","category-politike"],"_links":{"self":[{"href":"https:\/\/rdnews.al\/index.php\/wp-json\/wp\/v2\/posts\/129288","targetHints":{"allow":["GET"]}}],"collection":[{"href":"https:\/\/rdnews.al\/index.php\/wp-json\/wp\/v2\/posts"}],"about":[{"href":"https:\/\/rdnews.al\/index.php\/wp-json\/wp\/v2\/types\/post"}],"author":[{"embeddable":true,"href":"https:\/\/rdnews.al\/index.php\/wp-json\/wp\/v2\/users\/3"}],"replies":[{"embeddable":true,"href":"https:\/\/rdnews.al\/index.php\/wp-json\/wp\/v2\/comments?post=129288"}],"version-history":[{"count":1,"href":"https:\/\/rdnews.al\/index.php\/wp-json\/wp\/v2\/posts\/129288\/revisions"}],"predecessor-version":[{"id":129290,"href":"https:\/\/rdnews.al\/index.php\/wp-json\/wp\/v2\/posts\/129288\/revisions\/129290"}],"wp:featuredmedia":[{"embeddable":true,"href":"https:\/\/rdnews.al\/index.php\/wp-json\/wp\/v2\/media\/129289"}],"wp:attachment":[{"href":"https:\/\/rdnews.al\/index.php\/wp-json\/wp\/v2\/media?parent=129288"}],"wp:term":[{"taxonomy":"category","embeddable":true,"href":"https:\/\/rdnews.al\/index.php\/wp-json\/wp\/v2\/categories?post=129288"},{"taxonomy":"post_tag","embeddable":true,"href":"https:\/\/rdnews.al\/index.php\/wp-json\/wp\/v2\/tags?post=129288"}],"curies":[{"name":"wp","href":"https:\/\/api.w.org\/{rel}","templated":true}]}}