{"id":129291,"date":"2025-11-24T11:49:03","date_gmt":"2025-11-24T11:49:03","guid":{"rendered":"https:\/\/rdnews.al\/?p=129291"},"modified":"2025-11-24T11:57:18","modified_gmt":"2025-11-24T11:57:18","slug":"protesta-e-radhes-para-kryeministrise-sot-ne-oren-18-00","status":"publish","type":"post","link":"https:\/\/rdnews.al\/index.php\/2025\/11\/24\/protesta-e-radhes-para-kryeministrise-sot-ne-oren-18-00\/","title":{"rendered":"Protesta\/ Sot n\u00eb or\u00ebn 18.00 para Kryeministris\u00eb!"},"content":{"rendered":"<p>Sot do t\u00eb zhvillohet Protesta \u2013 Foltore e thirrur nga Partia Demokratike p\u00ebrpara zyrave t\u00eb Kryeministris\u00eb n\u00eb Tiran\u00eb.<\/p>\n<p>Kjo \u00ebsht\u00eb dita e dyt\u00eb e nj\u00eb angazhimi t\u00eb till\u00eb t\u00eb opozit\u00ebs dhe \u00ebsht\u00eb ideuar si nj\u00eb foltore ku deputet\u00ebt por jo vet\u00ebm t\u00eb mund t\u00eb flasin dhe t\u00eb denoncojn\u00eb aferat e shumta t\u00eb vjedhjeve qeveritare t\u00eb Ram\u00ebs dhe band\u00ebs s\u00eb tij t\u00eb rilindjes.<\/p>\n<p>Protesta e dyt\u00eb zhvillohet tashm\u00eb edhe n\u00eb nj\u00eb kontekst tjet\u00ebr. Kur z\u00ebvend\u00ebsja e Edi Ram\u00ebs \u00ebsht\u00eb marr\u00eb e pandehur nga SPAK dhe GJKKO i ka ndaluar daljen jasht\u00eb shtetit dhe e ka pezulluar nga funksionet e saj n\u00eb qeverisje.<\/p>\n<p>Vendim ky \u00ebsht\u00eb q\u00eb \u00ebsht\u00eb kund\u00ebrshtuar nga Rama i cili duke se ka marr\u00eb presion t\u00eb ashp\u00ebr nga vart\u00ebsja e tij direkt se, \u201caf\u00ebrat i kan\u00eb b\u00ebr\u00eb bashk\u00eb\u201d e do ta merrte me vete n\u00ebse nuk e mbronte.<\/p>\n","protected":false},"excerpt":{"rendered":"<p>Sot do t\u00eb zhvillohet Protesta \u2013 Foltore e thirrur nga Partia Demokratike p\u00ebrpara zyrave t\u00eb Kryeministris\u00eb n\u00eb Tiran\u00eb. Kjo \u00ebsht\u00eb dita e dyt\u00eb e nj\u00eb angazhimi t\u00eb till\u00eb t\u00eb opozit\u00ebs dhe \u00ebsht\u00eb ideuar si nj\u00eb foltore ku deputet\u00ebt por jo vet\u00ebm t\u00eb mund t\u00eb flasin dhe t\u00eb denoncojn\u00eb aferat e shumta t\u00eb vjedhjeve qeveritare t\u00eb &hellip;<\/p>\n","protected":false},"author":4,"featured_media":129292,"comment_status":"closed","ping_status":"closed","sticky":false,"template":"","format":"standard","meta":{"footnotes":""},"categories":[37],"tags":[],"class_list":["post-129291","post","type-post","status-publish","format-standard","has-post-thumbnail","","category-politike"],"_links":{"self":[{"href":"https:\/\/rdnews.al\/index.php\/wp-json\/wp\/v2\/posts\/129291","targetHints":{"allow":["GET"]}}],"collection":[{"href":"https:\/\/rdnews.al\/index.php\/wp-json\/wp\/v2\/posts"}],"about":[{"href":"https:\/\/rdnews.al\/index.php\/wp-json\/wp\/v2\/types\/post"}],"author":[{"embeddable":true,"href":"https:\/\/rdnews.al\/index.php\/wp-json\/wp\/v2\/users\/4"}],"replies":[{"embeddable":true,"href":"https:\/\/rdnews.al\/index.php\/wp-json\/wp\/v2\/comments?post=129291"}],"version-history":[{"count":3,"href":"https:\/\/rdnews.al\/index.php\/wp-json\/wp\/v2\/posts\/129291\/revisions"}],"predecessor-version":[{"id":129297,"href":"https:\/\/rdnews.al\/index.php\/wp-json\/wp\/v2\/posts\/129291\/revisions\/129297"}],"wp:featuredmedia":[{"embeddable":true,"href":"https:\/\/rdnews.al\/index.php\/wp-json\/wp\/v2\/media\/129292"}],"wp:attachment":[{"href":"https:\/\/rdnews.al\/index.php\/wp-json\/wp\/v2\/media?parent=129291"}],"wp:term":[{"taxonomy":"category","embeddable":true,"href":"https:\/\/rdnews.al\/index.php\/wp-json\/wp\/v2\/categories?post=129291"},{"taxonomy":"post_tag","embeddable":true,"href":"https:\/\/rdnews.al\/index.php\/wp-json\/wp\/v2\/tags?post=129291"}],"curies":[{"name":"wp","href":"https:\/\/api.w.org\/{rel}","templated":true}]}}