{"id":129307,"date":"2025-11-24T17:35:05","date_gmt":"2025-11-24T17:35:05","guid":{"rendered":"https:\/\/rdnews.al\/?p=129307"},"modified":"2025-11-24T17:35:27","modified_gmt":"2025-11-24T17:35:27","slug":"shteti-ligjor-bie-kur-nje-i-pandehur-perdor-kryeministrin-dhe-keshillin-e-ministrave-si-zyre-avokatie","status":"publish","type":"post","link":"https:\/\/rdnews.al\/index.php\/2025\/11\/24\/shteti-ligjor-bie-kur-nje-i-pandehur-perdor-kryeministrin-dhe-keshillin-e-ministrave-si-zyre-avokatie\/","title":{"rendered":"Bardhi: Shteti ligjor bie kur nj\u00eb i pandehur p\u00ebrdor kryeministrin dhe k\u00ebshillin e ministrave si \u201czyr\u00eb avokatie\u201d"},"content":{"rendered":"<p><strong>Nga Gazment BARDHI<\/strong><\/p>\n<p>P\u00ebr her\u00eb t\u00eb par\u00eb n\u00eb historin\u00eb e Shqip\u00ebris\u00eb, Kryeministri dhe K\u00ebshilli i Ministrave kan\u00eb nd\u00ebrhyr\u00eb institucionalisht p\u00ebr t\u00eb k\u00ebrkuar shfuqizimin dhe pezullimin e nj\u00eb vendimi gjyq\u00ebsor q\u00eb cakton masa t\u00eb sigurimit personal individualisht p\u00ebr nj\u00eb person. Askund, n\u00eb asnj\u00eb vend demokratik, nuk ka ndodhur q\u00eb Kryeministri dhe K\u00ebshilli i Ministrave t\u00eb investohen institucionalisht n\u00eb nj\u00eb rast individual p\u00ebr t\u00eb goditur nj\u00eb mas\u00eb sigurimi personal, qoft\u00eb kjo me karakter shtr\u00ebngues apo ndalues.<\/p>\n<p>Pa asnj\u00eb dyshim q\u00eb vet\u00eb e pandehura ka gjith\u00eb t\u00eb drejt\u00ebn q\u00eb t\u00eb ndjek\u00eb rrug\u00ebt ligjore p\u00ebr mbrojtjen e saj, p\u00ebrfshir\u00eb ankimin e vendimit gjyq\u00ebsor p\u00ebr caktimin e mas\u00ebs ndaluese, duke nisur me Gjykat\u00ebn e Apelit \u2013 Gjykat\u00ebn e Lart\u00eb \u2013 Gjykat\u00ebn Kushtetuese. Por nuk ndodh askund q\u00eb nj\u00eb i pandehur t\u00eb p\u00ebrdor si Avokat, Kryeministrin\/K\u00ebshillin e Ministrave, p\u00ebr t\u00eb k\u00ebrkuar shfuqizimin e nj\u00eb vendimi gjyq\u00ebsor individual p\u00ebr t\u00eb, apo t\u00eb k\u00ebrkoj\u00eb p\u00ebrmes tyre pezullimin e efekteve t\u00eb vendimit gjyq\u00ebsor.<\/p>\n<p>Ky \u00ebsht\u00eb nj\u00eb akt i past\u00ebr dhe i paprecedent i mbrojtjes institucionale politike nga drejt\u00ebsia. Ky \u00ebsht\u00eb nj\u00eb mesazh i qart\u00eb politik i \u00e7imentimit t\u00eb kultur\u00ebs s\u00eb pand\u00ebshkueshm\u00ebris\u00eb. Ky \u00ebsht\u00eb nj\u00eb akt q\u00eb provon se Edi Rama n\u00eb em\u00ebr t\u00eb parimit \u201ct\u00eb ndarjes s\u00eb pushteteve\u201d, k\u00ebrkon t\u00eb shpall\u00eb K\u00ebshillin e Ministrave t\u00eb pavarur nga detyrimi p\u00ebr t\u00eb zbatuar me korrekt\u00ebsi ligjin. Ai k\u00ebrkon t\u2019i b\u00ebj\u00eb presion drejt\u00ebsis\u00eb, me shpres\u00ebn se do t\u00eb nxjerr\u00eb jasht\u00eb binar\u00ebve kushtetues vet\u00eb Gjykat\u00ebn Kushtetuese, q\u00eb ekziston si garanci p\u00ebr kushtetutshm\u00ebrin\u00eb dhe kurrsesi p\u00ebr pand\u00ebshkueshm\u00ebrin\u00eb.<\/p>\n<p>\u00cbsht\u00eb e qart\u00eb q\u00eb kjo l\u00ebvizje ka vet\u00ebm efekte politike, m\u00eb sakt\u00eb \u00ebsht\u00eb mjet presioni\/mesazhi politik, dhe nuk synon zgjidhje juridike.<\/p>\n<p>Prandaj, k\u00ebrkesa e Edi Ram\u00ebs, q\u00eb synon vet\u00ebm t\u00eb jap\u00eb mesazhin mafioz p\u00ebr organet e drejt\u00ebsis\u00eb se e pandehura Belinda Balluku nuk \u00ebsht\u00eb si t\u00eb gjith\u00eb t\u00eb pandehurit e tjer\u00eb, por g\u00ebzon mbrojtje t\u00eb posa\u00e7me politike\/institucionale nga Kryeministri\/K\u00ebshilli i Ministrave, meriton vet\u00ebm p\u00ebrbuzje, si nj\u00eb akt antidemokratik, antikushtetues, ve\u00e7an\u00ebrisht nga vet\u00eb organet e drejt\u00ebsis\u00eb, p\u00ebrfshir\u00eb Gjykat\u00ebn Kushtetuese, q\u00eb \u00ebsht\u00eb p\u00ebrpara sprov\u00ebs p\u00ebr t\u00eb mbrojtur t\u00eb drejt\u00ebn p\u00ebr hetim t\u00eb plot\u00eb, t\u00eb pacenuesh\u00ebm, t\u00eb gjithansh\u00ebm, t\u00eb papenguar, t\u00eb organeve hetimore. Ky \u00ebsht\u00eb nj\u00eb moment i r\u00ebnd\u00ebsish\u00ebm n\u00eb jet\u00ebn institucionale t\u00eb vendit p\u00ebr t\u00eb provuar se pushteti gjyq\u00ebsor nuk varet nga statusi i posa\u00e7\u00ebm q\u00eb pushteti ekzekutiv i jep t\u00eb pandehurve t\u00eb ve\u00e7ant\u00eb, dhe se kushdo \u00ebsht\u00eb i barabart\u00eb p\u00ebrpara ligjit.<\/p>\n","protected":false},"excerpt":{"rendered":"<p>Nga Gazment BARDHI P\u00ebr her\u00eb t\u00eb par\u00eb n\u00eb historin\u00eb e Shqip\u00ebris\u00eb, Kryeministri dhe K\u00ebshilli i Ministrave kan\u00eb nd\u00ebrhyr\u00eb institucionalisht p\u00ebr t\u00eb k\u00ebrkuar shfuqizimin dhe pezullimin e nj\u00eb vendimi gjyq\u00ebsor q\u00eb cakton masa t\u00eb sigurimit personal individualisht p\u00ebr nj\u00eb person. Askund, n\u00eb asnj\u00eb vend demokratik, nuk ka ndodhur q\u00eb Kryeministri dhe K\u00ebshilli i Ministrave t\u00eb investohen &hellip;<\/p>\n","protected":false},"author":4,"featured_media":129308,"comment_status":"closed","ping_status":"closed","sticky":false,"template":"","format":"standard","meta":{"footnotes":""},"categories":[37],"tags":[],"class_list":["post-129307","post","type-post","status-publish","format-standard","has-post-thumbnail","","category-politike"],"_links":{"self":[{"href":"https:\/\/rdnews.al\/index.php\/wp-json\/wp\/v2\/posts\/129307","targetHints":{"allow":["GET"]}}],"collection":[{"href":"https:\/\/rdnews.al\/index.php\/wp-json\/wp\/v2\/posts"}],"about":[{"href":"https:\/\/rdnews.al\/index.php\/wp-json\/wp\/v2\/types\/post"}],"author":[{"embeddable":true,"href":"https:\/\/rdnews.al\/index.php\/wp-json\/wp\/v2\/users\/4"}],"replies":[{"embeddable":true,"href":"https:\/\/rdnews.al\/index.php\/wp-json\/wp\/v2\/comments?post=129307"}],"version-history":[{"count":2,"href":"https:\/\/rdnews.al\/index.php\/wp-json\/wp\/v2\/posts\/129307\/revisions"}],"predecessor-version":[{"id":129310,"href":"https:\/\/rdnews.al\/index.php\/wp-json\/wp\/v2\/posts\/129307\/revisions\/129310"}],"wp:featuredmedia":[{"embeddable":true,"href":"https:\/\/rdnews.al\/index.php\/wp-json\/wp\/v2\/media\/129308"}],"wp:attachment":[{"href":"https:\/\/rdnews.al\/index.php\/wp-json\/wp\/v2\/media?parent=129307"}],"wp:term":[{"taxonomy":"category","embeddable":true,"href":"https:\/\/rdnews.al\/index.php\/wp-json\/wp\/v2\/categories?post=129307"},{"taxonomy":"post_tag","embeddable":true,"href":"https:\/\/rdnews.al\/index.php\/wp-json\/wp\/v2\/tags?post=129307"}],"curies":[{"name":"wp","href":"https:\/\/api.w.org\/{rel}","templated":true}]}}