{"id":129313,"date":"2025-11-24T17:41:59","date_gmt":"2025-11-24T17:41:59","guid":{"rendered":"https:\/\/rdnews.al\/?p=129313"},"modified":"2025-11-24T18:56:28","modified_gmt":"2025-11-24T18:56:28","slug":"bylykbashi-spak-ka-hyre-ne-lojen-e-rames-per-te-ruajtur-ballukun","status":"publish","type":"post","link":"https:\/\/rdnews.al\/index.php\/2025\/11\/24\/bylykbashi-spak-ka-hyre-ne-lojen-e-rames-per-te-ruajtur-ballukun\/","title":{"rendered":"Bylykbashi: SPAK ka hyr\u00eb n\u00eb loj\u00ebn e Ram\u00ebs p\u00ebr t\u00eb ruajtur Ballukun!"},"content":{"rendered":"<p>Deputeti i PD, Oerd Bylykbashi n\u00eb fjalimin e tij n\u00eb foltoren e vendosur para selis\u00eb s\u00eb kryeministris\u00eb tha se tashm\u00eb qeveria po vjedh dit\u00ebn me diell shqiptar\u00ebt nd\u00ebrsa akuzoi SPAK se ka hyr\u00eb n\u00eb loj\u00ebn e Ram\u00ebs p\u00ebr t\u00eb ruajtur Belinda Ballukun<\/p>\n<p>\u201cMesazhet q\u00eb po vijn\u00eb p\u00ebr k\u00ebt\u00eb klik\u00eb jan\u00eb gjithnj\u00eb e m\u00eb t\u00eb forta. Dit\u00ebt e k\u00ebsaj klike jan\u00eb gjithnj\u00eb e m\u00eb t\u00eb shkurtra.<\/p>\n<p>Kjo klik\u00eb e Edi Ram\u00ebs prodhoi 11 majin. 11 maji \u00ebsht\u00eb gjeneza e k\u00ebsaj qeverisjeje q\u00eb sot po tregon n\u00eb syt\u00eb e gjith\u00eb bot\u00ebs si po i\u00a0grabit shqiptar\u00ebt jo me pak por qindra miliona.<\/p>\n<p>Tumori i korrupsionit t\u00eb Edi Ram\u00ebs nuk ka m\u00eb nevoj\u00eb as p\u00ebr skaner as radiografi. E shohin t\u00eb gjith\u00eb me sy si po kalb\u00ebzon kjo qeverisje.<\/p>\n<p>E ka kap\u00ebrcyer edhe korrupsionin si nivel. I rrin\u00eb ngusht\u00eb nenet e Kodit Penal, Ram\u00ebs dhe Belinda Ballukut e eskort\u00ebs q\u00eb vjen nga pas. K\u00ebta kan\u00eb hequr kapu\u00e7in e po i\u00a0vjedhin sy m\u00eb sy shqiptar\u00ebt.<\/p>\n<p>SPAk ka hyr\u00eb n\u00eb loj\u00ebn e Ram\u00ebs p\u00ebr t\u00eb ruajtur Belinda Ballukun\u201d, tha Bylykbashi.<\/p>\n","protected":false},"excerpt":{"rendered":"<p>Deputeti i PD, Oerd Bylykbashi n\u00eb fjalimin e tij n\u00eb foltoren e vendosur para selis\u00eb s\u00eb kryeministris\u00eb tha se tashm\u00eb qeveria po vjedh dit\u00ebn me diell shqiptar\u00ebt nd\u00ebrsa akuzoi SPAK se ka hyr\u00eb n\u00eb loj\u00ebn e Ram\u00ebs p\u00ebr t\u00eb ruajtur Belinda Ballukun \u201cMesazhet q\u00eb po vijn\u00eb p\u00ebr k\u00ebt\u00eb klik\u00eb jan\u00eb gjithnj\u00eb e m\u00eb t\u00eb forta. &hellip;<\/p>\n","protected":false},"author":4,"featured_media":129336,"comment_status":"closed","ping_status":"closed","sticky":false,"template":"","format":"standard","meta":{"footnotes":""},"categories":[37],"tags":[],"class_list":["post-129313","post","type-post","status-publish","format-standard","has-post-thumbnail","","category-politike"],"_links":{"self":[{"href":"https:\/\/rdnews.al\/index.php\/wp-json\/wp\/v2\/posts\/129313","targetHints":{"allow":["GET"]}}],"collection":[{"href":"https:\/\/rdnews.al\/index.php\/wp-json\/wp\/v2\/posts"}],"about":[{"href":"https:\/\/rdnews.al\/index.php\/wp-json\/wp\/v2\/types\/post"}],"author":[{"embeddable":true,"href":"https:\/\/rdnews.al\/index.php\/wp-json\/wp\/v2\/users\/4"}],"replies":[{"embeddable":true,"href":"https:\/\/rdnews.al\/index.php\/wp-json\/wp\/v2\/comments?post=129313"}],"version-history":[{"count":1,"href":"https:\/\/rdnews.al\/index.php\/wp-json\/wp\/v2\/posts\/129313\/revisions"}],"predecessor-version":[{"id":129315,"href":"https:\/\/rdnews.al\/index.php\/wp-json\/wp\/v2\/posts\/129313\/revisions\/129315"}],"wp:featuredmedia":[{"embeddable":true,"href":"https:\/\/rdnews.al\/index.php\/wp-json\/wp\/v2\/media\/129336"}],"wp:attachment":[{"href":"https:\/\/rdnews.al\/index.php\/wp-json\/wp\/v2\/media?parent=129313"}],"wp:term":[{"taxonomy":"category","embeddable":true,"href":"https:\/\/rdnews.al\/index.php\/wp-json\/wp\/v2\/categories?post=129313"},{"taxonomy":"post_tag","embeddable":true,"href":"https:\/\/rdnews.al\/index.php\/wp-json\/wp\/v2\/tags?post=129313"}],"curies":[{"name":"wp","href":"https:\/\/api.w.org\/{rel}","templated":true}]}}