{"id":129318,"date":"2025-11-24T18:12:14","date_gmt":"2025-11-24T18:12:14","guid":{"rendered":"https:\/\/rdnews.al\/?p=129318"},"modified":"2025-11-24T18:58:41","modified_gmt":"2025-11-24T18:58:41","slug":"ky-pushtet-eshte-ne-cep-te-gremines-eshte-momenti-ti-japim-shtytjen-e-fundit","status":"publish","type":"post","link":"https:\/\/rdnews.al\/index.php\/2025\/11\/24\/ky-pushtet-eshte-ne-cep-te-gremines-eshte-momenti-ti-japim-shtytjen-e-fundit\/","title":{"rendered":"Ky pushtet \u00ebsht\u00eb n\u00eb cep t\u00eb gremin\u00ebs, \u00ebsht\u00eb momenti t\u2019i japim shtytjen e fundit!"},"content":{"rendered":"<p>Opozita shqiptare po organizon Foltoren e dyt\u00eb, k\u00ebsaj here p\u00ebrpara kryeministris\u00eb duke k\u00ebrkuar dor\u00ebheqjen e Edi Ram\u00ebs dhe Belinda Ballukut.<\/p>\n<p>Foltorja parlamentaro-qytetare ka b\u00ebr\u00eb bashk\u00eb dhe an\u00ebtar\u00eb t\u00eb opozit\u00ebs.\u00a0Anisa Ibraj, Sekretarja p\u00ebr Rinin\u00eb n\u00eb Partin\u00eb e Liris\u00eb tha se, sot jemi k\u00ebtu sepse Shqip\u00ebria nuk \u00ebsht\u00eb e vjedh\u00ebsve, e t\u00eb paprekshm\u00ebve, e atyre q\u00eb e shohin Shqip\u00ebrin\u00eb si pron\u00eb personale.<\/p>\n<p>Ky vend \u00ebsht\u00eb i yni. Dhe vet\u00ebm ne t\u00eb bashkuar mund ta ndryshojm\u00eb rrjedh\u00ebn e historis\u00eb.<\/p>\n<p><strong>Fjala e Anisa Ibrajt<\/strong><\/p>\n<p>&#8220;Mesa duket tuneli i Llogaras\u00eb nuk paska pasur drit\u00eb n\u00eb fund t\u00eb tij, por hekura. P\u00ebr \u201cBelen e pushtetin e kapur\u201d q\u00eb prej 12 vitesh po na shet zhvillim nd\u00ebrsa realiteti \u00ebsht\u00eb thjesht vjedhje.<\/p>\n<p>Zv.kryeministrja e Shqip\u00ebris\u00eb \u00ebsht\u00eb pezulluar nga detyra e saj, nga SPAK p\u00ebr korrupsion, dhe kjo \u00ebsht\u00eb vet\u00ebm maja e ajsbergut t\u00eb nj\u00eb sistemi t\u00eb kalbur.<\/p>\n<p>Nd\u00ebrkoh\u00eb q\u00eb numri dy i qeveris\u00eb mblidhte miliona, shqiptar\u00ebt jetojn\u00eb n\u00eb varf\u00ebri t\u00eb thell\u00eb.<\/p>\n<p>Nd\u00ebrkoh\u00eb q\u00eb ajo nuk ngopej me para, prind\u00ebrit tan\u00eb ik\u00ebn t\u00eb lodhur, t\u00eb zhg\u00ebnjyer, duke kaluar kufijt\u00eb p\u00ebr t\u00eb na siguruar ne nj\u00eb shans t\u00eb vog\u00ebl p\u00ebr t\u00eb ardhmen.<\/p>\n<p>Nd\u00ebrkoh\u00eb q\u00eb qeveria vjedh miliona nga incenerator\u00eb inekzistent\u00eb, spitalet tona nuk kan\u00eb ila\u00e7e, onkologjiku pret mrekullin\u00eb dhe jo mb\u00ebshtetjen e shtetit. Sa familjar\u00eb humb\u00ebn t\u00eb dashurit e tyre nga k\u00ebta hajdut\u00eb q\u00eb nuk u ngop\u00ebn kurr\u00eb.<\/p>\n<p>Dhe nd\u00ebrkoh\u00eb q\u00eb Bela me shok\u00eb k\u00ebrcenin n\u00ebp\u00ebr fam\u00ebn e tallavas\u00eb s\u00eb korrupsionit, t\u00eb rinjt\u00eb tan\u00eb m\u00eb t\u00eb talentuar u detyruan t\u00eb largoheshin, sepse \u00ebndrrat e tyre ua vodh\u00ebn k\u00ebta.<\/p>\n<p>Ne jemi sot k\u00ebtu p\u00ebr bashk\u00ebmoshatar\u00ebt tan\u00eb q\u00eb rrezikuan jet\u00ebn me gomone, q\u00eb u nis\u00ebn n\u00eb err\u00ebsir\u00eb me shpres\u00eb dhe shum\u00eb prej tyre nuk u kthyen m\u00eb.<\/p>\n<p>Jemi k\u00ebtu p\u00ebr ata q\u00eb u fut\u00ebn n\u00eb burg p\u00ebr nj\u00eb gardh pa leje, p\u00ebr ata q\u00eb u fut\u00ebn n\u00eb burg p\u00ebr dy-tre fatura dritash pa paguar, jemi k\u00ebtu p\u00ebr ata q\u00eb u premtuan falje n\u00eb 2013 por nuk zgjati shum\u00eb e kthyen Shqip\u00ebrin\u00eb n\u00eb ferr.<\/p>\n<p>Jemi k\u00ebtu p\u00ebr gjysh\u00ebrit tan\u00eb, brezin q\u00eb nd\u00ebrtoi k\u00ebt\u00eb vend me mund, me djers\u00eb dhe sakrific\u00eb, por sot trajtohet me pensione qesharake, sikur kontributi i tyre t\u00eb mos kishte vler\u00eb.<\/p>\n<p>Jemi k\u00ebtu p\u00ebr prind\u00ebrit tan\u00eb q\u00eb lan\u00eb sht\u00ebpin\u00eb me dhimbje, me kok\u00ebn kthyer pas dhe me zemr\u00ebn e thyer, duke u larguar vet\u00ebm e vet\u00ebm q\u00eb ne t\u00eb mos na mungoj\u00eb asgj\u00eb.<\/p>\n<p>Jemi k\u00ebtu p\u00ebr sistemin arsimor t\u00eb d\u00ebshtuar ku renditemi t\u00eb fundit n\u00eb rajon, me 60% t\u00eb rinis\u00eb analfabet. Tregon qart\u00eb dhe n\u00eb radh\u00ebt e Partis\u00eb Socialiste ky sondazh.<\/p>\n<p>Jemi k\u00ebtu dhe p\u00ebr Martinin e sa t\u00eb tjer\u00eb si ai, q\u00eb nuk i mbrojti askush e fajtor \u00ebsht\u00eb ky sistem hajdut\u00ebsh.<\/p>\n<p>Jemi k\u00ebtu p\u00ebr familjen q\u00eb e kemi t\u00eb shenjt\u00eb e duan t\u00eb na e prekin me ligje q\u00eb dalin kund\u00ebr traditave tona.<\/p>\n<p>Tani ose \u00e7ohemi, ose humbasim gjith\u00e7ka.<\/p>\n<p>Ky pushtet \u00ebsht\u00eb n\u00eb cep t\u00eb gremin\u00ebs, dhe sot \u00ebsht\u00eb momenti t\u2019i japim shtytjen e fundit.<\/p>\n<p>P\u00ebr nj\u00eb vend ku nuk duhet t\u00eb ik\u00ebsh sa m\u00eb shpejt t\u00eb jet\u00eb e mundur.<\/p>\n<p>P\u00ebr nj\u00eb Shqip\u00ebri me mund\u00ebsi e t\u00eb ardhme t\u00eb sigurt.<\/p>\n<p>Sot jemi k\u00ebtu sepse Shqip\u00ebria nuk \u00ebsht\u00eb e vjedh\u00ebsve, e t\u00eb paprekshm\u00ebve, e atyre q\u00eb e shohin Shqip\u00ebrin\u00eb si pron\u00eb personale.<\/p>\n<p>Ky vend \u00ebsht\u00eb i yni. Dhe vet\u00ebm ne t\u00eb bashkuar mund ta ndryshojm\u00eb rrjedh\u00ebn e historis\u00eb.<\/p>\n<p>Sot flasim, sot ngrihemi dhe sot tregojm\u00eb se Shqip\u00ebria ka ende zem\u00ebr dhe gjak shqiptar q\u00eb nuk pranon t\u00eb n\u00ebp\u00ebrk\u00ebmbet nga k\u00ebta q\u00eb dit\u00ebt i kan\u00eb t\u00eb num\u00ebruara.<\/p>\n","protected":false},"excerpt":{"rendered":"<p>Opozita shqiptare po organizon Foltoren e dyt\u00eb, k\u00ebsaj here p\u00ebrpara kryeministris\u00eb duke k\u00ebrkuar dor\u00ebheqjen e Edi Ram\u00ebs dhe Belinda Ballukut. Foltorja parlamentaro-qytetare ka b\u00ebr\u00eb bashk\u00eb dhe an\u00ebtar\u00eb t\u00eb opozit\u00ebs.\u00a0Anisa Ibraj, Sekretarja p\u00ebr Rinin\u00eb n\u00eb Partin\u00eb e Liris\u00eb tha se, sot jemi k\u00ebtu sepse Shqip\u00ebria nuk \u00ebsht\u00eb e vjedh\u00ebsve, e t\u00eb paprekshm\u00ebve, e atyre q\u00eb e &hellip;<\/p>\n","protected":false},"author":4,"featured_media":129337,"comment_status":"closed","ping_status":"closed","sticky":false,"template":"","format":"standard","meta":{"footnotes":""},"categories":[37],"tags":[],"class_list":["post-129318","post","type-post","status-publish","format-standard","has-post-thumbnail","","category-politike"],"_links":{"self":[{"href":"https:\/\/rdnews.al\/index.php\/wp-json\/wp\/v2\/posts\/129318","targetHints":{"allow":["GET"]}}],"collection":[{"href":"https:\/\/rdnews.al\/index.php\/wp-json\/wp\/v2\/posts"}],"about":[{"href":"https:\/\/rdnews.al\/index.php\/wp-json\/wp\/v2\/types\/post"}],"author":[{"embeddable":true,"href":"https:\/\/rdnews.al\/index.php\/wp-json\/wp\/v2\/users\/4"}],"replies":[{"embeddable":true,"href":"https:\/\/rdnews.al\/index.php\/wp-json\/wp\/v2\/comments?post=129318"}],"version-history":[{"count":1,"href":"https:\/\/rdnews.al\/index.php\/wp-json\/wp\/v2\/posts\/129318\/revisions"}],"predecessor-version":[{"id":129320,"href":"https:\/\/rdnews.al\/index.php\/wp-json\/wp\/v2\/posts\/129318\/revisions\/129320"}],"wp:featuredmedia":[{"embeddable":true,"href":"https:\/\/rdnews.al\/index.php\/wp-json\/wp\/v2\/media\/129337"}],"wp:attachment":[{"href":"https:\/\/rdnews.al\/index.php\/wp-json\/wp\/v2\/media?parent=129318"}],"wp:term":[{"taxonomy":"category","embeddable":true,"href":"https:\/\/rdnews.al\/index.php\/wp-json\/wp\/v2\/categories?post=129318"},{"taxonomy":"post_tag","embeddable":true,"href":"https:\/\/rdnews.al\/index.php\/wp-json\/wp\/v2\/tags?post=129318"}],"curies":[{"name":"wp","href":"https:\/\/api.w.org\/{rel}","templated":true}]}}