{"id":129321,"date":"2025-11-24T18:19:10","date_gmt":"2025-11-24T18:19:10","guid":{"rendered":"https:\/\/rdnews.al\/?p=129321"},"modified":"2025-11-24T18:19:10","modified_gmt":"2025-11-24T18:19:10","slug":"berisha-vij-sot-nga-brazili-per-tu-garantuar-se-kemi-miq-me-shume-se-kurre","status":"publish","type":"post","link":"https:\/\/rdnews.al\/index.php\/2025\/11\/24\/berisha-vij-sot-nga-brazili-per-tu-garantuar-se-kemi-miq-me-shume-se-kurre\/","title":{"rendered":"Berisha: Vij sot nga Brazili p\u00ebr t\u2019u garantuar se kemi miq m\u00eb shum\u00eb se kurr\u00eb!"},"content":{"rendered":"<p>Kryetari i PD, Sali Berisha duke folur n\u00eb Foltoren-Kuvendi qytetar dhe deputet\u00ebve tha se, pas rikthimit nga Samiti i Internacionales Demokrati t\u00eb Qendr\u00ebs n\u00eb Sao Paulo t\u00eb Brazilit, se opozita shqiptare g\u00ebzon sot m\u00eb shum\u00eb mb\u00ebshtetje nd\u00ebrkomb\u00ebtare se kurr\u00eb m\u00eb par\u00eb.<\/p>\n<p>Berisha u shpreh se, zgjedhja e tij n\u00eb postin e lart\u00eb t\u00eb n\u00ebnkryetarit t\u00eb k\u00ebsaj organizate globale \u00ebsht\u00eb nj\u00eb nderim q\u00eb i atribuohet sakrificave dhe q\u00ebndres\u00ebs s\u00eb demokrat\u00ebve shqiptar\u00eb, t\u00eb cil\u00ebt vijojn\u00eb betej\u00ebn kund\u00ebr qeveris\u00eb m\u00eb antishqiptare dhe m\u00eb hajdute n\u00eb historin\u00eb e vendit.<\/p>\n<p>\u201cNj\u00eb p\u00ebrsh\u00ebndetje shum\u00eb t\u00eb p\u00ebrzem\u00ebrt ju, t\u00eb dashur demokrate e demokrat\u00eb, opozitare e opozitar\u00eb q\u00eb jeni sot k\u00ebtu t\u00eb pranish\u00ebm n\u00eb k\u00ebt\u00eb foltore.<\/p>\n<p>Nj\u00eb p\u00ebrsh\u00ebndetje t\u00eb p\u00ebrzem\u00ebrt t\u00eb gjith\u00eb opozitar\u00ebve kudo q\u00eb jan\u00eb, t\u00eb gjith\u00eb shqiptar\u00ebve t\u00eb cil\u00ebt me zem\u00ebr dhe me shpirt d\u00ebnojn\u00eb pa rezerva k\u00ebt\u00eb qeveri, e cila do shkruhet n\u00eb muret e koh\u00ebrave si qeveria m\u00eb antishqiptare, m\u00eb hajdute q\u00eb ka njohur ndonj\u00ebher\u00eb kombi shqiptar.<\/p>\n<p>Un\u00eb u sjell k\u00ebtu ju p\u00ebrsh\u00ebndetje t\u00eb p\u00ebrzem\u00ebrta nga udh\u00ebheqja e internacionales s\u00eb qendr\u00ebs demokrate, p\u00ebrfaq\u00ebsues t\u00eb 115 partive t\u00eb qendr\u00ebs s\u00eb djatht\u00eb n\u00eb t\u00eb kat\u00ebr kontinentet.<\/p>\n<p>Vij sot nga Brazili, nga San Paolo, p\u00ebr t\u2019u garantuar ju se kemi miq m\u00eb shum\u00eb se kurr\u00eb.<\/p>\n<p>Se ju, demokrate e demokrat\u00eb, opozitare e opozitar\u00eb shqiptar\u00eb, n\u00eb betej\u00ebn me t\u00eb keqen q\u00eb p\u00ebrballemi, nuk jemi vet\u00ebm, por jemi me mb\u00ebshtetje t\u00eb madhe dhe t\u00eb fuqishme nga njer\u00ebzit e lir\u00eb, nga njer\u00ebzit q\u00eb duan lirin\u00eb dhe t\u00eb v\u00ebrtet\u00ebn n\u00eb mbar\u00eb bot\u00ebn.<\/p>\n<p>Me k\u00ebt\u00eb rast un\u00eb dua t\u00eb shpreh mir\u00ebnjohjen m\u00eb t\u00eb thell\u00eb t\u00eb gjith\u00eb juve k\u00ebtu.<\/p>\n<p>Ai nderim q\u00eb m\u00eb b\u00ebri internacionalja demokrate e qendr\u00ebs, duke m\u00eb zgjedhur n\u00eb postin e lart\u00eb t\u00eb z\u00ebvend\u00ebspresidentit t\u00eb saj \u00ebsht\u00eb nderim p\u00ebr sakrificat tuaja, \u00ebsht\u00eb nderim p\u00ebr q\u00ebndres\u00ebn tuaj, \u00ebsht\u00eb nderim p\u00ebr guximin tuaj, \u00ebsht\u00eb nderim p\u00ebr mbrojtjen q\u00eb u keni b\u00ebr\u00eb vlerave t\u00eb liris\u00eb, t\u00eb demokracis\u00eb, t\u00eb familjes, vlerave t\u00eb p\u00ebrbashk\u00ebta p\u00ebr mbar\u00eb njer\u00ebzit e lir\u00eb n\u00eb bot\u00eb\u201d, tha Berisha.<\/p>\n","protected":false},"excerpt":{"rendered":"<p>Kryetari i PD, Sali Berisha duke folur n\u00eb Foltoren-Kuvendi qytetar dhe deputet\u00ebve tha se, pas rikthimit nga Samiti i Internacionales Demokrati t\u00eb Qendr\u00ebs n\u00eb Sao Paulo t\u00eb Brazilit, se opozita shqiptare g\u00ebzon sot m\u00eb shum\u00eb mb\u00ebshtetje nd\u00ebrkomb\u00ebtare se kurr\u00eb m\u00eb par\u00eb. Berisha u shpreh se, zgjedhja e tij n\u00eb postin e lart\u00eb t\u00eb n\u00ebnkryetarit t\u00eb &hellip;<\/p>\n","protected":false},"author":4,"featured_media":129322,"comment_status":"closed","ping_status":"closed","sticky":false,"template":"","format":"standard","meta":{"footnotes":""},"categories":[37],"tags":[],"class_list":["post-129321","post","type-post","status-publish","format-standard","has-post-thumbnail","","category-politike"],"_links":{"self":[{"href":"https:\/\/rdnews.al\/index.php\/wp-json\/wp\/v2\/posts\/129321","targetHints":{"allow":["GET"]}}],"collection":[{"href":"https:\/\/rdnews.al\/index.php\/wp-json\/wp\/v2\/posts"}],"about":[{"href":"https:\/\/rdnews.al\/index.php\/wp-json\/wp\/v2\/types\/post"}],"author":[{"embeddable":true,"href":"https:\/\/rdnews.al\/index.php\/wp-json\/wp\/v2\/users\/4"}],"replies":[{"embeddable":true,"href":"https:\/\/rdnews.al\/index.php\/wp-json\/wp\/v2\/comments?post=129321"}],"version-history":[{"count":1,"href":"https:\/\/rdnews.al\/index.php\/wp-json\/wp\/v2\/posts\/129321\/revisions"}],"predecessor-version":[{"id":129323,"href":"https:\/\/rdnews.al\/index.php\/wp-json\/wp\/v2\/posts\/129321\/revisions\/129323"}],"wp:featuredmedia":[{"embeddable":true,"href":"https:\/\/rdnews.al\/index.php\/wp-json\/wp\/v2\/media\/129322"}],"wp:attachment":[{"href":"https:\/\/rdnews.al\/index.php\/wp-json\/wp\/v2\/media?parent=129321"}],"wp:term":[{"taxonomy":"category","embeddable":true,"href":"https:\/\/rdnews.al\/index.php\/wp-json\/wp\/v2\/categories?post=129321"},{"taxonomy":"post_tag","embeddable":true,"href":"https:\/\/rdnews.al\/index.php\/wp-json\/wp\/v2\/tags?post=129321"}],"curies":[{"name":"wp","href":"https:\/\/api.w.org\/{rel}","templated":true}]}}