{"id":129551,"date":"2025-11-26T18:23:15","date_gmt":"2025-11-26T18:23:15","guid":{"rendered":"https:\/\/rdnews.al\/?p=129551"},"modified":"2025-11-26T18:23:39","modified_gmt":"2025-11-26T18:23:39","slug":"129551","status":"publish","type":"post","link":"https:\/\/rdnews.al\/index.php\/2025\/11\/26\/129551\/","title":{"rendered":"P\u00ebrmbytjet n\u00eb Lezh\u00eb, Gjekmarkaj: Pasoj\u00eb e d\u00ebshtimit t\u00eb qeverisjes dhe abuzimeve!"},"content":{"rendered":"<p>N\u00ebnkryetari i PD, Agron Gjekmarkaj, akuzon qeverin\u00eb se p\u00ebrmbytjet n\u00eb Zejmen, Barbulloj\u00eb dhe Bregun e Mat\u00ebs nuk jan\u00eb thjesht pasoj\u00eb e motit, por rezultat i d\u00ebshtimit qeveris\u00ebs dhe abuzimeve t\u00eb vazhdueshme.<\/p>\n<p>N\u00eb nj\u00eb reagim t\u00eb publikuar n\u00eb rrjetet sociale, Gjekmarkaj shkrun se mij\u00ebra hektar\u00eb tok\u00eb po q\u00ebndrojn\u00eb n\u00ebn uj\u00eb prej dit\u00ebsh, nd\u00ebrsa institucionet mjaftohen me deklarata, pa ofruar zgjidhje reale.<\/p>\n<p><strong>Postimi<\/strong><\/p>\n<p>P\u00ebrmbytjet n\u00eb Zejmen, Barbulloj\u00eb dhe Bregun e Mat\u00ebs nuk jan\u00eb thjesht nj\u00eb fatkeq\u00ebsi natyrore, por pasoj\u00eb direkte e d\u00ebshtimit qeverisjes dhe abuzimeve. Prej dit\u00ebsh, mij\u00ebra hektar\u00eb tok\u00eb bujq\u00ebsore jan\u00eb n\u00ebn uj\u00eb, nd\u00ebrsa kulturat bujq\u00ebsore po shkat\u00ebrrohen dhe fermer\u00ebt po p\u00ebrballen me humbje t\u00eb m\u00ebdha. Megjithat\u00eb, nga institucionet shohim vet\u00ebm deklarata jo zgjidhje reale.<\/p>\n<p>N\u00eb Zejmen, ku p\u00ebrmbytjet p\u00ebrs\u00ebriten \u00e7do vit, kanalet kulluese nuk jan\u00eb hapur dhe sistemi i kullimit \u00ebsht\u00eb l\u00ebn\u00eb n\u00eb degradim t\u00eb plot\u00eb. E nj\u00ebjta pamje gjendet n\u00eb t\u00eb gjith\u00eb fush\u00ebn e Lezh\u00ebs, ku mungesa e investimeve dhe neglizhenca kan\u00eb prodhuar nj\u00eb kriz\u00eb t\u00eb parashikueshme p\u00ebr t\u00eb cil\u00ebn nuk u mor asnj\u00eb mas\u00eb.<\/p>\n","protected":false},"excerpt":{"rendered":"<p>N\u00ebnkryetari i PD, Agron Gjekmarkaj, akuzon qeverin\u00eb se p\u00ebrmbytjet n\u00eb Zejmen, Barbulloj\u00eb dhe Bregun e Mat\u00ebs nuk jan\u00eb thjesht pasoj\u00eb e motit, por rezultat i d\u00ebshtimit qeveris\u00ebs dhe abuzimeve t\u00eb vazhdueshme. N\u00eb nj\u00eb reagim t\u00eb publikuar n\u00eb rrjetet sociale, Gjekmarkaj shkrun se mij\u00ebra hektar\u00eb tok\u00eb po q\u00ebndrojn\u00eb n\u00ebn uj\u00eb prej dit\u00ebsh, nd\u00ebrsa institucionet mjaftohen me &hellip;<\/p>\n","protected":false},"author":4,"featured_media":129552,"comment_status":"closed","ping_status":"closed","sticky":false,"template":"","format":"standard","meta":{"footnotes":""},"categories":[37],"tags":[],"class_list":["post-129551","post","type-post","status-publish","format-standard","has-post-thumbnail","","category-politike"],"_links":{"self":[{"href":"https:\/\/rdnews.al\/index.php\/wp-json\/wp\/v2\/posts\/129551","targetHints":{"allow":["GET"]}}],"collection":[{"href":"https:\/\/rdnews.al\/index.php\/wp-json\/wp\/v2\/posts"}],"about":[{"href":"https:\/\/rdnews.al\/index.php\/wp-json\/wp\/v2\/types\/post"}],"author":[{"embeddable":true,"href":"https:\/\/rdnews.al\/index.php\/wp-json\/wp\/v2\/users\/4"}],"replies":[{"embeddable":true,"href":"https:\/\/rdnews.al\/index.php\/wp-json\/wp\/v2\/comments?post=129551"}],"version-history":[{"count":2,"href":"https:\/\/rdnews.al\/index.php\/wp-json\/wp\/v2\/posts\/129551\/revisions"}],"predecessor-version":[{"id":129554,"href":"https:\/\/rdnews.al\/index.php\/wp-json\/wp\/v2\/posts\/129551\/revisions\/129554"}],"wp:featuredmedia":[{"embeddable":true,"href":"https:\/\/rdnews.al\/index.php\/wp-json\/wp\/v2\/media\/129552"}],"wp:attachment":[{"href":"https:\/\/rdnews.al\/index.php\/wp-json\/wp\/v2\/media?parent=129551"}],"wp:term":[{"taxonomy":"category","embeddable":true,"href":"https:\/\/rdnews.al\/index.php\/wp-json\/wp\/v2\/categories?post=129551"},{"taxonomy":"post_tag","embeddable":true,"href":"https:\/\/rdnews.al\/index.php\/wp-json\/wp\/v2\/tags?post=129551"}],"curies":[{"name":"wp","href":"https:\/\/api.w.org\/{rel}","templated":true}]}}