{"id":129632,"date":"2025-11-27T17:45:54","date_gmt":"2025-11-27T17:45:54","guid":{"rendered":"https:\/\/rdnews.al\/?p=129632"},"modified":"2025-11-27T17:45:54","modified_gmt":"2025-11-27T17:45:54","slug":"minatoret-e-spacit-fitojne-te-drejtat-e-tyre-fale-ndermjetesimit-te-kryebashkiakut-melyshi","status":"publish","type":"post","link":"https:\/\/rdnews.al\/index.php\/2025\/11\/27\/minatoret-e-spacit-fitojne-te-drejtat-e-tyre-fale-ndermjetesimit-te-kryebashkiakut-melyshi\/","title":{"rendered":"Minator\u00ebt e Spa\u00e7it fitojn\u00eb t\u00eb drejtat e tyre fal\u00eb nd\u00ebrmjet\u00ebsimit t\u00eb kryebashkiakut M\u00eblyshi"},"content":{"rendered":"<p>Minator\u00ebt e Spa\u00e7it n\u00eb Mirdit\u00eb kan\u00eb mbyllur protestwn pas rreth dy muajsh p\u00ebr paga m\u00eb t\u00eb larta dhe kushte m\u00eb t\u00eb mira pune.<\/p>\n<p>P\u00ebrmes nj\u00eb tubimi t\u00eb zhvilluar n\u00eb hyrje t\u00eb rrug\u00ebs s\u00eb Spa\u00e7it, ata njoftuan se tashm\u00eb do t\u2019i hapin rrug\u00eb ndjekjes s\u00eb \u00e7\u00ebshtjes s\u00eb tyre n\u00eb m\u00ebnyr\u00eb ligjore.<\/p>\n<p>Organizator\u00ebt u shpreh\u00ebn t\u00eb vendosur se do ta vijojn\u00eb betej\u00ebn deri n\u00eb plot\u00ebsimin e t\u00eb gjitha 10 k\u00ebrkesave q\u00eb i jan\u00eb dor\u00ebzuar kompanis\u00eb turke \u201cTete Albania\u201d.<\/p>\n<p>Tubimi u mb\u00ebshtet edhe nga deputet\u00eb t\u00eb Partis\u00eb Demokratike dhe kryebashkiaku i Mirdit\u00ebs, Albert Melyshi, t\u00eb cil\u00ebt garantuan mb\u00ebshtetje t\u00eb plot\u00eb deri n\u00eb zgjidhjen e problemeve t\u00eb minator\u00ebve.<\/p>\n<p>Pas mbylljes zyrtare t\u00eb grev\u00ebs, nj\u00eb p\u00ebrfaq\u00ebsi e minator\u00ebve, e nd\u00ebrmjet\u00ebsuar nga kryetari i Bashkis\u00eb Mirdit\u00eb, Albert Melyshi, dhe deputeti Gjin Gjoni, kane nisur negociatat me kompanin\u00eb \u201cTete Albania\u201d p\u00ebr rikthimin n\u00eb pun\u00eb t\u00eb minator\u00ebve dhe m\u00eb pas p\u00ebr plot\u00ebsimin e k\u00ebrkesave t\u00eb tyre.<\/p>\n<p><img decoding=\"async\" src=\"https:\/\/www.syri.net\/uploads\/syri.net\/images\/2025\/November\/27\/auto_getthumbnail_31764249379.jpg\" alt=\"Image\" \/><\/p>\n<p><img decoding=\"async\" src=\"https:\/\/www.syri.net\/uploads\/syri.net\/images\/2025\/November\/27\/auto_getthumbnail_11764249383.jpg\" alt=\"Image\" \/><\/p>\n<p><img decoding=\"async\" src=\"https:\/\/www.syri.net\/uploads\/syri.net\/images\/2025\/November\/27\/auto_getthumbnail_41764249381.jpg\" alt=\"Image\" \/><\/p>\n<p><img decoding=\"async\" src=\"https:\/\/www.syri.net\/uploads\/syri.net\/images\/2025\/November\/27\/auto_getthumbnail1764249388.jpg\" alt=\"Image\" \/><\/p>\n<p><img decoding=\"async\" src=\"https:\/\/www.syri.net\/uploads\/syri.net\/images\/2025\/November\/27\/auto_getthumbnail_21764249386.jpg\" alt=\"Image\" \/><\/p>\n","protected":false},"excerpt":{"rendered":"<p>Minator\u00ebt e Spa\u00e7it n\u00eb Mirdit\u00eb kan\u00eb mbyllur protestwn pas rreth dy muajsh p\u00ebr paga m\u00eb t\u00eb larta dhe kushte m\u00eb t\u00eb mira pune. P\u00ebrmes nj\u00eb tubimi t\u00eb zhvilluar n\u00eb hyrje t\u00eb rrug\u00ebs s\u00eb Spa\u00e7it, ata njoftuan se tashm\u00eb do t\u2019i hapin rrug\u00eb ndjekjes s\u00eb \u00e7\u00ebshtjes s\u00eb tyre n\u00eb m\u00ebnyr\u00eb ligjore. Organizator\u00ebt u shpreh\u00ebn t\u00eb vendosur &hellip;<\/p>\n","protected":false},"author":4,"featured_media":129633,"comment_status":"closed","ping_status":"closed","sticky":false,"template":"","format":"standard","meta":{"footnotes":""},"categories":[37],"tags":[],"class_list":["post-129632","post","type-post","status-publish","format-standard","has-post-thumbnail","","category-politike"],"_links":{"self":[{"href":"https:\/\/rdnews.al\/index.php\/wp-json\/wp\/v2\/posts\/129632","targetHints":{"allow":["GET"]}}],"collection":[{"href":"https:\/\/rdnews.al\/index.php\/wp-json\/wp\/v2\/posts"}],"about":[{"href":"https:\/\/rdnews.al\/index.php\/wp-json\/wp\/v2\/types\/post"}],"author":[{"embeddable":true,"href":"https:\/\/rdnews.al\/index.php\/wp-json\/wp\/v2\/users\/4"}],"replies":[{"embeddable":true,"href":"https:\/\/rdnews.al\/index.php\/wp-json\/wp\/v2\/comments?post=129632"}],"version-history":[{"count":1,"href":"https:\/\/rdnews.al\/index.php\/wp-json\/wp\/v2\/posts\/129632\/revisions"}],"predecessor-version":[{"id":129634,"href":"https:\/\/rdnews.al\/index.php\/wp-json\/wp\/v2\/posts\/129632\/revisions\/129634"}],"wp:featuredmedia":[{"embeddable":true,"href":"https:\/\/rdnews.al\/index.php\/wp-json\/wp\/v2\/media\/129633"}],"wp:attachment":[{"href":"https:\/\/rdnews.al\/index.php\/wp-json\/wp\/v2\/media?parent=129632"}],"wp:term":[{"taxonomy":"category","embeddable":true,"href":"https:\/\/rdnews.al\/index.php\/wp-json\/wp\/v2\/categories?post=129632"},{"taxonomy":"post_tag","embeddable":true,"href":"https:\/\/rdnews.al\/index.php\/wp-json\/wp\/v2\/tags?post=129632"}],"curies":[{"name":"wp","href":"https:\/\/api.w.org\/{rel}","templated":true}]}}