{"id":129639,"date":"2025-11-27T18:15:23","date_gmt":"2025-11-27T18:15:23","guid":{"rendered":"https:\/\/rdnews.al\/?p=129639"},"modified":"2025-11-27T18:15:23","modified_gmt":"2025-11-27T18:15:23","slug":"permbytjet-ne-lezhe-gjekmarkaj-banoret-levizin-me-gomone-duhet-reagim-urgjent-jo-spektakel-politik","status":"publish","type":"post","link":"https:\/\/rdnews.al\/index.php\/2025\/11\/27\/permbytjet-ne-lezhe-gjekmarkaj-banoret-levizin-me-gomone-duhet-reagim-urgjent-jo-spektakel-politik\/","title":{"rendered":"P\u00ebrmbytjet n\u00eb Lezh\u00eb, Gjekmarkaj: Banor\u00ebt l\u00ebvizin me gomone, duhet reagim urgjent, jo spektak\u00ebl politik!"},"content":{"rendered":"<p>N\u00ebnkryetari i PD, deputeti Agron Gjekmarkaj ka b\u00ebr\u00eb thirrje p\u00ebr nj\u00eb reagim t\u00eb shpejt\u00eb, lidhur me situat\u00ebn e p\u00ebrmbytjeve n\u00eb Lezh\u00eb, p\u00ebr shkak t\u00eb p\u00ebrkeq\u00ebsimit nga reshjet e shiut dhe prurjet e ujit.<\/p>\n<p>P\u00ebrmes nj\u00eb statusi n\u00eb rrjetet sociale, Gjekmarkaj, teksa sjell situat\u00ebn e r\u00ebn\u00eb n\u00eb Spiten t\u00eb Lezh\u00ebs, shkruan se mij\u00ebra hektar\u00eb tok\u00eb jan\u00eb ende n\u00ebn uj\u00eb, nd\u00ebrsa banor\u00ebt dhe fermer\u00ebt p\u00ebrballen \u00e7do dit\u00eb me pasojat e munges\u00ebs s\u00eb mbrojtjes dhe planifikimit.<\/p>\n<p>Gjekmarkaj shkruan se, banor\u00ebt e Spitenit po l\u00ebvizin me gomone n\u00eb pronat e tyre, nd\u00ebrsa institucionet shfaqen me dalje mediatike duke mos ofruar asnj\u00eb zgjidhje konkrete.<\/p>\n<p><strong>Reagimi<\/strong><\/p>\n<p>Spiten, Lezh\u00eb<\/p>\n<p>D\u00ebmet nga p\u00ebrmbytjet n\u00eb Lezh\u00eb jan\u00eb masive dhe situata n\u00eb terren k\u00ebrkon reagim urgjent, jo spektak\u00ebl politik. Mij\u00ebra hektar\u00eb tok\u00eb jan\u00eb ende n\u00ebn uj\u00eb, nd\u00ebrsa banor\u00ebt dhe fermer\u00ebt p\u00ebrballen \u00e7do dit\u00eb me pasojat e munges\u00ebs s\u00eb mbrojtjes dhe planifikimit. N\u00eb Spiten, banor\u00ebt po l\u00ebvizin me gomone n\u00eb pronat e tyre dhe po b\u00ebjn\u00eb \u00e7mos p\u00ebr t\u00eb shp\u00ebtuar \u00e7far\u00eb u ka mbetur, nd\u00ebrsa institucionet shfaqen me dalje mediatike q\u00eb nuk u ofrojn\u00eb asnj\u00eb zgjidhje konkrete.<\/p>\n<p>N\u00eb vend t\u00eb masave t\u00eb qarta, koordinimit dhe mb\u00ebshtetjes reale p\u00ebr komunitetin, pushteti duket m\u00eb i interesuar t\u00eb kontrolloj\u00eb narrativ\u00ebn e opozit\u00ebs q\u00eb denoncon v\u00ebshtir\u00ebsit\u00eb e banor\u00ebve, ta sulmoj\u00eb at\u00eb, sesa t\u00eb kontrolloj\u00eb situat\u00ebn. Kjo qasje e shk\u00ebputur nga realiteti vet\u00ebm sa e thellon kriz\u00ebn dhe tregon paaft\u00ebsi p\u00ebr t\u2019u p\u00ebrballur me emergjencat q\u00eb prekin drejtp\u00ebrdrejt jet\u00ebn dhe pun\u00ebn e qytetar\u00ebve.<\/p>\n","protected":false},"excerpt":{"rendered":"<p>N\u00ebnkryetari i PD, deputeti Agron Gjekmarkaj ka b\u00ebr\u00eb thirrje p\u00ebr nj\u00eb reagim t\u00eb shpejt\u00eb, lidhur me situat\u00ebn e p\u00ebrmbytjeve n\u00eb Lezh\u00eb, p\u00ebr shkak t\u00eb p\u00ebrkeq\u00ebsimit nga reshjet e shiut dhe prurjet e ujit. P\u00ebrmes nj\u00eb statusi n\u00eb rrjetet sociale, Gjekmarkaj, teksa sjell situat\u00ebn e r\u00ebn\u00eb n\u00eb Spiten t\u00eb Lezh\u00ebs, shkruan se mij\u00ebra hektar\u00eb tok\u00eb jan\u00eb &hellip;<\/p>\n","protected":false},"author":4,"featured_media":129552,"comment_status":"closed","ping_status":"closed","sticky":false,"template":"","format":"standard","meta":{"footnotes":""},"categories":[37],"tags":[],"class_list":["post-129639","post","type-post","status-publish","format-standard","has-post-thumbnail","","category-politike"],"_links":{"self":[{"href":"https:\/\/rdnews.al\/index.php\/wp-json\/wp\/v2\/posts\/129639","targetHints":{"allow":["GET"]}}],"collection":[{"href":"https:\/\/rdnews.al\/index.php\/wp-json\/wp\/v2\/posts"}],"about":[{"href":"https:\/\/rdnews.al\/index.php\/wp-json\/wp\/v2\/types\/post"}],"author":[{"embeddable":true,"href":"https:\/\/rdnews.al\/index.php\/wp-json\/wp\/v2\/users\/4"}],"replies":[{"embeddable":true,"href":"https:\/\/rdnews.al\/index.php\/wp-json\/wp\/v2\/comments?post=129639"}],"version-history":[{"count":1,"href":"https:\/\/rdnews.al\/index.php\/wp-json\/wp\/v2\/posts\/129639\/revisions"}],"predecessor-version":[{"id":129640,"href":"https:\/\/rdnews.al\/index.php\/wp-json\/wp\/v2\/posts\/129639\/revisions\/129640"}],"wp:featuredmedia":[{"embeddable":true,"href":"https:\/\/rdnews.al\/index.php\/wp-json\/wp\/v2\/media\/129552"}],"wp:attachment":[{"href":"https:\/\/rdnews.al\/index.php\/wp-json\/wp\/v2\/media?parent=129639"}],"wp:term":[{"taxonomy":"category","embeddable":true,"href":"https:\/\/rdnews.al\/index.php\/wp-json\/wp\/v2\/categories?post=129639"},{"taxonomy":"post_tag","embeddable":true,"href":"https:\/\/rdnews.al\/index.php\/wp-json\/wp\/v2\/tags?post=129639"}],"curies":[{"name":"wp","href":"https:\/\/api.w.org\/{rel}","templated":true}]}}