{"id":129641,"date":"2025-11-27T20:10:17","date_gmt":"2025-11-27T20:10:17","guid":{"rendered":"https:\/\/rdnews.al\/?p=129641"},"modified":"2025-11-27T20:10:17","modified_gmt":"2025-11-27T20:10:17","slug":"si-balluku-i-dha-impiant-fotovoltaikesh-kompanise-se-lidhur-me-ceno-klosin","status":"publish","type":"post","link":"https:\/\/rdnews.al\/index.php\/2025\/11\/27\/si-balluku-i-dha-impiant-fotovoltaikesh-kompanise-se-lidhur-me-ceno-klosin\/","title":{"rendered":"Si Balluku i dha impiant fotovoltaik\u00ebsh kompanis\u00eb s\u00eb lidhur me Ceno Klosin"},"content":{"rendered":"<p><strong>EMISIONI VETTING<\/strong><\/p>\n<p>M\u00eb 24 maj 2023, mbi tavolin\u00ebn e Ministres s\u00eb pezulluar t\u00eb Infrastruktur\u00ebs dhe Energjis\u00eb Belinda Balluku do t\u00eb vendosej kontrata p\u00ebr nd\u00ebrtimin, shfryt\u00ebzimin dhe administrimin e centralit gjenerues t\u00eb energjis\u00eb elektrike fotovoltaike, me kapacitet prodhues 2 MVV n\u00eb zon\u00ebn e Semanit, n\u00eb fshatin Povel\u00e7\u00eb, n\u00eb nj\u00ebsin\u00eb Administrative Topoj\u00eb,\u00a0 nga kompania \u201cOrher\u201d shpk.<\/p>\n<p>Brenda dit\u00ebs kontrata do t\u00eb n\u00ebnshkruhej me aq nxitim sa askush nuk do t\u00eb v\u00ebrente se kishte gabime me vendndodhjen e impiantit, gj\u00eb e cila ngre dyshime p\u00ebr vlefshm\u00ebrin\u00eb e k\u00ebsaj kontrate dhe dyshime p\u00ebr afera.<\/p>\n<p>N\u00eb fakt, nga informacionet e grumbulluara rezulton se pas kompanis\u00eb q\u00eb ka p\u00ebrfituar centralin fotovoltaik q\u00ebndrojn\u00eb njer\u00ebz t\u00eb lidhur me Genti Klosin, v\u00ebllain e Ceno Klosit, deputetin e Partis\u00eb Socialiste q\u00eb \u00ebsht\u00eb n\u00ebn hetim nga SPAK p\u00ebr fshehje pasurie dhe falsifikim dokumentesh.<\/p>\n<p>Klosi \u00ebsht\u00eb nj\u00eb nga bashk\u00ebpun\u00ebtor\u00ebt m\u00eb t\u00eb af\u00ebrt t\u00eb ish zv.kryeministres Belinda Balluku, si ish Drejtor i ish Agjencis\u00eb Komb\u00ebtare t\u00eb Uj\u00ebsjell\u00ebs Kanalizimeve dhe Mbetjeve t\u00eb Ngurta, ish Drejtor i Tatimeve dhe si edhe ish zv.minist\u00ebr i Infrastruktur\u00ebs dhe Energjis\u00eb.<\/p>\n<p>Nga t\u00eb gjith\u00eb bashk\u00ebpun\u00ebtor\u00ebt e ministres Balluku, Ceno Klosi \u00ebsht\u00eb i vetmi q\u00eb endet i lir\u00eb, i pa shqet\u00ebsuar nga Prokuroria e Posa\u00e7me Anti-korrupsion edhe pse \u201cVetting\u201d ka denoncuar me fakte fshehjen e pasuris\u00eb si kompania \u201cFirst Bar Limited\u201d dhe hotelin, t\u00eb dyja n\u00eb Lond\u00ebr t\u00eb Britanis\u00eb s\u00eb Madhe.<\/p>\n<p><strong>Njer\u00ebzit e Klosit pas impiantit fotovoltaik n\u00eb Fier<\/strong><\/p>\n<p>Informacionet e reja q\u00eb kan\u00eb dal\u00eb s\u00eb fundmi zbulojn\u00eb se personat q\u00eb kan\u00eb menaxhuar pasurit\u00eb e v\u00ebllait t\u00eb Ceno Klosit, Genti Klosi jan\u00eb po t\u00eb nj\u00ebjtit q\u00eb kan\u00eb p\u00ebrfituar licenca dhe leje nd\u00ebrtimi p\u00ebr impiant prodhimi fotovoltaik n\u00eb qytetin e Fierit, pran\u00eb bregdetit.<\/p>\n<p>Historia p\u00ebr impiantin fotovoltaik ka nisur m\u00eb her\u00ebt me krijimin e shoq\u00ebris\u00eb \u201cOrher\u201c shpk n\u00eb dhjetor 2020, por zhvillimet q\u00eb do t\u00eb sillnin dyshime se pas k\u00ebsaj kompanie fshihet, Ceno Klosi do t\u00eb ndodhnin n\u00eb 19 janar 2023. Nga administrimi i kompanis\u00eb do t\u00eb largohej Mirel Mjekra p\u00ebr tu vendosur Maria Mino dhe si zot\u00ebrues i kompanis\u00eb \u00ebsht\u00eb kompania SEAN shpk, me pronare fundore Aulona Gaxhenji, e cila n\u00eb fillim t\u00eb vitit 2024 do t\u2019ia shiste pron\u00ebsin\u00eb kompanis\u00eb \u201cFINVEST\u201c me aksioner Julian Dhim\u00ebn.<\/p>\n<p>Administratorja Maria Mino ka qene menaxhere e restorantit luksoz t\u00eb v\u00ebllait t\u00eb Klosit, Genti Klosi q\u00eb zot\u00ebron kompanin\u00eb \u201cT.O.V 2019\u201c. Menj\u00ebher\u00eb sapo Mino t\u00eb b\u00ebhej administratore, pas disa muajsh n\u00eb maj 2023, \u00a0ministrja e pezulluar e Infrastruktur\u00ebs dhe Energjis\u00eb, Belinda Balluku do t\u00eb lidhte kontrat\u00ebn \u201cP\u00ebr nd\u00ebrtimin, shfryt\u00ebzimin dhe administrimin e centralit gjenerues t\u00eb energjis\u00eb elektrike fotovoltaike, me kapacitet prodhues 2 MVV, n\u00eb zon\u00ebn e Semanit, n\u00eb fshatin Povel\u00e7\u00eb, Nj\u00ebsia Administrative Topoj\u00eb n\u00eb Bashkin\u00eb Fier me shoq\u00ebrin\u00eb \u2018Orher\u2019 shpk.<\/p>\n<p><img decoding=\"async\" src=\"https:\/\/www.panorama.com.al\/wp-content\/uploads\/2025\/11\/vetting-1.jpeg\" alt=\"vetting 1\" data-pin-no-hover=\"true\" \/><\/p>\n<p>Nga verifikimi i dokumenteve rezulton se Enti Rregullator i Energjis\u00eb deklaron se zona \u00ebsht\u00eb n\u00eb fshatin Gryk\u00eb t\u00eb nj\u00ebsis\u00eb administrative Topoj\u00eb, nd\u00ebrkoh\u00eb q\u00eb kontrata e Ministris\u00eb s\u00eb Infrastruktur\u00ebs dhe Energjis\u00eb tregojn\u00eb p\u00ebr nj\u00eb nd\u00ebrtim n\u00eb fshatin Povel\u00e7\u00eb po n\u00eb nj\u00ebsin\u00eb administrative Topoj\u00eb.<\/p>\n<p>N\u00eb k\u00ebt\u00eb rast, Ministria e Infrastruktur\u00ebs dhe Energjis\u00eb ka b\u00ebr\u00eb nj\u00eb gabim, q\u00eb tregon nj\u00eb problem serioz. Kjo pasi edhe n\u00eb lejen e Agjencis\u00eb s\u00eb Zhvillimit t\u00eb Territorit specifikohet zona dhe vendi, e cila \u00ebsht\u00eb n\u00eb fshatin Gryk\u00eb n\u00eb nj\u00ebsin\u00eb administrative Topoj\u00eb t\u00eb Bashkis\u00eb Fier. Faktikisht fshati Povel\u00e7\u00eb ndodhet n\u00eb nj\u00ebsin\u00eb administrative D\u00ebrmenas t\u00eb Bashkis\u00eb Fier, kurse fshati Gryk\u00eb n\u00eb nj\u00ebsin\u00eb administrative Topoj\u00eb.<\/p>\n<p>Gabimi lidhet me faktin se fshati Povel\u00e7\u00eb dhe fshati Gryk\u00eb jan\u00eb vendndodhje t\u00eb ndryshme n\u00eb nj\u00ebsi t\u00eb ndryshme administrative n\u00eb Bashkin\u00eb Fier. \u201cVetting\u201d ishte n\u00eb terren p\u00ebr t\u00eb verifikuar vendndodhjen e centralit fotovoltaik dhe zbuloi se ky impiant gjendej n\u00eb fshatin Gryk\u00eb dhe jo n\u00eb fshatin Povel\u00e7\u00eb.<\/p>\n<p>N\u00eb k\u00ebt\u00eb rast, si Ministria e Infrastruktur\u00ebs dhe Energjis\u00eb, por edhe Enti Rregullator i Energjis\u00eb kan\u00eb b\u00ebr\u00eb nj\u00eb gabim, i cili mund t\u2019i b\u00ebj t\u00eb pavlefshme veprimet e kryera deri tani. Gabimi i par\u00eb ka ardhur nga Ministria e Infrastruktur\u00ebs dhe Energjis\u00eb, por si \u00ebsht\u00eb e mundur q\u00eb Enti Rregullator ka miratuar k\u00ebt\u00eb licenc\u00eb pa verifikuar vendndodhjen?<\/p>\n<p>A ka marr\u00eb porosi Enti Rregullator p\u00ebr t\u00eb dh\u00ebn\u00eb k\u00ebt\u00eb licenc\u00eb pavar\u00ebsisht gabimeve dhe e ka miratuar ? Si mund t\u00eb kaloj\u00eb nj\u00eb licenc\u00eb me fshatra t\u00eb ndryshme pa u korrigjuar ? Si mund ti jap\u00ebsh licenc\u00ebn pa verifikuar vendndodhjen e fshatit?<\/p>\n<p>M\u00eb 16 shtator 2025, Partia Demokratike do t\u00eb b\u00ebnte nj\u00eb kall\u00ebzim p\u00ebr dosjen q\u00eb lidhet me kontrat\u00ebn e kompanis\u00eb ORHER shpk dhe vet\u00ebm para disa dit\u00ebsh n\u00ebntor 2025, SPAK do t\u00eb deklaronte se \u00ebsht\u00eb regjistruar procedimi penal me nr.95, viti 2025, mbi baz\u00ebn e kall\u00ebzimit penal t\u00eb depozituar nga shtetasja Adriana Kalaja kund\u00ebr shtetasve Belinda Balluku, Ceno Klosi.<\/p>\n<p><img decoding=\"async\" src=\"https:\/\/www.panorama.com.al\/wp-content\/uploads\/2025\/11\/adriana-kalaja-ceno-klosi-vetting.jpeg\" alt=\"adriana kalaja ceno klosi vetting\" data-pin-no-hover=\"true\" \/><\/p>\n<p>N\u00eb k\u00ebt\u00eb rast, Prokuroria e Posa\u00e7me do t\u00eb deklaronte se materiali kall\u00ebzues shtes\u00eb ardhur dhe protokolluar n\u00eb shtator 2025, n\u00eb lidhje me k\u00ebt\u00eb kall\u00ebzim \u00ebsht\u00eb administruar n\u00eb kuad\u00ebr t\u00eb procedimit penal nr.95, viti 2025 dhe se ky procedim penal \u00ebsht\u00eb n\u00eb faz\u00ebn e hetimeve paraprake.<\/p>\n<p><img decoding=\"async\" src=\"https:\/\/www.panorama.com.al\/wp-content\/uploads\/2025\/11\/kalaja-ceno-klosi-vetting.jpeg\" alt=\"kalaja ceno klosi vetting\" data-pin-no-hover=\"true\" \/><img loading=\"lazy\" decoding=\"async\" src=\"https:\/\/ads.adsense.al\/www\/delivery\/lg.php?bannerid=0&amp;campaignid=0&amp;zoneid=138&amp;loc=https%3A%2F%2Fboldnews.al%2F2025%2F11%2F27%2Fballuku-i-dha-impiant-fotovoltaikesh-kompanise-se-lidhur-me-ceno-klosin-dokumentet%2F&amp;referer=https%3A%2F%2Fboldnews.al%2Fcategory%2Faktualitet%2F&amp;cb=1c348f2f22\" alt=\"\" width=\"0\" height=\"0\" \/><\/p>\n<p>\u201cVetting\u201d kontaktoi Entin Rregullator t\u00eb Energjis\u00eb dhe Ministrin\u00eb e Infrastruktur\u00ebs dhe Energjis\u00eb n\u00eb lidhje me gabimin p\u00ebr vendndodhjen e centralit fotovoltaik, por derin n\u00eb publikimin e k\u00ebtij artikulli nuk pati asnj\u00eb\u00a0 deklarat\u00eb nga institucionet.<\/p>\n<p>Por kontrata e fotovoltaikut nuk \u00ebsht\u00eb e vetmja gj\u00eb q\u00eb r\u00ebndon mbi mbi Ceno Klosin pasi edhe si kryetatimor te Drejtoria e P\u00ebrgjithshme e Tatimeve na rezultojn\u00eb shkelje t\u00eb panum\u00ebrta nga deputeti i Partis\u00eb Socialiste.<\/p>\n<p>&nbsp;<\/p>\n","protected":false},"excerpt":{"rendered":"<p>EMISIONI VETTING M\u00eb 24 maj 2023, mbi tavolin\u00ebn e Ministres s\u00eb pezulluar t\u00eb Infrastruktur\u00ebs dhe Energjis\u00eb Belinda Balluku do t\u00eb vendosej kontrata p\u00ebr nd\u00ebrtimin, shfryt\u00ebzimin dhe administrimin e centralit gjenerues t\u00eb energjis\u00eb elektrike fotovoltaike, me kapacitet prodhues 2 MVV n\u00eb zon\u00ebn e Semanit, n\u00eb fshatin Povel\u00e7\u00eb, n\u00eb nj\u00ebsin\u00eb Administrative Topoj\u00eb,\u00a0 nga kompania \u201cOrher\u201d shpk. Brenda &hellip;<\/p>\n","protected":false},"author":4,"featured_media":129642,"comment_status":"closed","ping_status":"closed","sticky":false,"template":"","format":"standard","meta":{"footnotes":""},"categories":[37],"tags":[],"class_list":["post-129641","post","type-post","status-publish","format-standard","has-post-thumbnail","","category-politike"],"_links":{"self":[{"href":"https:\/\/rdnews.al\/index.php\/wp-json\/wp\/v2\/posts\/129641","targetHints":{"allow":["GET"]}}],"collection":[{"href":"https:\/\/rdnews.al\/index.php\/wp-json\/wp\/v2\/posts"}],"about":[{"href":"https:\/\/rdnews.al\/index.php\/wp-json\/wp\/v2\/types\/post"}],"author":[{"embeddable":true,"href":"https:\/\/rdnews.al\/index.php\/wp-json\/wp\/v2\/users\/4"}],"replies":[{"embeddable":true,"href":"https:\/\/rdnews.al\/index.php\/wp-json\/wp\/v2\/comments?post=129641"}],"version-history":[{"count":1,"href":"https:\/\/rdnews.al\/index.php\/wp-json\/wp\/v2\/posts\/129641\/revisions"}],"predecessor-version":[{"id":129643,"href":"https:\/\/rdnews.al\/index.php\/wp-json\/wp\/v2\/posts\/129641\/revisions\/129643"}],"wp:featuredmedia":[{"embeddable":true,"href":"https:\/\/rdnews.al\/index.php\/wp-json\/wp\/v2\/media\/129642"}],"wp:attachment":[{"href":"https:\/\/rdnews.al\/index.php\/wp-json\/wp\/v2\/media?parent=129641"}],"wp:term":[{"taxonomy":"category","embeddable":true,"href":"https:\/\/rdnews.al\/index.php\/wp-json\/wp\/v2\/categories?post=129641"},{"taxonomy":"post_tag","embeddable":true,"href":"https:\/\/rdnews.al\/index.php\/wp-json\/wp\/v2\/tags?post=129641"}],"curies":[{"name":"wp","href":"https:\/\/api.w.org\/{rel}","templated":true}]}}