{"id":129683,"date":"2025-11-28T17:56:42","date_gmt":"2025-11-28T17:56:42","guid":{"rendered":"https:\/\/rdnews.al\/?p=129683"},"modified":"2025-11-28T17:58:15","modified_gmt":"2025-11-28T17:58:15","slug":"te-gjithe-po-thone-po-rama","status":"publish","type":"post","link":"https:\/\/rdnews.al\/index.php\/2025\/11\/28\/te-gjithe-po-thone-po-rama\/","title":{"rendered":"T\u00eb gjith\u00eb po thon\u00eb: \u201cPo Rama\u201d?"},"content":{"rendered":"<p><strong>Nga Petrit VASILI<\/strong><\/p>\n<p>Pyetja, q\u00eb nuk po ndalet dot as nga Rama &#8211; propaganda dhe as nga Rama-analist\u00ebt, \u00ebsht\u00eb sot: &#8220;Po Rama?&#8221;<\/p>\n<p>As p\u00ebrp\u00eblitjet me Gjykat\u00ebn Kushtetuese p\u00ebr \u00e7\u00ebshtjen Balluku nuk po e shmangin dot pyetjen dominuese: &#8220;Po Rama?&#8221;<\/p>\n<p>Askush nuk po bindet dot se si n\u00eb k\u00ebt\u00eb bat\u00ebrdi \u00e7\u00ebshtjesh korruptive shum\u00eb t\u00eb r\u00ebnda, q\u00eb lidhen direkt me njer\u00ebzit m\u00eb t\u00eb af\u00ebrt dhe bashk\u00ebpun\u00ebtor\u00eb t\u00eb Ram\u00ebs, vet\u00eb ai, Rama, as nuk pyetet, as nuk thirret dhe asnj\u00eb proces penal nuk hapet ndaj tij.<\/p>\n<p>T\u00eb gjith\u00eb k\u00ebta t\u00eb akuzuar e kan\u00eb pasur p\u00ebr detyr\u00eb t\u2019i raportojn\u00eb Ram\u00ebs dhe Rama ka pasur detyr\u00eb q\u00eb t\u2019u k\u00ebrkoj\u00eb informacion n\u00eb p\u00ebrmbushje t\u00eb detyr\u00ebs s\u00eb tij si kryeminist\u00ebr.<\/p>\n<p>N\u00eb mjaft afera firma e Ram\u00ebs \u00ebsht\u00eb aty, edhe m\u00eb kryesorja bile, e megjithat\u00eb Rama as nuk pyetet, as nuk thirret dhe asnj\u00eb proces penal nuk hapet ndaj tij.<\/p>\n<p>\u00c7\u00ebshtje t\u00eb m\u00ebdha si afera McGonigal, Becchetti, incenerator\u00ebt, Teatri, kontaktet me Sinaloan, echoparku, porti i Durr\u00ebsit, kufiri detar me Greqin\u00eb e plot t\u00eb tjera jan\u00eb p\u00ebrgjegj\u00ebsi e tij direkte, megjithat\u00eb Rama as nuk pyetet, as nuk thirret dhe asnj\u00eb proces penal nuk hapet ndaj tij.<\/p>\n<p>Ndaj pyetja b\u00ebhet edhe m\u00eb gj\u00ebmuese: &#8220;Po Rama?&#8221;<\/p>\n<p>T\u00eb gjith\u00eb kan\u00eb par\u00eb njer\u00ebz pa fund q\u00eb jan\u00eb thirrur nga SPAK si persona q\u00eb kan\u00eb dijeni p\u00ebr \u00e7\u00ebshtje t\u00eb caktuara dhe \u00ebsht\u00eb b\u00ebr\u00eb shum\u00eb mir\u00eb.<\/p>\n<p>Por t\u00eb gjith\u00eb habiten, \u00e7uditen dhe \u00e7oroditen kur shohin q\u00eb njeriu me m\u00eb shum\u00eb dijeni si Rama nuk thirret.<\/p>\n<p>Rama, i cili ka ngritur nj\u00eb ushtri me patronazhist\u00eb p\u00ebr t\u00eb ditur edhe hallet personale t\u00eb njer\u00ebzve, sigurisht q\u00eb di dhe di shum\u00eb p\u00ebr aferat korruptive qindra milion\u00eb euro t\u00eb qeveris\u00eb, q\u00eb e drejton, komandon dhe e urdh\u00ebron vet\u00ebm e vet\u00ebm ai.<\/p>\n<p>Ndaj pyetjes, por edhe detyrimit: &#8220;Po Rama?&#8221;, nuk i shmanget dot askush.<\/p>\n<p>Tahmaqarll\u00ebku i Ram\u00ebs p\u00ebr pushtet pa fund dhe mandate pa mbarim, ka b\u00ebr\u00eb q\u00eb ai t\u00eb kuptoj\u00eb se i ka ardhur fundi, ashtu si shushunj\u00ebs, e cila pasi pi gjak sa ngopet dhe pik\u00ebrisht n\u00eb at\u00eb moment kur ajo ndihet e nginjur, n\u00eb at\u00eb \u00e7ast edhe ngordh.<\/p>\n<p>Pyetjes: &#8220;Po Rama?&#8221; tani nuk i bishtnohet dot m\u00eb, se i erdhi dita, se Rama ja shpejtoi dit\u00ebn vet\u00eb, dit\u00ebn e vet me tahmanet e \u00e7mendura t\u00eb tij.<\/p>\n<p>Ndaj edhe t\u00eb gjith\u00eb po thon\u00eb: &#8220;Po Rama?&#8221;<\/p>\n","protected":false},"excerpt":{"rendered":"<p>Nga Petrit VASILI Pyetja, q\u00eb nuk po ndalet dot as nga Rama &#8211; propaganda dhe as nga Rama-analist\u00ebt, \u00ebsht\u00eb sot: &#8220;Po Rama?&#8221; As p\u00ebrp\u00eblitjet me Gjykat\u00ebn Kushtetuese p\u00ebr \u00e7\u00ebshtjen Balluku nuk po e shmangin dot pyetjen dominuese: &#8220;Po Rama?&#8221; Askush nuk po bindet dot se si n\u00eb k\u00ebt\u00eb bat\u00ebrdi \u00e7\u00ebshtjesh korruptive shum\u00eb t\u00eb r\u00ebnda, q\u00eb &hellip;<\/p>\n","protected":false},"author":4,"featured_media":129685,"comment_status":"closed","ping_status":"closed","sticky":false,"template":"","format":"standard","meta":{"footnotes":""},"categories":[37],"tags":[],"class_list":["post-129683","post","type-post","status-publish","format-standard","has-post-thumbnail","","category-politike"],"_links":{"self":[{"href":"https:\/\/rdnews.al\/index.php\/wp-json\/wp\/v2\/posts\/129683","targetHints":{"allow":["GET"]}}],"collection":[{"href":"https:\/\/rdnews.al\/index.php\/wp-json\/wp\/v2\/posts"}],"about":[{"href":"https:\/\/rdnews.al\/index.php\/wp-json\/wp\/v2\/types\/post"}],"author":[{"embeddable":true,"href":"https:\/\/rdnews.al\/index.php\/wp-json\/wp\/v2\/users\/4"}],"replies":[{"embeddable":true,"href":"https:\/\/rdnews.al\/index.php\/wp-json\/wp\/v2\/comments?post=129683"}],"version-history":[{"count":1,"href":"https:\/\/rdnews.al\/index.php\/wp-json\/wp\/v2\/posts\/129683\/revisions"}],"predecessor-version":[{"id":129684,"href":"https:\/\/rdnews.al\/index.php\/wp-json\/wp\/v2\/posts\/129683\/revisions\/129684"}],"wp:featuredmedia":[{"embeddable":true,"href":"https:\/\/rdnews.al\/index.php\/wp-json\/wp\/v2\/media\/129685"}],"wp:attachment":[{"href":"https:\/\/rdnews.al\/index.php\/wp-json\/wp\/v2\/media?parent=129683"}],"wp:term":[{"taxonomy":"category","embeddable":true,"href":"https:\/\/rdnews.al\/index.php\/wp-json\/wp\/v2\/categories?post=129683"},{"taxonomy":"post_tag","embeddable":true,"href":"https:\/\/rdnews.al\/index.php\/wp-json\/wp\/v2\/tags?post=129683"}],"curies":[{"name":"wp","href":"https:\/\/api.w.org\/{rel}","templated":true}]}}