{"id":129688,"date":"2025-11-28T18:08:12","date_gmt":"2025-11-28T18:08:12","guid":{"rendered":"https:\/\/rdnews.al\/?p=129688"},"modified":"2025-11-28T18:08:12","modified_gmt":"2025-11-28T18:08:12","slug":"nga-ismail-qemali-te-shqiperia-e-se-nesermes-nga-qendresa-ne-ringritje","status":"publish","type":"post","link":"https:\/\/rdnews.al\/index.php\/2025\/11\/28\/nga-ismail-qemali-te-shqiperia-e-se-nesermes-nga-qendresa-ne-ringritje\/","title":{"rendered":"Nga Ismail Qemali te Shqip\u00ebria e s\u00eb Nes\u00ebrmes: Nga Q\u00ebndresa n\u00eb Ringritje"},"content":{"rendered":"<p><strong>Nga\u00a0Nikola KEDHI<\/strong><\/p>\n<p>28 N\u00ebntori nuk \u00ebsht\u00eb thjesht nj\u00eb dat\u00eb n\u00eb kalendar. \u00cbsht\u00eb nj\u00eb nyje e historis\u00eb son\u00eb, ku koha sikur kthehet disa her\u00eb: nga ngritja e flamurit nga Gjergj Kastriotit n\u00eb Kruj\u00eb, te shpallja e Pavar\u00ebsis\u00eb n\u00eb Vlor\u00eb, apo \u00e7lirimi i Shqip\u00ebris\u00eb.<\/p>\n<p>28 N\u00ebntori i Pavar\u00ebsis\u00eb \u00ebsht\u00eb momenti historik kur nj\u00eb grusht burrash n\u00eb Vlor\u00eb, t\u00eb pasur n\u00eb besim e guxim, vendos\u00ebn ta ngrinin flamurin mbi nj\u00eb vend gati t\u00eb rr\u00ebnuar, t\u00eb cop\u00ebtuar, n\u00ebn k\u00ebrc\u00ebnimin e ndarjes p\u00ebrfundimtare. Ismail Qemali, Isa Boletini dhe patriot\u00ebt e koh\u00ebs nuk pat\u00ebn garanci suksesi, nuk pat\u00ebn luksin e siguris\u00eb. Pat\u00ebn vet\u00ebm nj\u00eb bindje t\u00eb pal\u00ebkundur se shqiptar\u00ebt, sado t\u00eb shp\u00ebrndar\u00eb, mund t\u00eb b\u00ebhen s\u00ebrish nj\u00eb komb kur besojn\u00eb n\u00eb vetvete.<\/p>\n<p>Ne sot kujtojm\u00eb me nderim aktin vendimtar t\u00eb ngritjes s\u00eb flamurit n\u00eb Kruj\u00eb nga Gjergj Kastrioti, i cili sh\u00ebnjoi fillesat e formalizimit t\u00eb nj\u00eb kombi shqiptar, ngritjen e flamurit n\u00eb Vlor\u00eb nga Ismail Qemali dhe \u00c7lirimin e vendit nga nazi &#8211; fashizmi, nj\u00eb fitore e cila fatkeq\u00ebsisht u pasua nga nj\u00eb rob\u00ebri tjet\u00ebr: pushtimi komunist. N\u00eb \u00e7do epok\u00eb, ngjyrat e pushtuesit kan\u00eb ndryshuar, por prova p\u00ebr shqiptar\u00ebt ka qen\u00eb e nj\u00ebjt\u00eb: dor\u00ebzim apo q\u00ebndres\u00eb e ringritje?<\/p>\n<p>Historia jon\u00eb nuk ka qen\u00eb histori rehatie, por q\u00ebndrese. Kur perandorit\u00eb jan\u00eb shembur, kur komunizmi u duk i p\u00ebrjetsh\u00ebm, kur m\u00ebrgimi boshatisi fshatra e qytete, nj\u00eb gj\u00eb nuk u rr\u00ebzua kurr\u00eb: instinkti i shqiptar\u00ebve p\u00ebr t\u00eb mos u dor\u00ebzuar. Ne kemi kaluar net m\u00eb t\u00eb err\u00ebta se kjo e sotmja, varf\u00ebri m\u00eb t\u00eb madhe, shtypje m\u00eb t\u00eb eg\u00ebr, padrejt\u00ebsi m\u00eb t\u00eb r\u00ebnda, dhe prap\u00eb kemi ditur t\u00eb ringrihemi. Ky nuk \u00ebsht\u00eb vet\u00ebm nj\u00eb fakt historik; \u00ebsht\u00eb ADN-ja jon\u00eb patriotike, politike dhe morale.<\/p>\n<p>Sot Shqip\u00ebria po p\u00ebrballet me nj\u00eb tjet\u00ebr sprov\u00eb. Vendi po shpopullohet me ritme t\u00eb frikshme, familjet po tkurren, t\u00eb rinjt\u00eb po ikin, besimi te shteti dhe politika \u00ebsht\u00eb n\u00eb pik\u00ebn m\u00eb t\u00eb ul\u00ebt. Njer\u00ebzit e ndersh\u00ebm kan\u00eb p\u00ebrher\u00eb e m\u00eb shum\u00eb ndjesin\u00eb se punojn\u00eb m\u00eb shum\u00eb, marrin m\u00eb pak dhe d\u00ebgjohen m\u00eb rrall\u00eb. Ky pesimiz\u00ebm nuk \u00ebsht\u00eb i paarsyesh\u00ebm, por nuk ka p\u00ebrse t\u00eb pranohet si fati yn\u00eb i p\u00ebrhersh\u00ebm.<\/p>\n<p>Pik\u00ebrisht ndaj na duhet t\u00eb kujtojm\u00eb dometh\u00ebnien e v\u00ebrtet\u00eb t\u00eb 28 N\u00ebntorit. Flamuri i ngritur n\u00eb Vlor\u00eb nuk ishte trofe i nj\u00eb fitoreje t\u00eb leht\u00eb, por nj\u00eb akt i past\u00ebr vullneti: nj\u00eb komb i vog\u00ebl q\u00eb i thot\u00eb bot\u00ebs \u201cNe nuk dor\u00ebzohemi, ne nuk zhdukemi\u201d. Nga Ismail Qemali te Shqip\u00ebria e s\u00eb nes\u00ebrmes, mesazhi \u00ebsht\u00eb i nj\u00ebjt\u00eb: kombet nuk i shp\u00ebton askush nga jasht\u00eb, n\u00ebse nuk vendosin vet\u00eb t\u00eb shp\u00ebtojn\u00eb veten nga brenda. Liria nuk \u00ebsht\u00eb dhurat\u00eb q\u00eb merret nj\u00eb her\u00eb e mbaron; ajo \u00ebsht\u00eb detyr\u00eb e p\u00ebrditshme.<\/p>\n<p>Nga Q\u00ebndresa n\u00eb Ringritje, kjo \u00ebsht\u00eb sfida jon\u00eb sot. Q\u00ebndresa na ka mbajtur gjall\u00eb; tani na duhet ringritja q\u00eb na \u00e7on p\u00ebrpara. Ringritja nuk \u00ebsht\u00eb slogan, as foto n\u00eb rrjete sociale. Ajo \u00ebsht\u00eb drejt\u00ebsi p\u00ebr ata q\u00eb jan\u00eb l\u00ebn\u00eb pas, shtet p\u00ebr qytetarin e zakonsh\u00ebm, ekonomi q\u00eb shp\u00ebrblen pun\u00ebn dhe jo klientelizmin, nj\u00eb Shqip\u00ebri ku qytetar\u00ebt tan\u00eb nuk \u00ebnd\u00ebrrojn\u00eb vet\u00ebm ikjen. \u00cbsht\u00eb guxim p\u00ebr t\u00eb th\u00ebn\u00eb t\u00eb v\u00ebrtet\u00ebn kur \u00ebsht\u00eb e pak\u00ebndshme, k\u00ebmb\u00ebngulje p\u00ebr t\u00eb mos pranuar g\u00ebnjeshtr\u00ebn si normalitet, vizion p\u00ebr t\u2019u dh\u00ebn\u00eb brezave nj\u00eb vend ku duan t\u00eb nd\u00ebrtojn\u00eb jet\u00ebn.<\/p>\n<p>Edhe p\u00ebr ne demokrat\u00ebt, kjo dit\u00eb \u00ebsht\u00eb nj\u00eb pasqyr\u00eb e rrept\u00eb. N\u00ebse brezi i Ismail Qemalit guxoi t\u00eb shpallte pavar\u00ebsin\u00eb n\u00eb kushte gati t\u00eb pamundura, ne nuk kemi asnj\u00eb t\u00eb drejt\u00eb t\u00eb fshihemi pas zhg\u00ebnjimeve, sfidave, padrejt\u00ebsive, ankesave, gabimeve apo plag\u00ebve tona t\u00eb brendshme. Ringritja e Shqip\u00ebris\u00eb k\u00ebrkon domosdoshm\u00ebrisht ringritjen e demokrat\u00ebve: m\u00eb t\u00eb ndersh\u00ebm n\u00eb sjellje e veprim, m\u00eb t\u00eb bashkuar n\u00eb q\u00ebllim, m\u00eb af\u00ebr njer\u00ebzve n\u00eb jet\u00ebn e p\u00ebrditshme, m\u00eb t\u00eb qart\u00eb n\u00eb parimet q\u00eb mbrojm\u00eb. Opozita nuk \u00ebsht\u00eb vet\u00ebm num\u00ebr; \u00ebsht\u00eb gjendje shpirti, \u00ebsht\u00eb refuzim me p\u00ebrbuzje i pazareve, \u00ebsht\u00eb gatishm\u00ebri p\u00ebr t\u00eb paguar \u00e7mimin e ndryshimit.<\/p>\n<p>Presidenti Reagan thoshte se liria \u00ebsht\u00eb vet\u00ebm nj\u00eb brez larg zhdukjes, n\u00ebse nuk e mbrojm\u00eb dhe nuk ua p\u00ebrcjellim brezave t\u00eb tjer\u00eb. Ai e quante Amerik\u00ebn \u201cqyteti i shndritsh\u00ebm mbi kod\u00ebr\u201d, jo sepse ishte e p\u00ebrsosur, por sepse p\u00ebrpiqej p\u00ebrher\u00eb t\u00eb b\u00ebhej m\u00eb e drejt\u00eb, m\u00eb e lir\u00eb, m\u00eb humane. Edhe Shqip\u00ebria mund t\u00eb jet\u00eb \u201cqyteti yn\u00eb i shndritsh\u00ebm mbi kod\u00ebr\u201d n\u00eb Ballkan, jo sepse nuk ka probleme, por sepse refuzon t\u2019i pranoj\u00eb padrejt\u00ebsin\u00eb, korrupsionin, narkoshtetin dhe shpopullimin si m\u00ebnyr\u00eb jetese.<\/p>\n<p>28 N\u00ebntori na kujton se kombet nuk maten me madh\u00ebsin\u00eb e territorit, por me madh\u00ebsin\u00eb e karakterit. Shqiptar\u00ebt kan\u00eb ditur t\u00eb q\u00ebndrojn\u00eb kur t\u00eb tjer\u00ebt i donin t\u00eb zhdukur. Tani \u00ebsht\u00eb koha t\u00eb tregojm\u00eb se dim\u00eb edhe t\u00eb ringrihemi kur t\u00eb tjer\u00ebt na duan t\u00eb dor\u00ebzuar. Shqip\u00ebria nuk \u00ebsht\u00eb thjesht vend; \u00ebsht\u00eb amanet, nga ata q\u00eb ngrit\u00ebn flamurin dje, p\u00ebr ata q\u00eb do ta mbajn\u00eb nes\u00ebr.<\/p>\n<p>E ardhmja nuk u takon atyre q\u00eb frik\u00ebsohen, por atyre q\u00eb guxojn\u00eb, besojn\u00eb, punojn\u00eb dhe k\u00ebmb\u00ebngulin. Nga q\u00ebndresa e t\u00eb par\u00ebve tan\u00eb te ringritja e brezit ton\u00eb, ky \u00ebsht\u00eb premtimi q\u00eb duhet t\u2019i b\u00ebjm\u00eb Shqip\u00ebris\u00eb n\u00eb k\u00ebt\u00eb 28 N\u00ebntor: se nuk do t\u00eb lejojm\u00eb q\u00eb vendi p\u00ebr t\u00eb cilin u derdh aq shum\u00eb mund, sakrific\u00eb dhe gjak, t\u00eb kthehet n\u00eb nj\u00eb tok\u00eb t\u00eb boshatisur, por n\u00eb nj\u00eb Atdhe ku ia vlen t\u00eb jetosh, t\u00eb punosh dhe t\u00eb krijosh familje.<\/p>\n<p>Zoti e bekoft\u00eb Shqip\u00ebrin\u00eb e Shqiptar\u00ebt!<\/p>\n<p>Lavdi Patriot\u00ebve t\u00eb V\u00ebrtet\u00eb t\u00eb Kombit!<\/p>\n","protected":false},"excerpt":{"rendered":"<p>Nga\u00a0Nikola KEDHI 28 N\u00ebntori nuk \u00ebsht\u00eb thjesht nj\u00eb dat\u00eb n\u00eb kalendar. \u00cbsht\u00eb nj\u00eb nyje e historis\u00eb son\u00eb, ku koha sikur kthehet disa her\u00eb: nga ngritja e flamurit nga Gjergj Kastriotit n\u00eb Kruj\u00eb, te shpallja e Pavar\u00ebsis\u00eb n\u00eb Vlor\u00eb, apo \u00e7lirimi i Shqip\u00ebris\u00eb. 28 N\u00ebntori i Pavar\u00ebsis\u00eb \u00ebsht\u00eb momenti historik kur nj\u00eb grusht burrash n\u00eb Vlor\u00eb, &hellip;<\/p>\n","protected":false},"author":4,"featured_media":90360,"comment_status":"closed","ping_status":"closed","sticky":false,"template":"","format":"standard","meta":{"footnotes":""},"categories":[44],"tags":[],"class_list":["post-129688","post","type-post","status-publish","format-standard","has-post-thumbnail","","category-editorial"],"_links":{"self":[{"href":"https:\/\/rdnews.al\/index.php\/wp-json\/wp\/v2\/posts\/129688","targetHints":{"allow":["GET"]}}],"collection":[{"href":"https:\/\/rdnews.al\/index.php\/wp-json\/wp\/v2\/posts"}],"about":[{"href":"https:\/\/rdnews.al\/index.php\/wp-json\/wp\/v2\/types\/post"}],"author":[{"embeddable":true,"href":"https:\/\/rdnews.al\/index.php\/wp-json\/wp\/v2\/users\/4"}],"replies":[{"embeddable":true,"href":"https:\/\/rdnews.al\/index.php\/wp-json\/wp\/v2\/comments?post=129688"}],"version-history":[{"count":1,"href":"https:\/\/rdnews.al\/index.php\/wp-json\/wp\/v2\/posts\/129688\/revisions"}],"predecessor-version":[{"id":129689,"href":"https:\/\/rdnews.al\/index.php\/wp-json\/wp\/v2\/posts\/129688\/revisions\/129689"}],"wp:featuredmedia":[{"embeddable":true,"href":"https:\/\/rdnews.al\/index.php\/wp-json\/wp\/v2\/media\/90360"}],"wp:attachment":[{"href":"https:\/\/rdnews.al\/index.php\/wp-json\/wp\/v2\/media?parent=129688"}],"wp:term":[{"taxonomy":"category","embeddable":true,"href":"https:\/\/rdnews.al\/index.php\/wp-json\/wp\/v2\/categories?post=129688"},{"taxonomy":"post_tag","embeddable":true,"href":"https:\/\/rdnews.al\/index.php\/wp-json\/wp\/v2\/tags?post=129688"}],"curies":[{"name":"wp","href":"https:\/\/api.w.org\/{rel}","templated":true}]}}