{"id":129690,"date":"2025-11-28T18:12:01","date_gmt":"2025-11-28T18:12:01","guid":{"rendered":"https:\/\/rdnews.al\/?p=129690"},"modified":"2025-11-28T18:12:01","modified_gmt":"2025-11-28T18:12:01","slug":"mbi-1-muaj-per-nje-pergjigje-malltezi-klp-dhe-ild-po-mbrojne-dy-sherbetoret-e-rames","status":"publish","type":"post","link":"https:\/\/rdnews.al\/index.php\/2025\/11\/28\/mbi-1-muaj-per-nje-pergjigje-malltezi-klp-dhe-ild-po-mbrojne-dy-sherbetoret-e-rames\/","title":{"rendered":"\u201cMbi 1 muaj p\u00ebr nj\u00eb p\u00ebrgjigje\u201d\/ Malltezi: KLP dhe ILD po mbrojn\u00eb dy sh\u00ebrb\u00ebtor\u00ebt e Ram\u00ebs!"},"content":{"rendered":"<p data-start=\"101\" data-end=\"223\">Jamarb\u00ebr Malltezi ka akuzuar dit\u00ebn e sotme, KLP-n\u00eb dhe ILD-n\u00eb p\u00ebr zvarritje t\u00eb q\u00ebllimshme t\u00eb ankimit t\u00eb b\u00ebr\u00eb prej tij n\u00eb lidhje me prokuror\u00ebt Arben Kraja dhe Enkeleda Millonai.<\/p>\n<p data-start=\"101\" data-end=\"223\">Malltezi thot\u00eb se prej 43 dit\u00ebsh ka dor\u00ebzuar ankesa pran\u00eb K\u00ebshillit t\u00eb Lart\u00eb t\u00eb Prokuroris\u00eb dhe Inspektoratit t\u00eb Lart\u00eb t\u00eb Drejt\u00ebsis\u00eb, ku pretendon se dy prokuror\u00ebt Arben Kraja dhe Enkeleda Millonai kan\u00eb kryer rreth 30 falsifikime dhe shp\u00ebrdorime detyre.<\/p>\n<p data-start=\"657\" data-end=\"964\"><strong>Postimi i Malltezit<\/strong><\/p>\n<p>Para 43 dit\u00ebsh nisa ankimet tek KLP dhe ILD lidhur me 30 falsifikime dhe shp\u00ebrdorime detyre nga dy prokuror\u00ebt Kraja dhe Millonai. KLP mori 29 dit\u00eb p\u00ebr t\u00eb kthyer 1 paragraf p\u00ebrgjigje q\u00eb po e heq nga vetja.<\/p>\n<p>ILD vec pas t\u00eb 40-ave i cakton nj\u00eb num\u00ebr materialit t\u00eb depozituar. Shembull q\u00eb tregon se vet\u00eb organet e drejt\u00ebsis\u00eb shkelin vet\u00eb afatet ve\u00e7 p\u00ebr t\u00eb mbrojt sh\u00ebrb\u00ebtor\u00ebt e Edi Ram\u00ebs.<\/p>\n<p><img loading=\"lazy\" decoding=\"async\" class=\"alignnone size-medium wp-image-1629634\" src=\"https:\/\/boldnews.al\/wp-content\/uploads\/2025\/11\/auto_589909983_10163010614158190_4605162913707067329_n1764344132-640x853.jpg\" sizes=\"auto, (max-width: 640px) 100vw, 640px\" srcset=\"https:\/\/boldnews.al\/wp-content\/uploads\/2025\/11\/auto_589909983_10163010614158190_4605162913707067329_n1764344132-640x853.jpg 640w, https:\/\/boldnews.al\/wp-content\/uploads\/2025\/11\/auto_589909983_10163010614158190_4605162913707067329_n1764344132-750x999.jpg 750w, https:\/\/boldnews.al\/wp-content\/uploads\/2025\/11\/auto_589909983_10163010614158190_4605162913707067329_n1764344132.jpg 900w\" alt=\"\" width=\"640\" height=\"853\" data-pin-no-hover=\"true\" \/><\/p>\n<p><img loading=\"lazy\" decoding=\"async\" class=\"alignnone size-medium wp-image-1629635\" src=\"https:\/\/boldnews.al\/wp-content\/uploads\/2025\/11\/auto_590270768_10163010614163190_5844816302261263332_n1764344134-640x925.jpg\" sizes=\"auto, (max-width: 640px) 100vw, 640px\" srcset=\"https:\/\/boldnews.al\/wp-content\/uploads\/2025\/11\/auto_590270768_10163010614163190_5844816302261263332_n1764344134-640x925.jpg 640w, https:\/\/boldnews.al\/wp-content\/uploads\/2025\/11\/auto_590270768_10163010614163190_5844816302261263332_n1764344134-750x1084.jpg 750w, https:\/\/boldnews.al\/wp-content\/uploads\/2025\/11\/auto_590270768_10163010614163190_5844816302261263332_n1764344134.jpg 900w\" alt=\"\" width=\"640\" height=\"925\" data-pin-no-hover=\"true\" \/><\/p>\n<div class=\"jeg_ad jeg_ad_article jnews_content_inline_3_ads  \">\n<div class=\"ads-wrapper align-center \">\n<div class=\"ads_code\">\n<div class=\"desktopi\" align=\"center\"><ins id=\"revive-0-3\" data-revive-zoneid=\"138\" data-revive-id=\"2581c650fb61ab0cf7e084114e7ddb41\" data-revive-seq=\"3\" data-revive-loaded=\"1\"><\/p>\n<div id=\"beacon_5ebfbeaaa4\"><img loading=\"lazy\" decoding=\"async\" src=\"https:\/\/ads.adsense.al\/www\/delivery\/lg.php?bannerid=0&amp;campaignid=0&amp;zoneid=138&amp;loc=https%3A%2F%2Fboldnews.al%2F2025%2F11%2F28%2F1-muaj-per-nje-pergjigje-ankimi-malltezi-si-klp-dhe-ild-po-mbrojne-dy-sherbetoret-e-rames%2F&amp;referer=https%3A%2F%2Fboldnews.al%2Fcategory%2Faktualitet%2F&amp;cb=5ebfbeaaa4\" alt=\"\" width=\"0\" height=\"0\" \/><\/div>\n<p><\/ins><\/div>\n<\/div>\n<\/div>\n<\/div>\n","protected":false},"excerpt":{"rendered":"<p>Jamarb\u00ebr Malltezi ka akuzuar dit\u00ebn e sotme, KLP-n\u00eb dhe ILD-n\u00eb p\u00ebr zvarritje t\u00eb q\u00ebllimshme t\u00eb ankimit t\u00eb b\u00ebr\u00eb prej tij n\u00eb lidhje me prokuror\u00ebt Arben Kraja dhe Enkeleda Millonai. Malltezi thot\u00eb se prej 43 dit\u00ebsh ka dor\u00ebzuar ankesa pran\u00eb K\u00ebshillit t\u00eb Lart\u00eb t\u00eb Prokuroris\u00eb dhe Inspektoratit t\u00eb Lart\u00eb t\u00eb Drejt\u00ebsis\u00eb, ku pretendon se dy prokuror\u00ebt &hellip;<\/p>\n","protected":false},"author":4,"featured_media":69654,"comment_status":"closed","ping_status":"closed","sticky":false,"template":"","format":"standard","meta":{"footnotes":""},"categories":[37],"tags":[],"class_list":["post-129690","post","type-post","status-publish","format-standard","has-post-thumbnail","","category-politike"],"_links":{"self":[{"href":"https:\/\/rdnews.al\/index.php\/wp-json\/wp\/v2\/posts\/129690","targetHints":{"allow":["GET"]}}],"collection":[{"href":"https:\/\/rdnews.al\/index.php\/wp-json\/wp\/v2\/posts"}],"about":[{"href":"https:\/\/rdnews.al\/index.php\/wp-json\/wp\/v2\/types\/post"}],"author":[{"embeddable":true,"href":"https:\/\/rdnews.al\/index.php\/wp-json\/wp\/v2\/users\/4"}],"replies":[{"embeddable":true,"href":"https:\/\/rdnews.al\/index.php\/wp-json\/wp\/v2\/comments?post=129690"}],"version-history":[{"count":1,"href":"https:\/\/rdnews.al\/index.php\/wp-json\/wp\/v2\/posts\/129690\/revisions"}],"predecessor-version":[{"id":129691,"href":"https:\/\/rdnews.al\/index.php\/wp-json\/wp\/v2\/posts\/129690\/revisions\/129691"}],"wp:featuredmedia":[{"embeddable":true,"href":"https:\/\/rdnews.al\/index.php\/wp-json\/wp\/v2\/media\/69654"}],"wp:attachment":[{"href":"https:\/\/rdnews.al\/index.php\/wp-json\/wp\/v2\/media?parent=129690"}],"wp:term":[{"taxonomy":"category","embeddable":true,"href":"https:\/\/rdnews.al\/index.php\/wp-json\/wp\/v2\/categories?post=129690"},{"taxonomy":"post_tag","embeddable":true,"href":"https:\/\/rdnews.al\/index.php\/wp-json\/wp\/v2\/tags?post=129690"}],"curies":[{"name":"wp","href":"https:\/\/api.w.org\/{rel}","templated":true}]}}