{"id":129692,"date":"2025-11-28T18:16:30","date_gmt":"2025-11-28T18:16:30","guid":{"rendered":"https:\/\/rdnews.al\/?p=129692"},"modified":"2025-11-28T18:16:57","modified_gmt":"2025-11-28T18:16:57","slug":"bomba-amerikane-kunder-narcorames","status":"publish","type":"post","link":"https:\/\/rdnews.al\/index.php\/2025\/11\/28\/bomba-amerikane-kunder-narcorames\/","title":{"rendered":"\u201cBomba\u201d amerikane kund\u00ebr NarcoRam\u00ebs!"},"content":{"rendered":"<p><strong>Nga Basir \u00c7OLLAKU<\/strong><\/p>\n<p>KM Edi Rama duket se ka sigures\u00eb t\u00eb djegur t\u00eb qet\u00ebsis\u00eb dhe nj\u00ebher\u00ebsh ka t\u00eb ndezur alarmin e betej\u00ebs s\u00eb nxeht\u00eb me amerikan\u00ebt. Ai e di se dosja \u201cBalluku\u201d \u00ebsht\u00eb njlher\u00ebsh dosja e tij. Nuk do t\u00eb mungoj\u00eb t\u00eb jet\u00eb i pandehur n\u00eb k\u00ebt\u00eb ndjekje penale t\u00eb shtuar n\u00eb dosje. Por partner\u00ebt amerikan\u00eb uruan shqiptar\u00ebt n\u00eb dit\u00ebn e Pavar\u00ebsis\u00eb sot disi m\u00eb ndryshe e konkretisht. Nd\u00ebrsa delegaciini i BE kap\u00ebrcen ylberin festiv, duke ndjekur fillin e mazhoranc\u00ebs, duk p\u00ebrfshir\u00eb shum\u00ebsin \u201cfesta\u201d n\u00eb kontekstin e dit\u00ebs s\u00eb nes\u00ebrme. Ata shprehen: \u201cG\u00ebzuar 28 n\u00ebntorin Shqip\u00ebri, g\u00ebzuar Dit\u00ebn e Pavar\u00ebsis\u00eb. Delegacioni i Bashkimit Evropian n\u00eb Shqip\u00ebri ju uron festa t\u00eb g\u00ebzuara..\u201d<\/p>\n<p>Nd\u00ebrsa paraardh\u00ebsi Antony Blinken nj\u00eb vit m\u00eb par\u00eb uronte: \u201d N\u00eb em\u00ebr t\u00eb Shteteve t\u00eb Bashkuara t\u00eb Amerik\u00ebs, i shpreh urimet tona m\u00eb t\u00eb mira popullit t\u00eb Shqip\u00ebris\u00eb teksa ju festoni 112-vjetorin e Pavar\u00ebsis\u00eb. Marr\u00ebdh\u00ebnia e ngusht\u00eb midis kombeve tona \u00ebsht\u00eb e nd\u00ebrtuar mbi vlerat e p\u00ebrbashk\u00ebta demokratike dhe nj\u00eb d\u00ebshir\u00eb reciproke p\u00ebr paqe dhe siguri.\u201dEdhe nj\u00eb vit m\u00eb her\u00ebt ne narcoshtet ishim, sipas gjith\u00eb em\u00ebrtesave t\u00eb Agjencive nd\u00ebrkomb\u00ebtare t\u00eb antimafias.<\/p>\n<p>Ajo \u00e7far\u00eb \u00ebsht\u00eb e re ndryshe nga \u00e7do urim n\u00eb 35 vite, vjen sot n\u00eb urimin amerikan n\u00eb Tiran\u00eb. Mes t\u00eb tjerash n\u00eb mesazhin e sekretarit Rubio thuhet se \u201c..gjithashtu, partneriteti yn\u00eb me forcat ligjzbatuese shqiptare i b\u00ebn qytetar\u00ebt tan\u00eb m\u00eb t\u00eb sigurt teksa ne p\u00ebrballemi me k\u00ebrc\u00ebnimet q\u00eb paraqiten prej grupeve kriminale nd\u00ebrkomb\u00ebtare, karteleve t\u00eb trafikut t\u00eb drog\u00ebs, si dhe atyre q\u00eb bashk\u00ebpunojn\u00eb me ta\u2026\u201d\u00a0 Qart\u00ebsisht vjen drejt ky deklarim p\u00ebr KM dhe qeveritar\u00ebt e oborrtar\u00ebt e tij t\u00eb implikuar.<\/p>\n<p>Vjen kjo pak dit\u00eb pas sanksionimit t\u00eb Luftar Hys\u00ebs familjarisht si lidhje e kartelit terrorist meksikan t\u00eb drog\u00ebs \u201cSinaloa\u201d . Kjo edhe me akuz\u00ebn si pastrues t\u00eb parave t\u00eb trafikut t\u00eb drog\u00ebs n\u00eb Shqip\u00ebri e vende t\u00eb tjera. E takimet e Hys\u00ebs me Ram\u00ebn n\u00eb zyr\u00ebn e KM, nuk jan\u00eb aspak sekret. Ndihma \u00ebsht\u00eb konfirmuar prej tij. Rama e di. USA nuk e konsideron m\u00eb individin Rama si aleat, por si kund\u00ebrshtar, si i vendosur n\u00eb an\u00ebn e karteleve t\u00eb drog\u00ebs.<\/p>\n<p>Dhe dje n\u00eb medien austriake duke u shtirur si servil evropian, p\u00ebrpiqej t\u00eb b\u00ebnte dallime shtetformini. Riktheu \u00e7mendurin\u00eb e 2016 n\u00eb CNN ku em\u00ebrtonte Trump rrezik p\u00ebr njer\u00ebzimin. Dje e trashi marr\u00ebzin\u00eb duke pohuar se amerikan\u00ebt nuk din\u00eb t\u00eb b\u00ebjn\u00eb shtet. Duke referuar Afganistanin, mes t\u00eb tjerash ai tha se \u201c\u2026d\u00ebshtuan keq sepse nuk e kan\u00eb perspektiv\u00ebn e Bashkimit Evropian. Dhe sepse askush tjet\u00ebr nuk di t\u00eb nd\u00ebrtoj\u00eb nj\u00eb shtet me institucione. Amerikan\u00ebt nuk kan\u00eb durim p\u00ebr k\u00ebt\u00eb pun\u00eb.<\/p>\n<p>Ata e kan\u00eb filozofin\u00eb e rregullimit t\u00eb gj\u00ebrave me bomba. Dhe pastaj me predikime..\u201d\u00a0 flet njeriu q\u00eb ka bombarduar Shqip\u00ebrin\u00eb me antishtet q\u00eb ka vjedhur \u00e7do pasuri qytetar\u00ebsh q\u00eb ka masakruar ligjin ekonomin\u00eb rendin dhe sigurin\u00eb. Q\u00eb ka lejuar miliarda euro t\u00eb kokain\u00ebs, duke kriminalizuar ekonomin\u00eb dhe politizuar krimin. I kapuri nga Mafia, i p\u00ebrdoruri nga Soros, p\u00ebr interrsa t\u00eb p\u00ebrbashk\u00ebta antikomb\u00ebtare, p\u00ebrp\u00eblitet t\u00eb mbijetoj\u00eb. Populli thot\u00eb se kur qenit i vjen ngordhja pshurr n\u00eb der\u00eb t\u00eb xhamis\u00eb. Miliardat e vjedhura jan\u00eb gjurmuar.<\/p>\n<p>Dosja NarcoRama nuk zhb\u00ebhet. Mesazhi i Rubio \u00ebsht\u00eb i duksh\u00ebm edhe p\u00ebr nj\u00eb pavar\u00ebsi t\u00eb re. P\u00ebr nj\u00eb pavar\u00ebsi nga pushtuesit e rinj t\u00eb Shqip\u00ebris\u00eb, nga kartelet terroriste t\u00eb drog\u00ebs, n\u00ebn kujdesin e ve\u00e7ant\u00eb t\u00eb KM Rama. Dhe \u00e7lirimi ka nisur t\u00eb vij\u00eb n\u00ebn kujdedin e ve\u00e7ant\u00eb t\u00eb partner\u00ebve dhe shqiptar\u00ebve patriot\u00eb\u2026<\/p>\n","protected":false},"excerpt":{"rendered":"<p>Nga Basir \u00c7OLLAKU KM Edi Rama duket se ka sigures\u00eb t\u00eb djegur t\u00eb qet\u00ebsis\u00eb dhe nj\u00ebher\u00ebsh ka t\u00eb ndezur alarmin e betej\u00ebs s\u00eb nxeht\u00eb me amerikan\u00ebt. Ai e di se dosja \u201cBalluku\u201d \u00ebsht\u00eb njlher\u00ebsh dosja e tij. Nuk do t\u00eb mungoj\u00eb t\u00eb jet\u00eb i pandehur n\u00eb k\u00ebt\u00eb ndjekje penale t\u00eb shtuar n\u00eb dosje. Por partner\u00ebt &hellip;<\/p>\n","protected":false},"author":4,"featured_media":65523,"comment_status":"closed","ping_status":"closed","sticky":false,"template":"","format":"standard","meta":{"footnotes":""},"categories":[44],"tags":[],"class_list":["post-129692","post","type-post","status-publish","format-standard","has-post-thumbnail","","category-editorial"],"_links":{"self":[{"href":"https:\/\/rdnews.al\/index.php\/wp-json\/wp\/v2\/posts\/129692","targetHints":{"allow":["GET"]}}],"collection":[{"href":"https:\/\/rdnews.al\/index.php\/wp-json\/wp\/v2\/posts"}],"about":[{"href":"https:\/\/rdnews.al\/index.php\/wp-json\/wp\/v2\/types\/post"}],"author":[{"embeddable":true,"href":"https:\/\/rdnews.al\/index.php\/wp-json\/wp\/v2\/users\/4"}],"replies":[{"embeddable":true,"href":"https:\/\/rdnews.al\/index.php\/wp-json\/wp\/v2\/comments?post=129692"}],"version-history":[{"count":2,"href":"https:\/\/rdnews.al\/index.php\/wp-json\/wp\/v2\/posts\/129692\/revisions"}],"predecessor-version":[{"id":129694,"href":"https:\/\/rdnews.al\/index.php\/wp-json\/wp\/v2\/posts\/129692\/revisions\/129694"}],"wp:featuredmedia":[{"embeddable":true,"href":"https:\/\/rdnews.al\/index.php\/wp-json\/wp\/v2\/media\/65523"}],"wp:attachment":[{"href":"https:\/\/rdnews.al\/index.php\/wp-json\/wp\/v2\/media?parent=129692"}],"wp:term":[{"taxonomy":"category","embeddable":true,"href":"https:\/\/rdnews.al\/index.php\/wp-json\/wp\/v2\/categories?post=129692"},{"taxonomy":"post_tag","embeddable":true,"href":"https:\/\/rdnews.al\/index.php\/wp-json\/wp\/v2\/tags?post=129692"}],"curies":[{"name":"wp","href":"https:\/\/api.w.org\/{rel}","templated":true}]}}