{"id":129704,"date":"2025-11-28T20:43:52","date_gmt":"2025-11-28T20:43:52","guid":{"rendered":"https:\/\/rdnews.al\/?p=129704"},"modified":"2025-11-28T20:43:52","modified_gmt":"2025-11-28T20:43:52","slug":"ferri-i-kreut-te-kartelit-cfare-po-i-bejne-amerikanet-kreut-te-sinaloas","status":"publish","type":"post","link":"https:\/\/rdnews.al\/index.php\/2025\/11\/28\/ferri-i-kreut-te-kartelit-cfare-po-i-bejne-amerikanet-kreut-te-sinaloas\/","title":{"rendered":"Ferri i kreut t\u00eb kartelit\/ \u00c7far\u00eb po i b\u00ebjn\u00eb amerikan\u00ebt kreut t\u00eb Sinaloas"},"content":{"rendered":"<p>Joaquin \u201cEl Chapo\u201d Guzm\u00e1n, ish-kreu i Kartelit Sinaloa dhe nj\u00eb nga trafikant\u00ebt m\u00eb fam\u00ebkeq t\u00eb drog\u00ebs n\u00eb bot\u00eb, po padit autoritetet federale amerikane duke pretenduar se kushtet e tij n\u00eb burgun e siguris\u00eb s\u00eb lart\u00eb ADX Florence p\u00ebrb\u00ebjn\u00eb \u201cnd\u00ebshkim mizor dhe t\u00eb pazakont\u00eb\u201d.<\/p>\n<p>Sipas\u00a0\u2018Daily Mail\u2019,\u00a0i burgosur q\u00eb nga viti 2019 dhe i vendosur n\u00eb seksionin m\u00eb t\u00eb izoluar t\u00eb burgut, ai kalon rreth 23 or\u00eb n\u00eb dit\u00eb vet\u00ebm n\u00eb qeli, me kontakt minimal njer\u00ebzor.<\/p>\n<p>Sipas avokatit t\u00eb tij David Lane, El Chapo \u00ebsht\u00eb aq i izoluar sa ka filluar t\u00eb mb\u00ebshtetet emocionalisht tek nj\u00eb p\u00ebrkthyese spanjolle q\u00eb e viziton p\u00ebr \u00e7\u00ebshtje ligjore, t\u00eb cil\u00ebn ai e p\u00ebrshkruan si \u201ct\u00ebrheq\u00ebse\u201d. N\u00eb ADX, ku vizitat zhvillohen p\u00ebrmes xhamit t\u00eb trash\u00eb dhe monitorohen vazhdimisht, p\u00ebrkthyeset dhe asistentet ligjore shpesh p\u00ebrb\u00ebjn\u00eb t\u00eb vetmen form\u00eb shoq\u00ebrie p\u00ebr kriminel\u00ebt m\u00eb t\u00eb rreziksh\u00ebm.<\/p>\n<p>Guzm\u00e1n ankohet p\u00ebr vite munges\u00eb gjumi, dhimbje t\u00eb vazhdueshme t\u00eb sinuseve dhe probleme sh\u00ebndet\u00ebsore q\u00eb, sipas padis\u00eb, nuk po marrin trajtim e nevojsh\u00ebmt. Ai pretendon se qelia mbinxehet n\u00eb m\u00ebnyr\u00eb ciklike gjat\u00eb nat\u00ebs, duke e detyruar t\u00eb flej\u00eb n\u00eb korniz\u00ebn e betonit. Izolimi n\u00ebn masat e ve\u00e7anta SAMS e ka l\u00ebn\u00eb pothuajse krejt\u00ebsisht t\u00eb shk\u00ebputur nga familja, p\u00ebrve\u00e7 telefonatave tejet t\u00eb kufizuara me vajzat binjake, dhe me akses minimal te profesionist\u00ebt e sh\u00ebndetit mendor q\u00eb flasin spanjisht.<\/p>\n<p>M\u00eb par\u00eb, El Chapo drejtoi p\u00ebr dekada Kartelin Sinaloa, i p\u00ebrfshir\u00eb n\u00eb trafikimin e sasive t\u00eb m\u00ebdha t\u00eb drog\u00ebs dhe vrasje t\u00eb shumta. Ai u b\u00eb legjendar p\u00ebr dy arratisjet spektakolare nga burgjet meksikane, p\u00ebrfshir\u00eb tunelin nj\u00eb milje t\u00eb gjat\u00eb n\u00eb vitin 2015. Bashk\u00ebshortja e tij, Emma Coronel, e cila dyshohet se ndihmoi n\u00eb arratisjen e tij t\u00eb fundit, u d\u00ebnua n\u00eb SHBA n\u00eb vitin 2021 dhe sot jeton n\u00ebn mbik\u00ebqyrje federale.<\/p>\n<p>Edhe brenda ADX, raportet sugjerojn\u00eb se Guzm\u00e1n ka krijuar nj\u00eb lidhje t\u00eb pazakont\u00eb me nj\u00eb t\u00eb burgosur tjet\u00ebr, mashtruesin James \u201cJimmy\u201d Sabatino, me t\u00eb cilin komunikon p\u00ebrmes mureve. Edhe Sabatino ka paditur burgun duke pretenduar se izolimi i gjat\u00eb po d\u00ebmton r\u00ebnd\u00eb sh\u00ebndetin e tij dhe t\u00eb El Chapos, duke k\u00ebrkuar q\u00eb t\u00eb lejohen t\u00eb ushtrohen s\u00eb bashku n\u00eb kafazet e jashtme.<\/p>\n<p>Avokat\u00ebt e El Chapos thon\u00eb se ai po p\u00ebrpiqet t\u00eb m\u00ebsoj\u00eb anglisht, por materialet q\u00eb i jepen jan\u00eb t\u00eb pakuptueshme pa udh\u00ebzime n\u00eb spanjisht, duke e penguar t\u00eb marr\u00eb pjes\u00eb plot\u00ebsisht n\u00eb proceset ligjore dhe t\u00eb nd\u00ebrtoj\u00eb ndonj\u00eb kontakt real njer\u00ebzor, nd\u00ebrsa Byroja e Burgjeve nuk ka komentuar p\u00ebr padin\u00eb e tij.<\/p>\n<div class=\"c-flexy col2 \">\n<article class=\"a-card\">\n<div class=\"a-card_image\"><\/div>\n<\/article>\n<\/div>\n","protected":false},"excerpt":{"rendered":"<p>Joaquin \u201cEl Chapo\u201d Guzm\u00e1n, ish-kreu i Kartelit Sinaloa dhe nj\u00eb nga trafikant\u00ebt m\u00eb fam\u00ebkeq t\u00eb drog\u00ebs n\u00eb bot\u00eb, po padit autoritetet federale amerikane duke pretenduar se kushtet e tij n\u00eb burgun e siguris\u00eb s\u00eb lart\u00eb ADX Florence p\u00ebrb\u00ebjn\u00eb \u201cnd\u00ebshkim mizor dhe t\u00eb pazakont\u00eb\u201d. Sipas\u00a0\u2018Daily Mail\u2019,\u00a0i burgosur q\u00eb nga viti 2019 dhe i vendosur n\u00eb seksionin &hellip;<\/p>\n","protected":false},"author":3,"featured_media":129705,"comment_status":"closed","ping_status":"closed","sticky":false,"template":"","format":"standard","meta":{"footnotes":""},"categories":[37],"tags":[],"class_list":["post-129704","post","type-post","status-publish","format-standard","has-post-thumbnail","","category-politike"],"_links":{"self":[{"href":"https:\/\/rdnews.al\/index.php\/wp-json\/wp\/v2\/posts\/129704","targetHints":{"allow":["GET"]}}],"collection":[{"href":"https:\/\/rdnews.al\/index.php\/wp-json\/wp\/v2\/posts"}],"about":[{"href":"https:\/\/rdnews.al\/index.php\/wp-json\/wp\/v2\/types\/post"}],"author":[{"embeddable":true,"href":"https:\/\/rdnews.al\/index.php\/wp-json\/wp\/v2\/users\/3"}],"replies":[{"embeddable":true,"href":"https:\/\/rdnews.al\/index.php\/wp-json\/wp\/v2\/comments?post=129704"}],"version-history":[{"count":1,"href":"https:\/\/rdnews.al\/index.php\/wp-json\/wp\/v2\/posts\/129704\/revisions"}],"predecessor-version":[{"id":129706,"href":"https:\/\/rdnews.al\/index.php\/wp-json\/wp\/v2\/posts\/129704\/revisions\/129706"}],"wp:featuredmedia":[{"embeddable":true,"href":"https:\/\/rdnews.al\/index.php\/wp-json\/wp\/v2\/media\/129705"}],"wp:attachment":[{"href":"https:\/\/rdnews.al\/index.php\/wp-json\/wp\/v2\/media?parent=129704"}],"wp:term":[{"taxonomy":"category","embeddable":true,"href":"https:\/\/rdnews.al\/index.php\/wp-json\/wp\/v2\/categories?post=129704"},{"taxonomy":"post_tag","embeddable":true,"href":"https:\/\/rdnews.al\/index.php\/wp-json\/wp\/v2\/tags?post=129704"}],"curies":[{"name":"wp","href":"https:\/\/api.w.org\/{rel}","templated":true}]}}