{"id":129766,"date":"2025-11-30T19:17:38","date_gmt":"2025-11-30T19:17:38","guid":{"rendered":"https:\/\/rdnews.al\/?p=129766"},"modified":"2025-11-30T19:17:38","modified_gmt":"2025-11-30T19:17:38","slug":"zbulimi-trondites-si-u-perfshi-vucic-ne-vrasjet-me-snajper-ne-sarajeve","status":"publish","type":"post","link":"https:\/\/rdnews.al\/index.php\/2025\/11\/30\/zbulimi-trondites-si-u-perfshi-vucic-ne-vrasjet-me-snajper-ne-sarajeve\/","title":{"rendered":"Zbulimi trondit\u00ebs\/ Si u p\u00ebrfshi Vu\u00e7i\u00e7 n\u00eb vrasjet me snajper n\u00eb Sarajev\u00eb"},"content":{"rendered":"<p><strong>Gazetari Domagoj Margeti\u00e7 ka b\u00ebr\u00eb nj\u00eb zbulim t\u00eb jasht\u00ebzakonsh\u00ebm n\u00eb lidhje me presidentin serb Aleksand\u00ebr Vu\u00e7i\u00e7, duke e akuzuar at\u00eb p\u00ebr p\u00ebrfshirje n\u00eb vrasjet e ndodhura gjat\u00eb luft\u00ebs n\u00eb Bosnje e Hercegovin\u00eb. N\u00eb nj\u00eb intervist\u00eb ekskluzive p\u00ebr Balkan Talks n\u00eb Euronews Albania, ai ka ofruar detaje t\u00eb r\u00ebnd\u00ebsishme nga hetimi i tij, q\u00eb hedhin drit\u00eb mbi rolin e Vu\u00e7i\u00e7it n\u00eb nj\u00eb grup snajperist\u00ebsh.<\/strong><\/p>\n<p>Hetimi i Margeti\u00e7it p\u00ebrfshin d\u00ebshmi t\u00eb shumta, duke p\u00ebrfshir\u00eb informacionin se Vu\u00e7i\u00e7 ishte i pranish\u00ebm n\u00eb af\u00ebrsi t\u00eb Sarajev\u00ebs, duke u lidhur me nj\u00eb nj\u00ebsit\u00eb paraushtarake q\u00eb vepronte n\u00eb at\u00eb koh\u00eb. Ai ka zbuluar se kjo nj\u00ebsit\u00eb kishte leje kalimi nga institucionet serbe, duke e b\u00ebr\u00eb situat\u00ebn edhe m\u00eb t\u00eb komplikuar.<\/p>\n<p>\u201cD\u00ebshmitar\u00ebt kan\u00eb konfirmuar se Vu\u00e7i\u00e7 ishte nj\u00eb nga ata q\u00eb shoq\u00ebronte snajperist\u00ebt dhe kishte nj\u00eb badge t\u00eb sh\u00ebrbimeve sekrete serbe. Mirko Blagojevi\u0107, kreu i nj\u00ebsis\u00eb, e ka identifikuar Vu\u00e7i\u00e7in si nj\u00eb nga organizator\u00ebt e l\u00ebvizjeve t\u00eb tyre\u201d, ka th\u00ebn\u00eb Margeti\u00e7, duke theksuar r\u00ebnd\u00ebsin\u00eb e k\u00ebtyre informacioneve p\u00ebr historin\u00eb e luft\u00ebs n\u00eb Bosnje.<\/p>\n<p>Nj\u00eb aspekt tjet\u00ebr i r\u00ebnd\u00ebsish\u00ebm i hetimit \u00ebsht\u00eb se snajperist\u00ebt udh\u00ebhiqeshin nga individ\u00eb t\u00eb nj\u00ebsive paraushtarake, t\u00eb cil\u00ebt kishin nj\u00eb rol t\u00eb r\u00ebnd\u00ebsish\u00ebm n\u00eb operacionet e vrasjeve. Margeti\u00e7 ka theksuar se shumica e d\u00ebshmive t\u00eb tij vijn\u00eb nga ish-an\u00ebtar\u00eb t\u00eb k\u00ebtyre nj\u00ebsive, duke e b\u00ebr\u00eb hetimin m\u00eb t\u00eb besuesh\u00ebm.<\/p>\n<p>\u201cAta l\u00ebviznin nga lokaliteti Ipale tek varrezat hebraike, duke kaluar n\u00ebp\u00ebr zona me turist\u00eb. D\u00ebshmitar\u00ebt q\u00eb kam intervistuar kan\u00eb konfirmuar se Vu\u00e7i\u00e7 ishte pjes\u00eb e k\u00ebsaj nj\u00ebsie dhe se ai kishte nj\u00eb rol aktiv n\u00eb organizimin e k\u00ebtyre operacioneve\u201d, ka shtuar ai.<\/p>\n<p>Margeti\u00e7 ka theksuar se informacionet e tij nuk jan\u00eb t\u00eb orientuara ndaj popullit serb, por p\u00ebrfshijn\u00eb vet\u00ebm ata q\u00eb kan\u00eb marr\u00eb pjes\u00eb n\u00eb k\u00ebto krime. Kjo qasje e tij tregon p\u00ebrkushtimin p\u00ebr t\u00eb zbuluar t\u00eb v\u00ebrtet\u00ebn pa paragjykime.<\/p>\n<p>Ky zbulim i ri ka ngritur shum\u00eb pyetje mbi rolin e Vu\u00e7i\u00e7it gjat\u00eb luft\u00ebs dhe mbi p\u00ebrgjegj\u00ebsit\u00eb e tij si lider aktual. A \u00ebsht\u00eb ai i gatsh\u00ebm t\u00eb p\u00ebrballet me t\u00eb kaluar\u00ebn e tij? Kjo \u00ebsht\u00eb nj\u00eb pyetje q\u00eb k\u00ebrkon p\u00ebrgjigje nga vet\u00eb ai.<\/p>\n<p>Me k\u00ebt\u00eb hetim, Margeti\u00e7 ka hapur nj\u00eb debat t\u00eb r\u00ebnd\u00ebsish\u00ebm mbi p\u00ebrgjegj\u00ebsit\u00eb e lider\u00ebve politik\u00eb n\u00eb kontekstin e krimeve t\u00eb luft\u00ebs. A do t\u00eb ket\u00eb ndonj\u00eb pasoj\u00eb p\u00ebr ata q\u00eb kan\u00eb qen\u00eb t\u00eb p\u00ebrfshir\u00eb n\u00eb k\u00ebto aktivitete? Lexuesit jan\u00eb t\u00eb ftuar t\u00eb ndajn\u00eb mendimet e tyre mbi k\u00ebt\u00eb \u00e7\u00ebshtje t\u00eb ndjeshme dhe t\u00eb r\u00ebnd\u00ebsishme.<\/p>\n","protected":false},"excerpt":{"rendered":"<p>Gazetari Domagoj Margeti\u00e7 ka b\u00ebr\u00eb nj\u00eb zbulim t\u00eb jasht\u00ebzakonsh\u00ebm n\u00eb lidhje me presidentin serb Aleksand\u00ebr Vu\u00e7i\u00e7, duke e akuzuar at\u00eb p\u00ebr p\u00ebrfshirje n\u00eb vrasjet e ndodhura gjat\u00eb luft\u00ebs n\u00eb Bosnje e Hercegovin\u00eb. N\u00eb nj\u00eb intervist\u00eb ekskluzive p\u00ebr Balkan Talks n\u00eb Euronews Albania, ai ka ofruar detaje t\u00eb r\u00ebnd\u00ebsishme nga hetimi i tij, q\u00eb hedhin drit\u00eb &hellip;<\/p>\n","protected":false},"author":3,"featured_media":129768,"comment_status":"closed","ping_status":"closed","sticky":false,"template":"","format":"standard","meta":{"footnotes":""},"categories":[38],"tags":[],"class_list":["post-129766","post","type-post","status-publish","format-standard","has-post-thumbnail","","category-bota"],"_links":{"self":[{"href":"https:\/\/rdnews.al\/index.php\/wp-json\/wp\/v2\/posts\/129766","targetHints":{"allow":["GET"]}}],"collection":[{"href":"https:\/\/rdnews.al\/index.php\/wp-json\/wp\/v2\/posts"}],"about":[{"href":"https:\/\/rdnews.al\/index.php\/wp-json\/wp\/v2\/types\/post"}],"author":[{"embeddable":true,"href":"https:\/\/rdnews.al\/index.php\/wp-json\/wp\/v2\/users\/3"}],"replies":[{"embeddable":true,"href":"https:\/\/rdnews.al\/index.php\/wp-json\/wp\/v2\/comments?post=129766"}],"version-history":[{"count":1,"href":"https:\/\/rdnews.al\/index.php\/wp-json\/wp\/v2\/posts\/129766\/revisions"}],"predecessor-version":[{"id":129770,"href":"https:\/\/rdnews.al\/index.php\/wp-json\/wp\/v2\/posts\/129766\/revisions\/129770"}],"wp:featuredmedia":[{"embeddable":true,"href":"https:\/\/rdnews.al\/index.php\/wp-json\/wp\/v2\/media\/129768"}],"wp:attachment":[{"href":"https:\/\/rdnews.al\/index.php\/wp-json\/wp\/v2\/media?parent=129766"}],"wp:term":[{"taxonomy":"category","embeddable":true,"href":"https:\/\/rdnews.al\/index.php\/wp-json\/wp\/v2\/categories?post=129766"},{"taxonomy":"post_tag","embeddable":true,"href":"https:\/\/rdnews.al\/index.php\/wp-json\/wp\/v2\/tags?post=129766"}],"curies":[{"name":"wp","href":"https:\/\/api.w.org\/{rel}","templated":true}]}}