{"id":129769,"date":"2025-11-30T19:18:30","date_gmt":"2025-11-30T19:18:30","guid":{"rendered":"https:\/\/rdnews.al\/?p=129769"},"modified":"2025-11-30T19:18:37","modified_gmt":"2025-11-30T19:18:37","slug":"129769","status":"publish","type":"post","link":"https:\/\/rdnews.al\/index.php\/2025\/11\/30\/129769\/","title":{"rendered":"Berisha: Rama mashtroi n\u00eb prani t\u00eb Kosit p\u00ebr t\u00eb mbrojtur Ballukun! Frik\u00eb nga drejt\u00ebsia!"},"content":{"rendered":"<p>Berisha: Rama mashtroi n\u00eb prani t\u00eb Kosit p\u00ebr t\u00eb mbrojtur Ballukun! Frik\u00eb nga drejt\u00ebsia!Kryetari i PD, Sali Berisha ka reaguar pas deklarat\u00ebs s\u00eb Edi Ram\u00ebs, i cili u shpreh n\u00eb prani t\u00eb Komisioneres p\u00ebr Zgjerimin n\u00eb BE, Marta Kos, se \u201cpraktika e GJKKO p\u00ebr t\u00eb pezulluar zv\/kryeministren e pandehur Belinda Balluku,\u00a0\u00ebsht\u00eb unike n\u00eb Europ\u00eb\u201d.<\/p>\n<p>N\u00eb nj\u00eb postim n\u00eb rrjete sociale, Berisha shkruan se, kjo \u00ebsht\u00eb nj\u00eb g\u00ebnjesht\u00ebr e Ram\u00ebs, pasi sipas tij pezullimi i ministrave gjat\u00eb hetimeve \u00ebsht\u00eb praktik\u00eb normale n\u00eb BE.<\/p>\n<p>Berisha thot\u00eb se kjo deklarat\u00eb e Ram\u00ebs n\u00eb mbrojtje t\u00eb Ballukut vjen pasi ka frik\u00eb nga drejt\u00ebsia.<\/p>\n<p>\u201cRama mashtroi paturp\u00ebsisht n\u00eb deklarat\u00ebn me Marta Kos p\u00ebr t\u00eb mbrojtur Lubin\u00eb. Pezullimi i ministrave gjat\u00eb hetimeve \u00ebsht\u00eb praktik\u00eb normale n\u00eb BE: Rumani, Itali, Franc\u00eb, Belgjik\u00eb, Kroaci, Spanj\u00eb. Vet\u00ebm n\u00eb Shqip\u00ebrin\u00eb e Rama\u2013Ballukut prezantohet si \u201cpu\u00e7\u201d. E v\u00ebrteta \u00ebsht\u00eb e thjesht\u00eb: frik\u00eb nga drejt\u00ebsia!\u201d,\u00a0shkruan Berisha.<\/p>\n","protected":false},"excerpt":{"rendered":"<p>Berisha: Rama mashtroi n\u00eb prani t\u00eb Kosit p\u00ebr t\u00eb mbrojtur Ballukun! Frik\u00eb nga drejt\u00ebsia!Kryetari i PD, Sali Berisha ka reaguar pas deklarat\u00ebs s\u00eb Edi Ram\u00ebs, i cili u shpreh n\u00eb prani t\u00eb Komisioneres p\u00ebr Zgjerimin n\u00eb BE, Marta Kos, se \u201cpraktika e GJKKO p\u00ebr t\u00eb pezulluar zv\/kryeministren e pandehur Belinda Balluku,\u00a0\u00ebsht\u00eb unike n\u00eb Europ\u00eb\u201d. N\u00eb &hellip;<\/p>\n","protected":false},"author":4,"featured_media":129771,"comment_status":"closed","ping_status":"closed","sticky":false,"template":"","format":"standard","meta":{"footnotes":""},"categories":[37],"tags":[],"class_list":["post-129769","post","type-post","status-publish","format-standard","has-post-thumbnail","","category-politike"],"_links":{"self":[{"href":"https:\/\/rdnews.al\/index.php\/wp-json\/wp\/v2\/posts\/129769","targetHints":{"allow":["GET"]}}],"collection":[{"href":"https:\/\/rdnews.al\/index.php\/wp-json\/wp\/v2\/posts"}],"about":[{"href":"https:\/\/rdnews.al\/index.php\/wp-json\/wp\/v2\/types\/post"}],"author":[{"embeddable":true,"href":"https:\/\/rdnews.al\/index.php\/wp-json\/wp\/v2\/users\/4"}],"replies":[{"embeddable":true,"href":"https:\/\/rdnews.al\/index.php\/wp-json\/wp\/v2\/comments?post=129769"}],"version-history":[{"count":2,"href":"https:\/\/rdnews.al\/index.php\/wp-json\/wp\/v2\/posts\/129769\/revisions"}],"predecessor-version":[{"id":129773,"href":"https:\/\/rdnews.al\/index.php\/wp-json\/wp\/v2\/posts\/129769\/revisions\/129773"}],"wp:featuredmedia":[{"embeddable":true,"href":"https:\/\/rdnews.al\/index.php\/wp-json\/wp\/v2\/media\/129771"}],"wp:attachment":[{"href":"https:\/\/rdnews.al\/index.php\/wp-json\/wp\/v2\/media?parent=129769"}],"wp:term":[{"taxonomy":"category","embeddable":true,"href":"https:\/\/rdnews.al\/index.php\/wp-json\/wp\/v2\/categories?post=129769"},{"taxonomy":"post_tag","embeddable":true,"href":"https:\/\/rdnews.al\/index.php\/wp-json\/wp\/v2\/tags?post=129769"}],"curies":[{"name":"wp","href":"https:\/\/api.w.org\/{rel}","templated":true}]}}