{"id":129790,"date":"2025-12-01T09:37:43","date_gmt":"2025-12-01T09:37:43","guid":{"rendered":"https:\/\/rdnews.al\/?p=129790"},"modified":"2025-12-01T09:37:43","modified_gmt":"2025-12-01T09:37:43","slug":"berisha-elvis-doci-dhe-kreshnik-farruku-kafe-me-dumanin-troplinet-4-vite-qe-perdorin-portin-e-durresit","status":"publish","type":"post","link":"https:\/\/rdnews.al\/index.php\/2025\/12\/01\/berisha-elvis-doci-dhe-kreshnik-farruku-kafe-me-dumanin-troplinet-4-vite-qe-perdorin-portin-e-durresit\/","title":{"rendered":"Berisha: Elvis Do\u00e7i dhe Kreshnik Farruku, kafe me Dumanin! Troplin\u00ebt, 4 vite q\u00eb p\u00ebrdorin portin e Durr\u00ebsit!"},"content":{"rendered":"<p>Kryetari i PD, Sali Berisha ka hedhur akuza t\u00eb forta n\u00eb adres\u00eb t\u00eb drejtuesit t\u00eb SPAK, Altin Dumani.<\/p>\n<p>N\u00eb fjal\u00ebn e tij pas daljes nga SPAK Berisha tha se, Elvis Do\u00e7i dhe Kreshnik Farruku, dy personazhe t\u00eb njohur p\u00ebr autoritetet ligjzbatuese n\u00eb fush\u00ebn e narkotik\u00ebve, po pinin kafe me Dumanin, nd\u00ebrsa n\u00eb Portin e Diurr\u00ebsit nuk kapet asnj\u00eb sasi droge.<\/p>\n<p>&#8220;Aty nuk ishte pushim.<\/p>\n<p>Aty ishte Poja, kishte Elvis Do\u00e7in n\u00eb zyr\u00eb.<\/p>\n<p>Ai \u00ebsht\u00eb n\u00eb k\u00ebrkim, por ata aty po jepnin fitimin e ngarkesave t\u00eb fundit.<\/p>\n<p>Por kishte aty edhe Kreshnik Farrukun, dy t\u00eb fundit, t\u00eb cil\u00ebt i detyrohen Troplinit lirin\u00eb ku jan\u00eb dhe fshehjen e mandat-arresteve.<\/p>\n<p>Ju e mor\u00ebt vesh q\u00eb operacioni i fundit kishte n\u00eb epiqend\u00ebr p\u00ebrs\u00ebri Troplinin, Elvis Do\u00e7in.<\/p>\n<p>Pra, ka 4 vite q\u00eb n\u00eb portin kryesor t\u00eb vendit, q\u00eb administrohet nga Troplin\u00ebt, nuk kapet asnj\u00eb kg kokain\u00eb, nd\u00ebrkoh\u00eb q\u00eb nga ky port nisin drejt Italis\u00eb dhe vendeve t\u00eb tjera tonelata dhe tonelata.<\/p>\n<p>Jav\u00ebn e kaluar, operacioni n\u00eb Breshia, q\u00eb kishte n\u00eb epiqend\u00ebr Elvis Do\u00e7in, rezultoi se kishin nisur nga Durr\u00ebsi 1.3 ton kokain\u00eb&#8221;, tha Berisha.<\/p>\n","protected":false},"excerpt":{"rendered":"<p>Kryetari i PD, Sali Berisha ka hedhur akuza t\u00eb forta n\u00eb adres\u00eb t\u00eb drejtuesit t\u00eb SPAK, Altin Dumani. N\u00eb fjal\u00ebn e tij pas daljes nga SPAK Berisha tha se, Elvis Do\u00e7i dhe Kreshnik Farruku, dy personazhe t\u00eb njohur p\u00ebr autoritetet ligjzbatuese n\u00eb fush\u00ebn e narkotik\u00ebve, po pinin kafe me Dumanin, nd\u00ebrsa n\u00eb Portin e Diurr\u00ebsit &hellip;<\/p>\n","protected":false},"author":4,"featured_media":129791,"comment_status":"closed","ping_status":"closed","sticky":false,"template":"","format":"standard","meta":{"footnotes":""},"categories":[37],"tags":[],"class_list":["post-129790","post","type-post","status-publish","format-standard","has-post-thumbnail","","category-politike"],"_links":{"self":[{"href":"https:\/\/rdnews.al\/index.php\/wp-json\/wp\/v2\/posts\/129790","targetHints":{"allow":["GET"]}}],"collection":[{"href":"https:\/\/rdnews.al\/index.php\/wp-json\/wp\/v2\/posts"}],"about":[{"href":"https:\/\/rdnews.al\/index.php\/wp-json\/wp\/v2\/types\/post"}],"author":[{"embeddable":true,"href":"https:\/\/rdnews.al\/index.php\/wp-json\/wp\/v2\/users\/4"}],"replies":[{"embeddable":true,"href":"https:\/\/rdnews.al\/index.php\/wp-json\/wp\/v2\/comments?post=129790"}],"version-history":[{"count":1,"href":"https:\/\/rdnews.al\/index.php\/wp-json\/wp\/v2\/posts\/129790\/revisions"}],"predecessor-version":[{"id":129792,"href":"https:\/\/rdnews.al\/index.php\/wp-json\/wp\/v2\/posts\/129790\/revisions\/129792"}],"wp:featuredmedia":[{"embeddable":true,"href":"https:\/\/rdnews.al\/index.php\/wp-json\/wp\/v2\/media\/129791"}],"wp:attachment":[{"href":"https:\/\/rdnews.al\/index.php\/wp-json\/wp\/v2\/media?parent=129790"}],"wp:term":[{"taxonomy":"category","embeddable":true,"href":"https:\/\/rdnews.al\/index.php\/wp-json\/wp\/v2\/categories?post=129790"},{"taxonomy":"post_tag","embeddable":true,"href":"https:\/\/rdnews.al\/index.php\/wp-json\/wp\/v2\/tags?post=129790"}],"curies":[{"name":"wp","href":"https:\/\/api.w.org\/{rel}","templated":true}]}}