{"id":129793,"date":"2025-12-01T09:44:34","date_gmt":"2025-12-01T09:44:34","guid":{"rendered":"https:\/\/rdnews.al\/?p=129793"},"modified":"2025-12-01T09:44:34","modified_gmt":"2025-12-01T09:44:34","slug":"berisha-altin-troplini-nga-prokuror-eshte-shnderruar-ne-avokatin-e-shperfytyruar-te-irenes-me-5-mbiemra","status":"publish","type":"post","link":"https:\/\/rdnews.al\/index.php\/2025\/12\/01\/berisha-altin-troplini-nga-prokuror-eshte-shnderruar-ne-avokatin-e-shperfytyruar-te-irenes-me-5-mbiemra\/","title":{"rendered":"Berisha: Altin &#8220;Troplini&#8221;, nga prokuror \u00ebsht\u00eb shnd\u00ebrruar n\u00eb avokatin e shp\u00ebrfytyruar t\u00eb Iren\u00ebs me 5 mbiemra!"},"content":{"rendered":"<p>Kryetari i PD, Sali Berisha tha se, Altin &#8220;Troplini&#8221;, nga prokuror \u00ebsht\u00eb shnd\u00ebrruar n\u00eb avokatin e shp\u00ebrfytyruar t\u00eb Iren\u00ebs me 5 mbiemra!<\/p>\n<p>Berisha tha se, edhe deklarata e K\u00ebshillit t\u00eb Lart\u00eb Gjyq\u00ebsor, lidhur me rastin e gjyqtares Gjoka, ishte mburoj\u00eb mbrojtjeje p\u00ebr t\u00eb.<\/p>\n<p>Duke folur p\u00ebr r\u00ebnd\u00ebsin\u00eb e figur\u00ebs s\u00eb gjyqtarit p\u00ebr nj\u00eb shtet, Berisha tha se askush nuk pajtohet me mohimin nga Gjoka si e d\u00ebnuar n\u00eb shtetin Helen.<\/p>\n<p>&#8220;Nj\u00eb grua, nj\u00eb n\u00ebn\u00eb, q\u00eb heq \u00e7do lloj cipe dhe u thot\u00eb medieve q\u00eb nuk ka qen\u00eb kurr\u00eb e d\u00ebnuar. Un\u00eb besoj se nuk ka njeri t\u00eb ndersh\u00ebm q\u00eb mund t\u00eb pajtohet me nj\u00eb person si kjo, q\u00eb nuk ka norm\u00eb, nuk ka standard moral, por mbrohet nga Altin Troplini\u2019, theksoi Berisha gjat\u00eb fjalimit para SPAK p\u00ebr gazetar\u00ebt.<\/p>\n<p>Tani, p\u00ebrs\u00ebri do kthehemi tek ikona e drejt\u00ebsis\u00eb t\u00eb Troplin\u00ebve dhe Altin Troplinit, Irena Gjoka.<\/p>\n<p>N\u00eb mars t\u00eb vitit 2024, gazeta Ta Nea boton shkrimin se Irena Gjoka \u00ebsht\u00eb d\u00ebbuar nga Greqia.<\/p>\n<p>Me 4 mars 2024, KLGJ nxjerr deklarat\u00eb n\u00eb mbrojtje t\u00eb Irena Gjok\u00ebs, fytyra e v\u00ebrtet\u00eb e qeveris\u00eb s\u00eb drejt\u00ebsis\u00eb.<\/p>\n<p>Kush ishte kjo?<\/p>\n<p>N\u00eb at\u00eb koh\u00eb ka qen\u00eb Llagami mos gabohem.<\/p>\n<p>Llagami, e cila p\u00ebr qytetar\u00ebt deklaron se nuk ka drejt\u00ebsi,kurse p\u00ebr vete merr me procese t\u00eb shpejtuara 3 milion\u00eb euro shp\u00ebrblimin p\u00ebr pronat e veta.<\/p>\n<p>Natyrisht pronat kan\u00eb qen\u00eb t\u00eb familjes, nuk mojohet, por q\u00eb t\u2019i marr\u00ebsh ato me nj\u00eb shpejt\u00ebsi t\u00eb rrufeshme, vet\u00ebm ajo e ka b\u00ebr\u00eb k\u00ebt\u00eb.<\/p>\n<p>Ndaj dhe b\u00ebnte deklarat\u00eb n\u00eb mbrojtje t\u00eb Iren\u00ebs.<\/p>\n<p>Me 4.5.2024, gazeta Protothema nxjerr vendimin e gjykat\u00ebs p\u00ebr d\u00ebbimin e Irena Gjok\u00ebs.<\/p>\n<p>Me 7 maj 2024, pra para 20 muajsh, prokuroria deklaron se po nis hetim t\u00eb thelluar.<\/p>\n<p>Pra, prej 18 muajsh e mban n\u00eb sirtar hetimin pa asnj\u00eb rezultat. E ka futur n\u00eb turshi.<\/p>\n<p>Ky \u00ebsht\u00eb ligji p\u00ebr k\u00ebta.<\/p>\n<p>K\u00ebta jan\u00eb njer\u00ebzit e ligjit, q\u00eb i paguani ju o qytetar\u00eb me rrogat m\u00eb t\u00eb lartat n\u00eb Europ\u00eb.<\/p>\n<p>Ne nuk i kemi votuar kurr\u00eb k\u00ebta.<\/p>\n<p>K\u00ebta nuk i kemi votuar.<\/p>\n<p>Un\u00eb po b\u00ebj fjal\u00eb p\u00ebr persona, sepse k\u00ebtu meqen\u00ebse doni, absolutisht ka njer\u00ebz t\u00eb ndersh\u00ebm, njer\u00ebz pun\u00ebtor\u00eb, njer\u00ebz q\u00eb kan\u00eb d\u00ebshir\u00eb t\u00eb b\u00ebjn\u00eb ligjin.<\/p>\n<p>Do ishte gabim t\u00eb mendohej se jan\u00eb t\u00eb gjith\u00eb Troplin\u00eb apo Irena Gjok\u00eb, por ky \u00ebsht\u00eb nj\u00eb binom. Troplini mendon Gjok\u00ebn, vet\u00ebm nj\u00eb si Altin Troplini mund t\u00eb b\u00ebj\u00eb nj\u00eb gj\u00eb t\u00eb till\u00eb, t\u00eb pranoj\u00eb nj\u00eb delinkuente si Irena Gjoka, duke e ditur se diskrediton cdo dit\u00eb gjyqtarin, prokurorin, por duke qen\u00eb peng q\u00eb t\u00eb dy, nuk kan\u00eb interesa t\u00eb tjera, p\u00ebrve\u00e7 interesave t\u00eb tyre personale.<\/p>\n<p>Me nj\u00eb fjal\u00eb, jan\u00eb dy faqezinj, q\u00eb k\u00ebrkojn\u00eb t\u2019u nxijn\u00eb faqen t\u00eb tjer\u00ebve.<\/p>\n<p>Por t\u00eb tjer\u00ebt nuk jan\u00eb si ata. T\u00eb jemi realist\u00eb sepse do ishte gabim t\u00eb mendonim se t\u00eb gjith\u00eb ata punonj\u00ebs aty kan\u00eb moralin e Poj\u00ebs s\u00eb Skapit apo t\u00eb Irena Gjok\u00ebs.<\/p>\n<p>Me dat\u00ebn 2 maj 2025, gjykata e Janin\u00ebs l\u00ebshon vendimin me vul\u00eb apostile jo vet\u00ebm p\u00ebr dy d\u00ebbimet p\u00ebr Iren\u00ebs, por edhe p\u00ebr d\u00ebnimin e saj penal t\u00eb form\u00ebs s\u00eb prer\u00eb.<\/p>\n<p>Me dat\u00ebn 5 maj, paraqita k\u00ebtu para jush vendimin me vul\u00eb apostile. Para dyerve t\u00eb Skapit.<\/p>\n<p>Me dat\u00ebn 5 maj 2025, Irena Gjoka mohon q\u00eb t\u00eb jet\u00eb d\u00ebnuar. Pra, a ka m\u00eb faqezez\u00eb se kjo?<\/p>\n<p>Gjykat\u00ebsja \u00ebsht\u00eb nj\u00eb figur\u00eb jasht\u00ebzakonisht e r\u00ebnd\u00ebsishme p\u00ebr nj\u00eb shtet. Nj\u00eb grua, nj\u00eb n\u00ebn\u00eb, q\u00eb heq \u00e7do lloj cipe dhe u thot\u00eb medieve q\u00eb nuk ka qen\u00eb kurr\u00eb e d\u00ebnuar.<\/p>\n<p>Un\u00eb besoj se nuk ka njeri t\u00eb ndersh\u00ebm q\u00eb mund t\u00eb pajtohet me nj\u00eb person si kjo, q\u00eb nuk ka norm\u00eb, nuk ka standard moral, por mbrohet nga Altin Troplini.<\/p>\n<p>Ajo mohohet q\u00eb t\u00eb jet\u00eb d\u00ebnuar apo d\u00ebbuar nga Greqia n\u00eb nj\u00eb intervist\u00eb p\u00ebr portalin BIRN.<\/p>\n<p>Mos harroni se ky mohim do t\u00eb thot\u00eb dyfishim i krimit t\u00eb kryer.<\/p>\n<p>Sepse fshehja n\u00eb formularin e vetingut dhe t\u00eb dekriminalizimit, fshehja tek ILDKPKI, t\u00eb gjitha k\u00ebto p\u00ebrb\u00ebjn\u00eb krime n\u00eb vetvete secili prej tyre.<\/p>\n<p>Pardje, si\u00e7 e d\u00ebgjuat, nj\u00eb minist\u00ebr i qeveris\u00eb rumune, vend an\u00ebtar i BE, dha dor\u00ebheqjen vet\u00ebm e vet\u00ebm se nuk kishte pasqyruar nj\u00eb ndodhi t\u00eb tij n\u00eb formularin e deklarimeve n\u00eb ILDKPKI.<\/p>\n<p>Por natyrisht ai \u00ebsht\u00eb nj\u00eb minist\u00ebr, nj\u00eb njeri i qytet\u00ebruar q\u00eb merr p\u00ebrgjegj\u00ebsi p\u00ebr gabime apo fajin q\u00eb ka kryer, kurse k\u00ebtu kemi t\u00eb b\u00ebjm\u00eb me kriminel\u00eb q\u00eb fshihen prapa krimeve t\u00eb tyre dhe mbrohen nga njeriu q\u00eb paguhet p\u00ebr t\u00eb mbrojtur qytetar\u00ebt e tjer\u00eb nga krimi.<\/p>\n<p>Pra, nga prokuror, Altin Troplini \u00ebsht\u00eb shnd\u00ebrruar n\u00eb avokatin e shp\u00ebrfytyruar t\u00eb Iren\u00ebs me 5 mbiemra&#8221;, u shpreh Berisha.<\/p>\n","protected":false},"excerpt":{"rendered":"<p>Kryetari i PD, Sali Berisha tha se, Altin &#8220;Troplini&#8221;, nga prokuror \u00ebsht\u00eb shnd\u00ebrruar n\u00eb avokatin e shp\u00ebrfytyruar t\u00eb Iren\u00ebs me 5 mbiemra! Berisha tha se, edhe deklarata e K\u00ebshillit t\u00eb Lart\u00eb Gjyq\u00ebsor, lidhur me rastin e gjyqtares Gjoka, ishte mburoj\u00eb mbrojtjeje p\u00ebr t\u00eb. Duke folur p\u00ebr r\u00ebnd\u00ebsin\u00eb e figur\u00ebs s\u00eb gjyqtarit p\u00ebr nj\u00eb shtet, Berisha &hellip;<\/p>\n","protected":false},"author":4,"featured_media":129794,"comment_status":"closed","ping_status":"closed","sticky":false,"template":"","format":"standard","meta":{"footnotes":""},"categories":[37],"tags":[],"class_list":["post-129793","post","type-post","status-publish","format-standard","has-post-thumbnail","","category-politike"],"_links":{"self":[{"href":"https:\/\/rdnews.al\/index.php\/wp-json\/wp\/v2\/posts\/129793","targetHints":{"allow":["GET"]}}],"collection":[{"href":"https:\/\/rdnews.al\/index.php\/wp-json\/wp\/v2\/posts"}],"about":[{"href":"https:\/\/rdnews.al\/index.php\/wp-json\/wp\/v2\/types\/post"}],"author":[{"embeddable":true,"href":"https:\/\/rdnews.al\/index.php\/wp-json\/wp\/v2\/users\/4"}],"replies":[{"embeddable":true,"href":"https:\/\/rdnews.al\/index.php\/wp-json\/wp\/v2\/comments?post=129793"}],"version-history":[{"count":1,"href":"https:\/\/rdnews.al\/index.php\/wp-json\/wp\/v2\/posts\/129793\/revisions"}],"predecessor-version":[{"id":129795,"href":"https:\/\/rdnews.al\/index.php\/wp-json\/wp\/v2\/posts\/129793\/revisions\/129795"}],"wp:featuredmedia":[{"embeddable":true,"href":"https:\/\/rdnews.al\/index.php\/wp-json\/wp\/v2\/media\/129794"}],"wp:attachment":[{"href":"https:\/\/rdnews.al\/index.php\/wp-json\/wp\/v2\/media?parent=129793"}],"wp:term":[{"taxonomy":"category","embeddable":true,"href":"https:\/\/rdnews.al\/index.php\/wp-json\/wp\/v2\/categories?post=129793"},{"taxonomy":"post_tag","embeddable":true,"href":"https:\/\/rdnews.al\/index.php\/wp-json\/wp\/v2\/tags?post=129793"}],"curies":[{"name":"wp","href":"https:\/\/api.w.org\/{rel}","templated":true}]}}