{"id":129802,"date":"2025-12-01T10:00:21","date_gmt":"2025-12-01T10:00:21","guid":{"rendered":"https:\/\/rdnews.al\/?p=129802"},"modified":"2025-12-01T10:00:21","modified_gmt":"2025-12-01T10:00:21","slug":"vrasja-e-biznesmenit-gjendet-nje-makine-e-djegur-ne-aksin-elbasan-librazhd-foto","status":"publish","type":"post","link":"https:\/\/rdnews.al\/index.php\/2025\/12\/01\/vrasja-e-biznesmenit-gjendet-nje-makine-e-djegur-ne-aksin-elbasan-librazhd-foto\/","title":{"rendered":"Vrasja e biznesmenit, gjendet nj\u00eb makin\u00eb e djegur n\u00eb aksin Elbasan\u2013Librazhd (Foto)"},"content":{"rendered":"<p>Nj\u00eb makin\u00eb e djegur \u00ebsht\u00eb gjetur sot n\u00eb af\u00ebrsi t\u00eb fshatit Mirak\u00eb, n\u00eb aksin rrugor Elbasan\u2013Librazhd, dhe dyshohet se \u00ebsht\u00eb p\u00ebrdorur nga autor\u00ebt e vrasjes s\u00eb biznesmenit Edmond Hyka, i njohur si Mondi M\u00ebhalla, 43 vje\u00e7.<\/p>\n<div class=\"jeg_ad jeg_ad_article jnews_content_inline_ads  \">\n<div class=\"ads-wrapper align-center \">\n<div class=\"ads_code\">Autor\u00ebt dyshohet se, pasi e q\u00eblluan viktim\u00ebn dhe e lan\u00eb t\u00eb vdekur n\u00eb vend, u larguan me automjet n\u00eb drejtim t\u00eb Librazhdit.<\/div>\n<\/div>\n<\/div>\n<p>Ngjarja ka ndodhur mbr\u00ebmjen e s\u00eb diel\u00ebs, (30 n\u00ebntor), rreth or\u00ebs 20:35, n\u00eb lagjen \u201cEmin Matraxhiu\u201d t\u00eb Elbasanit.<\/p>\n<p>Hyka sapo kishte dal\u00eb nga zyra e tij n\u00eb af\u00ebrsi t\u00eb karburantit \u201cXhaxhi Oil\u201d, n\u00eb pron\u00ebsi t\u00eb tij, dhe ishte futur n\u00eb makin\u00ebn tip \u201cRange Rover\u201d kur \u00ebsht\u00eb q\u00eblluar tre her\u00eb me arm\u00eb zjarri, dy prej plumbave duke e goditur n\u00eb kok\u00eb, \u00e7ka shkaktoi vdekjen e menj\u00ebhershme.<\/p>\n<p>Raportohet se automjeti i p\u00ebrdorur nga atentator\u00ebt dyshohet t\u00eb ket\u00eb qen\u00eb nj\u00eb Audi me ngjyr\u00eb t\u00eb zez\u00eb, i cili \u00ebsht\u00eb larguar me shpejt\u00ebsi n\u00eb drejtim t\u00eb aksit Elbasan\u2013Librazhd, ku u gjet i djegur edhe automjeti n\u00eb foto.<\/p>\n<p><img decoding=\"async\" src=\"https:\/\/boldnews.al\/wp-content\/uploads\/2025\/12\/640-0-1764579868x4963254e-5c5a-43bb-a038-4c388d377c79-sd-579.webp\" \/><\/p>\n","protected":false},"excerpt":{"rendered":"<p>Nj\u00eb makin\u00eb e djegur \u00ebsht\u00eb gjetur sot n\u00eb af\u00ebrsi t\u00eb fshatit Mirak\u00eb, n\u00eb aksin rrugor Elbasan\u2013Librazhd, dhe dyshohet se \u00ebsht\u00eb p\u00ebrdorur nga autor\u00ebt e vrasjes s\u00eb biznesmenit Edmond Hyka, i njohur si Mondi M\u00ebhalla, 43 vje\u00e7. Autor\u00ebt dyshohet se, pasi e q\u00eblluan viktim\u00ebn dhe e lan\u00eb t\u00eb vdekur n\u00eb vend, u larguan me automjet n\u00eb &hellip;<\/p>\n","protected":false},"author":4,"featured_media":129781,"comment_status":"closed","ping_status":"closed","sticky":false,"template":"","format":"standard","meta":{"footnotes":""},"categories":[37],"tags":[],"class_list":["post-129802","post","type-post","status-publish","format-standard","has-post-thumbnail","","category-politike"],"_links":{"self":[{"href":"https:\/\/rdnews.al\/index.php\/wp-json\/wp\/v2\/posts\/129802","targetHints":{"allow":["GET"]}}],"collection":[{"href":"https:\/\/rdnews.al\/index.php\/wp-json\/wp\/v2\/posts"}],"about":[{"href":"https:\/\/rdnews.al\/index.php\/wp-json\/wp\/v2\/types\/post"}],"author":[{"embeddable":true,"href":"https:\/\/rdnews.al\/index.php\/wp-json\/wp\/v2\/users\/4"}],"replies":[{"embeddable":true,"href":"https:\/\/rdnews.al\/index.php\/wp-json\/wp\/v2\/comments?post=129802"}],"version-history":[{"count":1,"href":"https:\/\/rdnews.al\/index.php\/wp-json\/wp\/v2\/posts\/129802\/revisions"}],"predecessor-version":[{"id":129803,"href":"https:\/\/rdnews.al\/index.php\/wp-json\/wp\/v2\/posts\/129802\/revisions\/129803"}],"wp:featuredmedia":[{"embeddable":true,"href":"https:\/\/rdnews.al\/index.php\/wp-json\/wp\/v2\/media\/129781"}],"wp:attachment":[{"href":"https:\/\/rdnews.al\/index.php\/wp-json\/wp\/v2\/media?parent=129802"}],"wp:term":[{"taxonomy":"category","embeddable":true,"href":"https:\/\/rdnews.al\/index.php\/wp-json\/wp\/v2\/categories?post=129802"},{"taxonomy":"post_tag","embeddable":true,"href":"https:\/\/rdnews.al\/index.php\/wp-json\/wp\/v2\/tags?post=129802"}],"curies":[{"name":"wp","href":"https:\/\/api.w.org\/{rel}","templated":true}]}}