{"id":129863,"date":"2025-12-01T17:09:47","date_gmt":"2025-12-01T17:09:47","guid":{"rendered":"https:\/\/rdnews.al\/?p=129863"},"modified":"2025-12-01T17:11:20","modified_gmt":"2025-12-01T17:11:20","slug":"himci-keshilltaret-bashkiake-socialiste-te-elbasanit-rrisin-tarifat-e-te-pakten-8-sherbimeve-per-qytetaret","status":"publish","type":"post","link":"https:\/\/rdnews.al\/index.php\/2025\/12\/01\/himci-keshilltaret-bashkiake-socialiste-te-elbasanit-rrisin-tarifat-e-te-pakten-8-sherbimeve-per-qytetaret\/","title":{"rendered":"Him\u00e7i: K\u00ebshilltar\u00ebt bashkiak\u00eb socialist\u00eb t\u00eb Elbasanit rrisin tarifat e 8 sh\u00ebrbimeve p\u00ebr qytetar\u00ebt"},"content":{"rendered":"<p><strong>Deklarata e deputetit t\u00eb PD, Blendi Him\u00e7i:<\/strong><\/p>\n<p>T\u00eb nderuar qytetar\u00eb,<\/p>\n<p>N\u00eb m\u00ebnyr\u00eb krejt\u00ebsisht arbitrare dhe pa asnj\u00eb analiz\u00eb ekonomike, mazhoranca n\u00eb K\u00ebshillin Bashkiak t\u00eb Elbasanit votoi pro rritjes s\u00eb tarifave p\u00ebr vitin 2026, duke prekur t\u00eb pakt\u00ebn 8 sh\u00ebrbime baz\u00eb. Kjo vendimmarrje u mor pa transparenc\u00eb, pa konsultim me qytetar\u00ebt dhe duke injoruar realitetin e v\u00ebshtir\u00eb ekonomik q\u00eb po p\u00ebrjeton qyteti i Elbasanit.<\/p>\n<p>Ky vendim \u00ebsht\u00eb absurd nga fillimi n\u00eb fund. Si mund t\u00eb rritet tarifa e pastrimit, kur koshat e mbeturinave jan\u00eb \u00e7do dit\u00eb plot? Si mund t\u00eb rritet tarifa e ndri\u00e7imit, kur lagje t\u00eb t\u00ebra t\u00eb Elbasanit jetojn\u00eb n\u00eb terr? Si mund t\u00eb k\u00ebrkohet taks\u00eb p\u00ebr mir\u00ebmbajtjen e infrastruktur\u00ebs, kur rrug\u00ebt e qytetit ngjasojn\u00eb me realitetin e mesjet\u00ebs?<\/p>\n<p>P\u00ebrball\u00eb k\u00ebtyre realiteteve, Kryetari i Bashkis\u00eb, z. Llatja, justifikohet se \u2018kostoja e sh\u00ebrbimeve \u00ebsht\u00eb rritur\u2019. Por cilat sh\u00ebrbime? Elbasani sot \u00ebsht\u00eb nj\u00eb nga qytetet m\u00eb t\u00eb harruara t\u00eb vendit, me sh\u00ebrbime minimale dhe infrastruktur\u00eb t\u00eb degraduar. Me k\u00ebt\u00eb situat\u00eb, qytetar\u00ebve po u k\u00ebrkohet t\u00eb paguajn\u00eb m\u00eb shum\u00eb, nd\u00ebrsa u ofrohet gjithnj\u00eb e m\u00eb pak.<\/p>\n<p>Kjo s\u2019\u00ebsht\u00eb hera e par\u00eb q\u00eb ndodh. Sa her\u00eb ka zgjedhje, Partia Socialiste premton ulje taksash, rritje rrogash dhe mb\u00ebshtetje p\u00ebr biznesin. Por vet\u00ebm 6 muaj pas zgjedhjeve, Bashkia e Elbasanit vendos t\u00eb rris\u00eb me 30 deri n\u00eb 100% tarifat p\u00ebr qytetar\u00ebt elbasanas. Kjo nuk \u00ebsht\u00eb qeverisje, kjo \u00ebsht\u00eb mashtrim i hapur elektoral.<\/p>\n<p>Edhe m\u00eb shqet\u00ebsues \u00ebsht\u00eb fakti q\u00eb kjo paket\u00eb fiskale nuk \u00ebsht\u00eb shoq\u00ebruar me asnj\u00eb analiz\u00eb financiare. Nuk ka asnj\u00eb studim kosto\u2013p\u00ebrfitim dhe asnj\u00eb shpjegim pse rritja b\u00ebhet n\u00eb k\u00ebto p\u00ebrmasa. N\u00eb vend q\u00eb t\u00eb ulin administrat\u00ebn e fryr\u00eb dhe t\u00eb mbushur me patronazhist\u00eb t\u00eb p\u00ebrdorur n\u00eb fushata, zgjedhja e tyre \u00ebsht\u00eb t\u2019u marrin qytetar\u00ebve edhe qindark\u00ebn e fundit.<\/p>\n<p>Absurditeti rritet edhe m\u00eb shum\u00eb kur shohim q\u00eb tarifat rriten edhe n\u00eb zonat rurale p\u00ebr ndri\u00e7im, gjelb\u00ebrim apo pastrim, nd\u00ebrkoh\u00eb q\u00eb Bashkia nuk ofron asnj\u00eb sh\u00ebrbim real. N\u00eb fshatra nuk ka ndri\u00e7im publik, nuk ka mir\u00ebmbajtje rrug\u00ebsh dhe sh\u00ebrbimi i pastrimit pothuajse nuk ekziston. P\u00ebrse duhet t\u00eb paguajn\u00eb banor\u00ebt p\u00ebr sh\u00ebrbime q\u00eb nuk ekzistojn\u00eb?<\/p>\n<p>E gjith\u00eb kjo ndodh n\u00eb nj\u00eb koh\u00eb kur situata ekonomike e Elbasanit \u00ebsht\u00eb alarmante:<\/p>\n<p>* gjysma e bizneseve kan\u00eb falimentuar,<\/p>\n<p>* pensionist\u00ebt mezi mbyllin muajin,<\/p>\n<p>* t\u00eb rinjt\u00eb largohen \u00e7do dit\u00eb,<\/p>\n<p>* nd\u00ebrsa Bashkia vepron sikur qyteti t\u00eb jetonte n\u00eb mir\u00ebqenie dhe rrit tarifat pa asnj\u00eb ndjeshm\u00ebri sociale.<\/p>\n<p>Pa asnj\u00eb diskutim, Kryetari i Bashkis\u00eb, z. Gledian Llatja, po ndjek t\u00eb nj\u00ebjt\u00ebn qasje si Kryeministri, duke aplikuar politika fiskale t\u00eb r\u00ebnda p\u00ebr qytetar\u00ebt, pa transparenc\u00eb dhe pa p\u00ebrkujdesje p\u00ebr mir\u00ebqenien e tyre. Ky vendim \u00ebsht\u00eb d\u00ebshmi e nj\u00eb qeverisjeje q\u00eb shikon interesat e saj politike, e jo nevojat e qytetar\u00ebve.<\/p>\n<p>Partia Demokratike gjykon se rritja e tarifave p\u00ebr vitin 2026 \u00ebsht\u00eb nj\u00eb vendim i padrejt\u00eb, i paargumentuar dhe i d\u00ebmsh\u00ebm p\u00ebr qytetar\u00ebt e Elbasanit. Ne k\u00ebrkojm\u00eb transparenc\u00eb t\u00eb plot\u00eb, analiz\u00eb t\u00eb qart\u00eb t\u00eb kostove, shkurtim t\u00eb administrat\u00ebs s\u00eb fryr\u00eb dhe ndalimin e shp\u00ebrdorimit t\u00eb fondeve publike. Qytetar\u00ebt nuk mund t\u00eb mbajn\u00eb mbi shpatulla barr\u00ebn e korrupsionit dhe keqmenaxhimit.<\/p>\n<p>Faleminderit!<\/p>\n","protected":false},"excerpt":{"rendered":"<p>Deklarata e deputetit t\u00eb PD, Blendi Him\u00e7i: T\u00eb nderuar qytetar\u00eb, N\u00eb m\u00ebnyr\u00eb krejt\u00ebsisht arbitrare dhe pa asnj\u00eb analiz\u00eb ekonomike, mazhoranca n\u00eb K\u00ebshillin Bashkiak t\u00eb Elbasanit votoi pro rritjes s\u00eb tarifave p\u00ebr vitin 2026, duke prekur t\u00eb pakt\u00ebn 8 sh\u00ebrbime baz\u00eb. Kjo vendimmarrje u mor pa transparenc\u00eb, pa konsultim me qytetar\u00ebt dhe duke injoruar realitetin e &hellip;<\/p>\n","protected":false},"author":4,"featured_media":129864,"comment_status":"closed","ping_status":"closed","sticky":false,"template":"","format":"standard","meta":{"footnotes":""},"categories":[37],"tags":[],"class_list":["post-129863","post","type-post","status-publish","format-standard","has-post-thumbnail","","category-politike"],"_links":{"self":[{"href":"https:\/\/rdnews.al\/index.php\/wp-json\/wp\/v2\/posts\/129863","targetHints":{"allow":["GET"]}}],"collection":[{"href":"https:\/\/rdnews.al\/index.php\/wp-json\/wp\/v2\/posts"}],"about":[{"href":"https:\/\/rdnews.al\/index.php\/wp-json\/wp\/v2\/types\/post"}],"author":[{"embeddable":true,"href":"https:\/\/rdnews.al\/index.php\/wp-json\/wp\/v2\/users\/4"}],"replies":[{"embeddable":true,"href":"https:\/\/rdnews.al\/index.php\/wp-json\/wp\/v2\/comments?post=129863"}],"version-history":[{"count":3,"href":"https:\/\/rdnews.al\/index.php\/wp-json\/wp\/v2\/posts\/129863\/revisions"}],"predecessor-version":[{"id":129867,"href":"https:\/\/rdnews.al\/index.php\/wp-json\/wp\/v2\/posts\/129863\/revisions\/129867"}],"wp:featuredmedia":[{"embeddable":true,"href":"https:\/\/rdnews.al\/index.php\/wp-json\/wp\/v2\/media\/129864"}],"wp:attachment":[{"href":"https:\/\/rdnews.al\/index.php\/wp-json\/wp\/v2\/media?parent=129863"}],"wp:term":[{"taxonomy":"category","embeddable":true,"href":"https:\/\/rdnews.al\/index.php\/wp-json\/wp\/v2\/categories?post=129863"},{"taxonomy":"post_tag","embeddable":true,"href":"https:\/\/rdnews.al\/index.php\/wp-json\/wp\/v2\/tags?post=129863"}],"curies":[{"name":"wp","href":"https:\/\/api.w.org\/{rel}","templated":true}]}}