{"id":129871,"date":"2025-12-01T17:25:34","date_gmt":"2025-12-01T17:25:34","guid":{"rendered":"https:\/\/rdnews.al\/?p=129871"},"modified":"2025-12-01T17:25:51","modified_gmt":"2025-12-01T17:25:51","slug":"bardhi-rama-e-pranoi-qe-eshte-pale-ne-procesin-gjyqesor-te-te-pandehures-balluku","status":"publish","type":"post","link":"https:\/\/rdnews.al\/index.php\/2025\/12\/01\/bardhi-rama-e-pranoi-qe-eshte-pale-ne-procesin-gjyqesor-te-te-pandehures-balluku\/","title":{"rendered":"Bardhi: Rama e pranoi q\u00eb \u00ebsht\u00eb pal\u00eb n\u00eb procesin gjyq\u00ebsor t\u00eb pandehur\u00ebs Balluku"},"content":{"rendered":"<p>Kryetari i Grupit Parlamentar t\u00eb PD, Gazment Bardhi, ka reaguar s\u00ebrish ndaj deklaratave t\u00eb kryeministrit Edi Rama, duke e akuzuar se ka marr\u00eb rolin e avokatit t\u00eb Belinda Ballukut n\u00eb afer\u00ebn e tunelit t\u00eb Llogaras\u00eb.<\/p>\n<p>N\u00eb nj\u00eb postim n\u00eb Facebook, Bardhi thekson se Rama foli p\u00ebr m\u00eb shum\u00eb se 7 minuta n\u00eb podcastin e tij \u201cFlasim vetmevete\u201d, duke u p\u00ebrpjekur t\u00eb justifikoj\u00eb ministren e pandehur, por pa dh\u00ebn\u00eb asnj\u00eb referenc\u00eb konkrete nga Komisioni i Venecias apo Gjykata e Strasburgut q\u00eb t\u00eb mb\u00ebshteste pretendimin se nj\u00eb minist\u00ebr nuk mund t\u00eb pezullohej nga detyra.<\/p>\n<p><strong>PReagimi<\/strong><\/p>\n<p>7 minuta e 38 sekonda foli Edi Rama, n\u00eb nj\u00eb p\u00ebrpjekje t\u00eb sforcuar p\u00ebr t\u00eb justifikuar avokatin\u00eb e paprecedent t\u00eb t\u00eb pandehur\u00ebs Belinda Balluku, q\u00eb e mban peng me aferat e p\u00ebrbashk\u00ebta korrupti<em>ve.<\/em><\/p>\n<div class=\"jnews_inline_related_post_wrapper left\">\n<div class=\"jnews_inline_related_post\">\n<div class=\"jeg_postblock_29 jeg_postblock jeg_module_hook jeg_pagination_disable jeg_col_2o3 jnews_module_1630783_1_692dc3cade1a8 \" data-unique=\"jnews_module_1630783_1_692dc3cade1a8\">\n<div class=\"jeg_block_heading jeg_block_heading_6 jeg_subcat_right\"><\/div>\n<div class=\"jeg_block_navigation\">Por, nd\u00ebrkoh\u00eb q\u00eb shqiptar\u00ebt prisnin sot t\u2019iu thoshte se n\u00eb cilin opinion t\u00eb Komisionit t\u00eb Venecias apo vendim t\u00eb Gjykat\u00ebs s\u00eb Strasburgut thuhej se ministri nuk mund t\u00eb pezullohej nga detyra, sic shpalli dje nga podcasti \u201cFlasim vetmevete\u201d, ai u hodh me akuza dhe sharje ndaj opozit\u00ebs q\u00eb cmontoi g\u00ebnjeshtrat e tij k\u00ebmb\u00ebshkurtra me \u201cVenecia\u201d dhe \u201cStrasburg\u201d, q\u00eb n\u00eb fakt thoshin ekzakt\u00ebsisht t\u00eb kund\u00ebrt\u00ebn e asaj q\u00eb kishte deklaruar me krenarin\u00eb e njeriut shkoll\u00ebpak, leximhic dhe i marr\u00eb peng.<\/div>\n<\/div>\n<\/div>\n<\/div>\n<p>Risia e t\u00eb folur\u00ebs vetmevete ishte se Edi Rama pranoi se ai \u00ebsht\u00eb pal\u00eb n\u00eb procesin gjyq\u00ebsor t\u00eb Belinda Ballukut, nj\u00ebsoj sic \u00ebsht\u00eb pal\u00eb n\u00eb afer\u00ebn korruptive t\u00eb Tunelit t\u00eb Llogaras\u00eb.\u00a0E n\u00eb k\u00ebt\u00eb kuptim, Edi Rama ka t\u00eb drejt\u00eb q\u00eb prokurori i SPAK dhe gjyqtari i GJKKO duhet ta th\u00ebrrasin her\u00ebs tjet\u00ebr si pal\u00eb n\u00eb korrupsion krah p\u00ebr krah me t\u00eb pandehur\u00ebn Belinda Balluku.<\/p>\n<p><iframe loading=\"lazy\" src=\"https:\/\/www.facebook.com\/plugins\/post.php?href=https%3A%2F%2Fwww.facebook.com%2Fgazmentbardhi.al%2Fposts%2Fpfbid0ifqeCXbEz5aW99PTL5vrS6R7kBXAAYjujaEduSDSMkRZLrMZ3RXRc7SrwYmKkQUpl&amp;show_text=true&amp;width=500\" width=\"500\" height=\"609\" frameborder=\"0\" scrolling=\"no\" allowfullscreen=\"allowfullscreen\" data-mce-fragment=\"1\"><\/iframe><\/p>\n","protected":false},"excerpt":{"rendered":"<p>Kryetari i Grupit Parlamentar t\u00eb PD, Gazment Bardhi, ka reaguar s\u00ebrish ndaj deklaratave t\u00eb kryeministrit Edi Rama, duke e akuzuar se ka marr\u00eb rolin e avokatit t\u00eb Belinda Ballukut n\u00eb afer\u00ebn e tunelit t\u00eb Llogaras\u00eb. N\u00eb nj\u00eb postim n\u00eb Facebook, Bardhi thekson se Rama foli p\u00ebr m\u00eb shum\u00eb se 7 minuta n\u00eb podcastin e tij &hellip;<\/p>\n","protected":false},"author":4,"featured_media":129308,"comment_status":"closed","ping_status":"closed","sticky":false,"template":"","format":"standard","meta":{"footnotes":""},"categories":[37],"tags":[],"class_list":["post-129871","post","type-post","status-publish","format-standard","has-post-thumbnail","","category-politike"],"_links":{"self":[{"href":"https:\/\/rdnews.al\/index.php\/wp-json\/wp\/v2\/posts\/129871","targetHints":{"allow":["GET"]}}],"collection":[{"href":"https:\/\/rdnews.al\/index.php\/wp-json\/wp\/v2\/posts"}],"about":[{"href":"https:\/\/rdnews.al\/index.php\/wp-json\/wp\/v2\/types\/post"}],"author":[{"embeddable":true,"href":"https:\/\/rdnews.al\/index.php\/wp-json\/wp\/v2\/users\/4"}],"replies":[{"embeddable":true,"href":"https:\/\/rdnews.al\/index.php\/wp-json\/wp\/v2\/comments?post=129871"}],"version-history":[{"count":2,"href":"https:\/\/rdnews.al\/index.php\/wp-json\/wp\/v2\/posts\/129871\/revisions"}],"predecessor-version":[{"id":129873,"href":"https:\/\/rdnews.al\/index.php\/wp-json\/wp\/v2\/posts\/129871\/revisions\/129873"}],"wp:featuredmedia":[{"embeddable":true,"href":"https:\/\/rdnews.al\/index.php\/wp-json\/wp\/v2\/media\/129308"}],"wp:attachment":[{"href":"https:\/\/rdnews.al\/index.php\/wp-json\/wp\/v2\/media?parent=129871"}],"wp:term":[{"taxonomy":"category","embeddable":true,"href":"https:\/\/rdnews.al\/index.php\/wp-json\/wp\/v2\/categories?post=129871"},{"taxonomy":"post_tag","embeddable":true,"href":"https:\/\/rdnews.al\/index.php\/wp-json\/wp\/v2\/tags?post=129871"}],"curies":[{"name":"wp","href":"https:\/\/api.w.org\/{rel}","templated":true}]}}