{"id":129874,"date":"2025-12-01T17:31:10","date_gmt":"2025-12-01T17:31:10","guid":{"rendered":"https:\/\/rdnews.al\/?p=129874"},"modified":"2025-12-01T18:06:00","modified_gmt":"2025-12-01T18:06:00","slug":"nuk-sherohet-kanceri-me-jodio","status":"publish","type":"post","link":"https:\/\/rdnews.al\/index.php\/2025\/12\/01\/nuk-sherohet-kanceri-me-jodio\/","title":{"rendered":"Nuk sh\u00ebrohet kanceri me jodio!"},"content":{"rendered":"<p><strong>Nga Agim XHAFKA<\/strong><\/p>\n<p>Kaloi java q\u00eb Rama lufton t\u00eb na mbush\u00eb mendjen se Gjykata Kushtetuese rastin Balluku duhet ta trajtoj\u00eb si nj\u00eb nd\u00ebrhyrje t\u00eb gjyq\u00ebsorit n\u00eb pushtetin ekzekutiv. Nj\u00eb gaf\u00eb q\u00eb nuk ndodh askund n\u00eb vendet e qytet\u00ebruara, sipas tij. M\u00eb thell\u00eb ai nuk shkon. Nuk b\u00ebn diagnoz\u00ebn e k\u00ebsaj gj\u00ebme q\u00eb i ka ndodhur buxhetit t\u00eb shetit. Q\u00eb jan\u00eb futur duart, jan\u00eb p\u00ebrvet\u00ebsuar miliona e miliona euro q\u00eb jan\u00eb dh\u00ebn\u00eb n\u00eb dusr t\u00eb tjera. Shkurt \u00ebsht\u00eb grabitje, vjedhje thot\u00eb populli.<\/p>\n<p>N\u00eb k\u00ebt\u00eb tirad\u00eb t\u00eb Ram\u00ebs q\u00eb po mbush me st\u00ebrkalla p\u00ebshtyme \u00e7do dit\u00eb opinionin askund nuk e thot\u00eb q\u00eb Balluku dyshohet p\u00ebr vjedhje. E kur dyshohet dikush patjet\u00ebr do t\u00eb hetohet. E kur do t\u00eb hetohet duhet t\u00eb q\u00ebndroj\u00eb larg dolumentave e buxhetit, larg administrat\u00ebs.<\/p>\n<p>Si\u00e7 po kuptohet, Rama nuk ka hallin e zv\/kryeministres. Ka hallin e vet. Tashm\u00eb u hodh guri n\u00eb liqen, i krijuan val\u00ebt. E ato n\u00eb breg do t\u00eb trokasin. Kaq \u00ebsht\u00eb e v\u00ebrteta. Po kryeministri yn\u00eb guxon dhe shkulmon nga bull\u00e7it\u00eb. Me sajime hipotezash e me rrena q\u00eb i shet p\u00ebr fakte. Kot e ka se n\u00eb se drejt\u00ebsia do vonohet pak ndaj tij, nuk do e harroj\u00eb. Do e b\u00ebj\u00eb q\u00eb t\u00eb jetoj\u00eb me ankth e t\u00eb fler\u00eb n\u00ebn makth. Si ai gomari q\u00eb nd\u00ebrsa po e shqyente luani i jepte gajret vetes: -Qet\u00ebsohu, qet\u00ebsohu, jam n\u00eb \u00ebnd\u00ebrr.<\/p>\n<p>Gjykata Kushtetuese \u00ebsht\u00eb n\u00eb t\u00eb drejt\u00ebn e vet p\u00ebr t\u00eb marr\u00eb vendimin. Por n\u00eb se nuk e miraton pezullimin e Ballukut ia vlen t\u2019i themi nj\u00eb shprehje t\u00eb men\u00e7ur t\u00eb popullit: -Nuk sh\u00ebrohet kanceri me jodio, o gjykat\u00eb!<\/p>\n","protected":false},"excerpt":{"rendered":"<p>Nga Agim XHAFKA Kaloi java q\u00eb Rama lufton t\u00eb na mbush\u00eb mendjen se Gjykata Kushtetuese rastin Balluku duhet ta trajtoj\u00eb si nj\u00eb nd\u00ebrhyrje t\u00eb gjyq\u00ebsorit n\u00eb pushtetin ekzekutiv. Nj\u00eb gaf\u00eb q\u00eb nuk ndodh askund n\u00eb vendet e qytet\u00ebruara, sipas tij. M\u00eb thell\u00eb ai nuk shkon. Nuk b\u00ebn diagnoz\u00ebn e k\u00ebsaj gj\u00ebme q\u00eb i ka ndodhur &hellip;<\/p>\n","protected":false},"author":4,"featured_media":126357,"comment_status":"closed","ping_status":"closed","sticky":false,"template":"","format":"standard","meta":{"footnotes":""},"categories":[44],"tags":[],"class_list":["post-129874","post","type-post","status-publish","format-standard","has-post-thumbnail","","category-editorial"],"_links":{"self":[{"href":"https:\/\/rdnews.al\/index.php\/wp-json\/wp\/v2\/posts\/129874","targetHints":{"allow":["GET"]}}],"collection":[{"href":"https:\/\/rdnews.al\/index.php\/wp-json\/wp\/v2\/posts"}],"about":[{"href":"https:\/\/rdnews.al\/index.php\/wp-json\/wp\/v2\/types\/post"}],"author":[{"embeddable":true,"href":"https:\/\/rdnews.al\/index.php\/wp-json\/wp\/v2\/users\/4"}],"replies":[{"embeddable":true,"href":"https:\/\/rdnews.al\/index.php\/wp-json\/wp\/v2\/comments?post=129874"}],"version-history":[{"count":2,"href":"https:\/\/rdnews.al\/index.php\/wp-json\/wp\/v2\/posts\/129874\/revisions"}],"predecessor-version":[{"id":129885,"href":"https:\/\/rdnews.al\/index.php\/wp-json\/wp\/v2\/posts\/129874\/revisions\/129885"}],"wp:featuredmedia":[{"embeddable":true,"href":"https:\/\/rdnews.al\/index.php\/wp-json\/wp\/v2\/media\/126357"}],"wp:attachment":[{"href":"https:\/\/rdnews.al\/index.php\/wp-json\/wp\/v2\/media?parent=129874"}],"wp:term":[{"taxonomy":"category","embeddable":true,"href":"https:\/\/rdnews.al\/index.php\/wp-json\/wp\/v2\/categories?post=129874"},{"taxonomy":"post_tag","embeddable":true,"href":"https:\/\/rdnews.al\/index.php\/wp-json\/wp\/v2\/tags?post=129874"}],"curies":[{"name":"wp","href":"https:\/\/api.w.org\/{rel}","templated":true}]}}