{"id":129949,"date":"2025-12-02T10:51:19","date_gmt":"2025-12-02T10:51:19","guid":{"rendered":"https:\/\/rdnews.al\/?p=129949"},"modified":"2025-12-02T10:54:32","modified_gmt":"2025-12-02T10:54:32","slug":"gjykata-kushtetuese-i-bindet-rames-kalon-per-shqyrtim-ceshtjen-balluku","status":"publish","type":"post","link":"https:\/\/rdnews.al\/index.php\/2025\/12\/02\/gjykata-kushtetuese-i-bindet-rames-kalon-per-shqyrtim-ceshtjen-balluku\/","title":{"rendered":"Gjykata Kushtetuese i n\u00ebnshtrohet Ram\u00ebs p\u00ebr Ballukun"},"content":{"rendered":"<p>Kolegji i Gjykat\u00ebs Kushtetuese ka vendosur t\u00eb kaloj\u00eb p\u00ebr shqyrtim n\u00eb themel, k\u00ebrkes\u00ebn e qeveris\u00eb p\u00ebr pezullimin nga detyra t\u00eb z\u00ebvend\u00ebskryeministres dhe ministres s\u00eb Infrastruktur\u00ebs dhe Energjis\u00eb, Belinda Balluku.<\/p>\n<p>Ishte ky Kolegj, i cili vendosi q\u00eb k\u00ebrkesa p\u00ebr shqyrtimin e rastit Balluku, plot\u00ebson kriteret procedurale dhe kushtetuese p\u00ebr t\u2019u trajtuar nga trupa gjyq\u00ebsore.<\/p>\n<p>Tanim\u00eb \u00e7\u00ebshtja do t\u00eb gjykohet n\u00eb themel nga Gjykata Kushtetuese me 8 togat e zeza n\u00eb seanc\u00eb plenare.<\/p>\n<p>N\u00eb dit\u00ebt n\u00eb vijim do t\u00eb pritet nga kjo trup\u00eb gjyq\u00ebsore se si do t\u00eb ndahen votat p\u00ebr rastin e Ballukut, nd\u00ebrsa qeveria ankimoi vendimin me argumentin se pezullimi p\u00ebrb\u00ebn nd\u00ebrhyrje n\u00eb pushtetin ekzekutiv.<\/p>\n<p>Numri dy i qeveris\u00eb, Belinda Balluku, nj\u00ebher\u00ebsh Ministre e Infrastruktur\u00ebs dhe Energjis\u00eb \u00ebsht\u00eb pezulluar nga Gjykata e Posa\u00e7me Kund\u00ebr Korrupsionit dhe Krimit t\u00eb Organizuar (GJKKO), nd\u00ebrsa qeveria ka ankimuar vendimin n\u00eb Kushtetuese, duke argumentuar se pezullimi p\u00ebrb\u00ebn nd\u00ebrhyrje n\u00eb pushtetin ekzekutiv.<\/p>\n<p>Nj\u00eb dit\u00eb para marrjes s\u00eb vendimit t\u00eb treshes s\u00eb gjyqtar\u00ebve t\u00eb Kolegjit t\u00eb Kushtetueses shefi i qeveris\u00eb u d\u00ebrgoi an\u00ebtar\u00ebve t\u00eb k\u00ebsaj gjykate nj\u00eb tjet\u00ebr mesazh paralajm\u00ebrues.<\/p>\n<p>Komentet p\u00ebr procesin n\u00eb Gjykat\u00ebn Kushtetuese, Kryeministri i paraqet si detyrim ndaj atyre q\u00eb e kan\u00eb votuar, edhe pse prej nj\u00eb muaji nuk ka zbatuar detyrimin p\u00ebr t\u00eb sqaruar opinionin publik mbi q\u00ebndrimin e tij lidhur me afer\u00ebn prej 190 milion\u00eb eurosh t\u00eb tunelit t\u00eb Llogaras\u00eb.<\/p>\n","protected":false},"excerpt":{"rendered":"<p>Kolegji i Gjykat\u00ebs Kushtetuese ka vendosur t\u00eb kaloj\u00eb p\u00ebr shqyrtim n\u00eb themel, k\u00ebrkes\u00ebn e qeveris\u00eb p\u00ebr pezullimin nga detyra t\u00eb z\u00ebvend\u00ebskryeministres dhe ministres s\u00eb Infrastruktur\u00ebs dhe Energjis\u00eb, Belinda Balluku. Ishte ky Kolegj, i cili vendosi q\u00eb k\u00ebrkesa p\u00ebr shqyrtimin e rastit Balluku, plot\u00ebson kriteret procedurale dhe kushtetuese p\u00ebr t\u2019u trajtuar nga trupa gjyq\u00ebsore. Tanim\u00eb \u00e7\u00ebshtja &hellip;<\/p>\n","protected":false},"author":4,"featured_media":129950,"comment_status":"closed","ping_status":"closed","sticky":false,"template":"","format":"standard","meta":{"footnotes":""},"categories":[37],"tags":[],"class_list":["post-129949","post","type-post","status-publish","format-standard","has-post-thumbnail","","category-politike"],"_links":{"self":[{"href":"https:\/\/rdnews.al\/index.php\/wp-json\/wp\/v2\/posts\/129949","targetHints":{"allow":["GET"]}}],"collection":[{"href":"https:\/\/rdnews.al\/index.php\/wp-json\/wp\/v2\/posts"}],"about":[{"href":"https:\/\/rdnews.al\/index.php\/wp-json\/wp\/v2\/types\/post"}],"author":[{"embeddable":true,"href":"https:\/\/rdnews.al\/index.php\/wp-json\/wp\/v2\/users\/4"}],"replies":[{"embeddable":true,"href":"https:\/\/rdnews.al\/index.php\/wp-json\/wp\/v2\/comments?post=129949"}],"version-history":[{"count":2,"href":"https:\/\/rdnews.al\/index.php\/wp-json\/wp\/v2\/posts\/129949\/revisions"}],"predecessor-version":[{"id":129952,"href":"https:\/\/rdnews.al\/index.php\/wp-json\/wp\/v2\/posts\/129949\/revisions\/129952"}],"wp:featuredmedia":[{"embeddable":true,"href":"https:\/\/rdnews.al\/index.php\/wp-json\/wp\/v2\/media\/129950"}],"wp:attachment":[{"href":"https:\/\/rdnews.al\/index.php\/wp-json\/wp\/v2\/media?parent=129949"}],"wp:term":[{"taxonomy":"category","embeddable":true,"href":"https:\/\/rdnews.al\/index.php\/wp-json\/wp\/v2\/categories?post=129949"},{"taxonomy":"post_tag","embeddable":true,"href":"https:\/\/rdnews.al\/index.php\/wp-json\/wp\/v2\/tags?post=129949"}],"curies":[{"name":"wp","href":"https:\/\/api.w.org\/{rel}","templated":true}]}}