{"id":130005,"date":"2025-12-02T17:32:04","date_gmt":"2025-12-02T17:32:04","guid":{"rendered":"https:\/\/rdnews.al\/?p=130005"},"modified":"2025-12-02T17:32:04","modified_gmt":"2025-12-02T17:32:04","slug":"gjekmarkaj-permbytjet-pasoje-e-korrupsionit-dhe-deshtimit-te-shtetit","status":"publish","type":"post","link":"https:\/\/rdnews.al\/index.php\/2025\/12\/02\/gjekmarkaj-permbytjet-pasoje-e-korrupsionit-dhe-deshtimit-te-shtetit\/","title":{"rendered":"Gjekmarkaj: P\u00ebrmbytjet, pasoj\u00eb e korrupsionit dhe d\u00ebshtimit t\u00eb shtetit!"},"content":{"rendered":"<p>Deputeti Agron Gjekmarkaj akuzoi qeverin\u00eb nga foltorja e Kuvendit se p\u00ebrmbytjet e dit\u00ebve t\u00eb fundit n\u00eb Lezh\u00eb, Mirdit\u00eb dhe Kurbin nuk jan\u00eb thjesht nj\u00eb fenomen natyror, por nj\u00eb situat\u00eb e shkaktuar nga mungesa e investimeve, keqmenaxhimi dhe pap\u00ebrgjegjshm\u00ebria institucionale.<\/p>\n<p>Ai tha se zonat e prekura \u2013 Spiten, Zejmen, Barbullonj\u00eb, Rril\u00eb, Tale, Torovic\u00eb, Zadrim\u00eb, Milot, Mamurras dhe Fush\u00eb-Kuqe \u2013 jan\u00eb p\u00ebrballur me t\u00eb nj\u00ebjt\u00ebn problematik\u00eb prej vitesh, nd\u00ebrsa argjinaturat dhe hidrovoret kan\u00eb mbetur t\u00eb amortizuara dhe pa mir\u00ebmbajtje.<\/p>\n<p>Sipas tij, hidrovorit t\u00eb Tales i mungoi energjia pik\u00ebrisht n\u00eb momentin m\u00eb kritik, nd\u00ebrsa ai i Balldrenit mbetet nj\u00eb premtim i parealizuar.<\/p>\n<p><strong>Gjekmarkaj:<\/strong>\u00a0Ajo q\u00eb ndodhi me p\u00ebrmbytjet e dit\u00ebve t\u00eb fundit nuk \u00ebsht\u00eb as surpriz\u00eb, as fatkeq\u00ebsi e pashmangshme, \u00ebsht\u00eb nj\u00eb fatkeq\u00ebsi e stimuluar. Ajo \u00ebsht\u00eb pasqyr\u00eb e qart\u00eb e korrupsionit dhe e d\u00ebshtimit t\u00eb pushtetit lokal dhe pushtetit qendror.<\/p>\n<p><span style=\"font-weight: inherit;\">Nj\u00eb histori e p\u00ebrs\u00ebritur kjo ku qytetar\u00ebt vuajn\u00eb nd\u00ebrsa p\u00ebrgjegj\u00ebsit fshihen pas premtimeve boshe, lek\u00ebve t\u00eb zhvatura dhe kamerave t\u00eb propagand\u00ebs. Ne e dim\u00eb, p\u00ebrmbytjet n\u00eb Spiten, n\u00eb Zejmen, n\u00eb Barbullonj\u00eb, n\u00eb Rril\u00eb, n\u00eb Tale, n\u00eb Torovic\u00eb, n\u00eb Zadrim, n\u00eb Milot, n\u00eb Mamurras, n\u00eb Zhej, n\u00eb Fush\u00ebkuqe e me gjer\u00eb nuk erdh\u00ebn papritur. As mungesa e dritave dhe pasojat e tyre t\u00eb shumta, fytyra e \u00e7do stine, nuk erdh\u00ebn papritur.<\/span><\/p>\n<p>Ndodhi ajo q\u00eb gjithmon\u00eb ndodh, kur pushteti nuk investon, por merr, kur nuk mir\u00ebmban, por mbulon, kur nuk d\u00ebgjon, por flet, kur nuk vler\u00ebson rrezikun, por e vesh at\u00eb me nj\u00eb premtim t\u00eb ri. Mij\u00ebra hektar\u00eb u zhduk\u00ebn n\u00ebn uj\u00eb t\u00eb kripur, po kaq sht\u00ebpi, kultura bujq\u00ebsore, biznese dhe familje u p\u00ebrball\u00ebn vet\u00ebm me d\u00ebme. Pa asnj\u00eb plan dhe pa asnj\u00eb reagim serioz nga ata q\u00eb duhet t\u00eb jen\u00eb t\u00eb par\u00ebt n\u00eb terren. N\u00eb Lezh\u00eb nuk ka pushtet lokal, nuk ka ministri bujq\u00ebsie, nuk ka ministri mbrojtje dhe nuk ka as emergjenca civile.<\/p>\n<p>Argjinaturat jan\u00eb t\u00eb amortizuara prej vitesh. \u00c7arjet i ndjejn\u00eb t\u00eb gjith\u00eb banor\u00ebt, p\u00ebrve\u00e7 atyre q\u00eb merren me propagand\u00eb. Nd\u00ebrsa nj\u00eb e \u00e7ar\u00eb u mbyll me duartrokitje para kamerave, nj\u00eb tjet\u00ebr u hap s\u00ebrish vet\u00ebm 24 or\u00eb m\u00eb pas, duke v\u00ebn\u00eb n\u00eb alarm banor\u00ebt e bregut t\u00eb Mat\u00ebs. Ka z\u00ebra, ka diskutime publike dhe shqet\u00ebsime t\u00eb ngritura nga komuniteti mbi abuzime dhe devijime t\u00eb mundshme p\u00ebr interesa nd\u00ebrtimore.<\/p>\n<p>Shqet\u00ebsime q\u00eb meritojn\u00eb transparenc\u00eb dhe hetim, jo heshtje. N\u00eb vend t\u00eb tyre nuk \u00ebsht\u00eb habi t\u00eb shohim ndonj\u00eb leje nd\u00ebrtimi p\u00ebr taksidar\u00ebt e vot\u00ebs s\u00eb lir\u00eb. Hidrovoret, ashtu si argjinaturat, jan\u00eb l\u00ebn\u00eb n\u00eb m\u00ebshir\u00eb t\u00eb fatit. Hidrovori i Tales mbeti pa energji, pik\u00ebrisht kur duhej m\u00eb shum\u00eb se kurr\u00eb. Nd\u00ebrsa i Balldrenit \u00ebsht\u00eb premtuar p\u00ebr vite me radh\u00eb, por vet\u00ebm premtimi \u00ebsht\u00eb nd\u00ebrtuar.<\/p>\n","protected":false},"excerpt":{"rendered":"<p>Deputeti Agron Gjekmarkaj akuzoi qeverin\u00eb nga foltorja e Kuvendit se p\u00ebrmbytjet e dit\u00ebve t\u00eb fundit n\u00eb Lezh\u00eb, Mirdit\u00eb dhe Kurbin nuk jan\u00eb thjesht nj\u00eb fenomen natyror, por nj\u00eb situat\u00eb e shkaktuar nga mungesa e investimeve, keqmenaxhimi dhe pap\u00ebrgjegjshm\u00ebria institucionale. Ai tha se zonat e prekura \u2013 Spiten, Zejmen, Barbullonj\u00eb, Rril\u00eb, Tale, Torovic\u00eb, Zadrim\u00eb, Milot, Mamurras &hellip;<\/p>\n","protected":false},"author":4,"featured_media":117503,"comment_status":"closed","ping_status":"closed","sticky":false,"template":"","format":"standard","meta":{"footnotes":""},"categories":[37],"tags":[],"class_list":["post-130005","post","type-post","status-publish","format-standard","has-post-thumbnail","","category-politike"],"_links":{"self":[{"href":"https:\/\/rdnews.al\/index.php\/wp-json\/wp\/v2\/posts\/130005","targetHints":{"allow":["GET"]}}],"collection":[{"href":"https:\/\/rdnews.al\/index.php\/wp-json\/wp\/v2\/posts"}],"about":[{"href":"https:\/\/rdnews.al\/index.php\/wp-json\/wp\/v2\/types\/post"}],"author":[{"embeddable":true,"href":"https:\/\/rdnews.al\/index.php\/wp-json\/wp\/v2\/users\/4"}],"replies":[{"embeddable":true,"href":"https:\/\/rdnews.al\/index.php\/wp-json\/wp\/v2\/comments?post=130005"}],"version-history":[{"count":1,"href":"https:\/\/rdnews.al\/index.php\/wp-json\/wp\/v2\/posts\/130005\/revisions"}],"predecessor-version":[{"id":130006,"href":"https:\/\/rdnews.al\/index.php\/wp-json\/wp\/v2\/posts\/130005\/revisions\/130006"}],"wp:featuredmedia":[{"embeddable":true,"href":"https:\/\/rdnews.al\/index.php\/wp-json\/wp\/v2\/media\/117503"}],"wp:attachment":[{"href":"https:\/\/rdnews.al\/index.php\/wp-json\/wp\/v2\/media?parent=130005"}],"wp:term":[{"taxonomy":"category","embeddable":true,"href":"https:\/\/rdnews.al\/index.php\/wp-json\/wp\/v2\/categories?post=130005"},{"taxonomy":"post_tag","embeddable":true,"href":"https:\/\/rdnews.al\/index.php\/wp-json\/wp\/v2\/tags?post=130005"}],"curies":[{"name":"wp","href":"https:\/\/api.w.org\/{rel}","templated":true}]}}