{"id":130012,"date":"2025-12-02T18:32:28","date_gmt":"2025-12-02T18:32:28","guid":{"rendered":"https:\/\/rdnews.al\/?p=130012"},"modified":"2025-12-02T18:32:28","modified_gmt":"2025-12-02T18:32:28","slug":"berisha-mogherini-do-vinte-neser-ne-tirane-edi-rama-i-kishte-bere-programin-qe-ti-merrte-deklaratat-asaj","status":"publish","type":"post","link":"https:\/\/rdnews.al\/index.php\/2025\/12\/02\/berisha-mogherini-do-vinte-neser-ne-tirane-edi-rama-i-kishte-bere-programin-qe-ti-merrte-deklaratat-asaj\/","title":{"rendered":"Berisha: Mogherini do vinte nes\u00ebr n\u00eb Tiran\u00eb, Edi Rama i kishte b\u00ebr\u00eb programin q\u00eb t\u2019i merrte deklaratat asaj"},"content":{"rendered":"<p>Kryetari i PD, Sali Berisha, gjat\u00eb fjal\u00ebs s\u00eb tij n\u00eb foltoren e organizuar n\u00eb Nj\u00ebsin\u00eb nr. 9 n\u00eb Tiran\u00eb, u shpreh se vendi ndodhet \u201cp\u00ebrball\u00eb nj\u00eb regjimi q\u00eb ka shkretuar Shqip\u00ebrin\u00eb si asnj\u00eb pushtim tjet\u00ebr\u201d. Ai fal\u00ebnderoi mb\u00ebshtet\u00ebsit e PD p\u00ebr kontributin e jasht\u00ebzakonsh\u00ebm kund\u00ebr k\u00ebtij regjimi, duke e cil\u00ebsuar qeverisjen aktuale si p\u00ebrgjegj\u00ebse p\u00ebr kriz\u00ebn demografike dhe largimin masiv t\u00eb t\u00eb rinjve.<\/p>\n<p>Berisha deklaroi se, Shqip\u00ebria ka sot lindshm\u00ebrin\u00eb m\u00eb t\u00eb ul\u00ebt n\u00eb bot\u00eb\u201d dhe se vdekjet prej vitit 2018 \u201cdominojn\u00eb mbi lindjet, \u00e7ka sipas tij e ka reduktuar popullsin\u00eb me rreth gjysm\u00eb milioni banor\u00eb. Ai e cil\u00ebsoi situat\u00ebn si pasoj\u00eb t\u00eb \u201cnj\u00eb sistemi diktatorial q\u00eb formalisht pranon pluralizmin, por e shtyp opozit\u00ebn me \u00e7do mjet\u201d.<\/p>\n<p>N\u00eb fjal\u00ebn e tij, Berisha komentoi edhe arrestimin e nj\u00eb zyrtareje t\u00eb p\u00ebrfshir\u00eb n\u00eb hetime nd\u00ebrkomb\u00ebtare, duke u shprehur se Eurojust i dha deklaratat asaj q\u00eb i meritonte, nd\u00ebrsa sipas tij, Edi Rama kishte programuar t\u00eb merrte deklaratat n\u00eb Tiran\u00eb.<\/p>\n<p>\u201cMir\u00ebmbr\u00ebma dhe p\u00ebrsh\u00ebndetjet m\u00eb t\u00eb p\u00ebrzem\u00ebrta p\u00ebr ju demokrate e demokrat\u00eb, t\u00eb pranish\u00ebm n\u00eb k\u00ebt\u00eb sall\u00eb, kudo q\u00eb jeni sonte n\u00eb Tiran\u00eb, n\u00eb mbar\u00eb vendin dhe mb\u00ebshtet\u00ebs t\u00eb PD.<\/p>\n<p>S\u00eb pari, do p\u00ebrulem me mir\u00ebnjohjen e pakufishme ndaj t\u00eb gjith\u00eb jush, ndaj kontributit dhe p\u00ebrpjekjes tuaj t\u00eb jasht\u00ebzakonshme kund\u00ebr k\u00ebtij regjimi.<\/p>\n<p>Regjim q\u00eb n\u00eb fakt ka shkretuar k\u00ebt\u00eb vend sa asnj\u00eb pushtim tjet\u00ebr n\u00eb t\u00ebr\u00eb ekzistenc\u00ebn e tij.<\/p>\n<p>Regjim q\u00eb ka sjell\u00eb k\u00ebt\u00eb komb n\u00eb m\u00ebnyr\u00eb absolute para alternativ\u00ebs t\u00eb jesh apo t\u00eb mos jesh.<\/p>\n<p>Kjo sepse nga nj\u00eb komb nd\u00ebr m\u00eb t\u00eb rinjt\u00eb n\u00eb Europ\u00eb dhe n\u00eb bot\u00eb q\u00eb ishim vet\u00ebm pak dekada m\u00eb par\u00eb, sot jemi kombi me numrin e lindjeve q\u00eb kishim 100 vite m\u00eb par\u00eb kur ishim gjithsej 700 mij\u00eb banor\u00eb.<\/p>\n<p>Sot jemi kombi me lindshm\u00ebrin\u00eb m\u00eb t\u00eb ul\u00ebt n\u00eb bot\u00eb p\u00ebr shkak t\u00eb largimit t\u00eb t\u00eb rinjve tan\u00eb nga Shqip\u00ebria.<\/p>\n<p>Sot jemi kombi q\u00eb nga viti 2018 gjer sot, vdekjet dominojn\u00eb shum\u00eb mbi lindjet.<\/p>\n<p>Dhe n\u00eb k\u00ebt\u00eb trend, n\u00eb k\u00ebt\u00eb rrokullisje, kombi shqiptar ka p\u00ebr fat reduktimin e gjysm\u00eb milion\u00eb e mos m\u00eb shum\u00eb.<\/p>\n<p>Pse u ndala n\u00eb k\u00ebt\u00eb moment?<\/p>\n<p>U ndala n\u00eb k\u00ebt\u00eb moment p\u00ebr t\u00eb theksuar se jetojm\u00eb n\u00eb nj\u00eb sistem diktatorial, i cili e ka pranuar pluralizmin, se ja ku jemi parti politike, nuk e ka t\u00eb ndaluar me Kushtetut\u00eb dhe ligje, por e shtyp pa princip, e shtyp dhe i ngushton hap\u00ebsir\u00ebn me t\u00eb gjitha mjetet p\u00ebr t\u00eb q\u00ebndruar n\u00eb pushtet.<\/p>\n<p>Dhe n\u00eb k\u00ebt\u00eb m\u00ebnyr\u00eb, ai vazhdon t\u00eb bazohet n\u00eb dy shtylla kryesore.<\/p>\n<p>Bazohet n\u00eb drog\u00ebn.<\/p>\n<p>Miqt\u00eb e mi, duhet t\u2019u them k\u00ebtu se kombi n\u00eb ekzistenc\u00ebn e tij nuk ka pasur faktor m\u00eb shfaros\u00ebs se sa droga.<\/p>\n<p>\u00c7far\u00eb ndodhi me ne?<\/p>\n<p>N\u00eb vitin 2015, Edi Rama mbolli nga Pogoni gjer n\u00eb Koshutic\u00eb n\u00eb thell\u00ebsi t\u00eb Alpeve, me mij\u00ebra parcela kanabis.<\/p>\n<p>U krijua nj\u00eb fond miliarda eurosh parash t\u00eb n\u00ebndheshme.<\/p>\n<p>Po \u00e7far\u00eb ndodhi?<\/p>\n<p>Policia u zhyt e t\u00ebra n\u00eb drog\u00eb. Ligji u zhyt i t\u00ebri n\u00eb drog\u00eb.<br \/>\nShqip\u00ebria humbi ligjin.<\/p>\n<p>Shqip\u00ebria hodhi n\u00eb nj\u00eb vit, ndoshta si asnj\u00eb vend tjet\u00ebr n\u00eb histori, themelet e narkoshtetit, t\u00eb cilit po i marr sot me disa element\u00eb kan\u00eb shtrir\u00eb p\u00ebrdhe euron, e kan\u00eb ulur at\u00eb me 30-35 p\u00ebrqind.<\/p>\n<p>Me mij\u00ebra pun\u00ebtor\u00eb humb\u00ebn vendet e pun\u00ebs sepse eksportet falimentuan.<\/p>\n<p>Me mij\u00ebra pun\u00ebtor\u00eb humb\u00ebn vendet e pun\u00ebs sepse prodhimi industrial ra.<\/p>\n<p>Me qindra mij\u00ebra familje q\u00eb jetojn\u00eb me ato remitanca marrin prej vitesh 30 p\u00ebrqind m\u00eb pak p\u00ebr shkak t\u00eb zhvler\u00ebsimit t\u00eb euros.<\/p>\n<p>Imagjinoni ju nj\u00eb njeri me 6 miliard\u00eb euro q\u00eb vjen nga err\u00ebsira e err\u00ebsir\u00ebs, si\u00e7 \u00ebsht\u00eb Frank \u00c7opja, q\u00eb i p\u00ebrdor ato kund\u00ebr jush, kund\u00ebr vendeve t\u00eb pun\u00ebs tuaj, i p\u00ebrdor p\u00ebr t\u00eb bler\u00eb zgjedhjet, i p\u00ebrdor ato p\u00ebr t\u00eb investuar aty ku do dhe nuk duhet.<\/p>\n<p>Ja ku jan\u00eb kullat miq. Kullat jan\u00eb t\u00eb pashitura shumica. Jo, i kan\u00eb bler\u00eb \u00e7unat e drog\u00ebs dhe i l\u00ebn\u00eb ashtu, i l\u00ebn\u00eb aty.<\/p>\n<p>Pra, \u00e7far\u00eb \u00ebsht\u00eb kjo para?<\/p>\n<p>Kjo para toksike more miqt\u00eb e mi, kjo i p\u00ebrz\u00eb f\u00ebmij\u00ebt tan\u00eb, djemt\u00eb tan\u00eb, vajzat tona nga Shqip\u00ebria.<\/p>\n<p>Kjo \u00ebsht\u00eb nj\u00ebra an\u00eb. P\u00ebr t\u00eb mos th\u00ebn\u00eb tjetr\u00ebn q\u00eb vret kudo, vret n\u00eb aeroport, vret kudo.<\/p>\n<p>At\u00eb shtet t\u00eb brisht\u00eb, at\u00eb shtet ia fali krimit Edi Rama. Dhe sundon me krimin.<\/p>\n<p>Mir\u00ebpo n\u00eb rrafshin politik, kush e p\u00ebsoi nga kjo?<\/p>\n<p>Opozita e p\u00ebson sepse i gjith\u00eb ky potencial bie mbi opozit\u00ebn.<\/p>\n<p>Problemi \u00ebsht\u00eb se ne vinim nga nj\u00eb sistem diktatorial, kaluam n\u00eb nj\u00eb sistem demokratik dhe kjo ndodhte para syve tan\u00eb pa e kuptuar se \u00e7far\u00eb po ndodh.<\/p>\n<p>Mediat u vun\u00eb t\u00eb gjitha n\u00eb kontroll, 90 p\u00ebrqind thon\u00eb raportet nd\u00ebrkomb\u00ebtare, n\u00ebn kontrollin e qeveris\u00eb.<\/p>\n<p>Kjo do t\u00eb thot\u00eb helmim mediatik dit\u00eb e nat\u00eb p\u00ebr qytetar\u00ebt.<\/p>\n<p>Helmim n\u00eb kuptimin e mashtrimit, manipulimit, fshehjes s\u00eb t\u00eb v\u00ebrtetave dhe servirjes s\u00eb g\u00ebnjeshtrave nga m\u00ebngjesi gjer n\u00eb dark\u00eb.<\/p>\n<p>Kjo do t\u00eb thot\u00eb para e pafundme p\u00ebr t\u00eb korruptuar cilindo.<\/p>\n<p>Cilido nuk \u00ebsht\u00eb i korruptuesh\u00ebm, por p\u00ebr t\u00eb korruptuar sa m\u00eb shum\u00eb brenda dhe jasht\u00eb vendit njer\u00ebz.<br \/>\nKjo \u00ebsht\u00eb e v\u00ebrteta.<\/p>\n<p>Ajo zonja q\u00eb u arrestua dhe un\u00eb e p\u00ebrg\u00ebzoj, ajo nes\u00ebr do ishte n\u00eb Tiran\u00eb. Edi Rama i kishte b\u00ebr\u00eb programin q\u00eb t\u2019i merrte deklarata asaj, por p\u00ebr fat t\u00eb mir\u00eb Eurojust ia dha deklaratat asaj q\u00eb i meritonte\u201d, u shpreh Berisha.<\/p>\n","protected":false},"excerpt":{"rendered":"<p>Kryetari i PD, Sali Berisha, gjat\u00eb fjal\u00ebs s\u00eb tij n\u00eb foltoren e organizuar n\u00eb Nj\u00ebsin\u00eb nr. 9 n\u00eb Tiran\u00eb, u shpreh se vendi ndodhet \u201cp\u00ebrball\u00eb nj\u00eb regjimi q\u00eb ka shkretuar Shqip\u00ebrin\u00eb si asnj\u00eb pushtim tjet\u00ebr\u201d. Ai fal\u00ebnderoi mb\u00ebshtet\u00ebsit e PD p\u00ebr kontributin e jasht\u00ebzakonsh\u00ebm kund\u00ebr k\u00ebtij regjimi, duke e cil\u00ebsuar qeverisjen aktuale si p\u00ebrgjegj\u00ebse p\u00ebr &hellip;<\/p>\n","protected":false},"author":4,"featured_media":130013,"comment_status":"closed","ping_status":"closed","sticky":false,"template":"","format":"standard","meta":{"footnotes":""},"categories":[37],"tags":[],"class_list":["post-130012","post","type-post","status-publish","format-standard","has-post-thumbnail","","category-politike"],"_links":{"self":[{"href":"https:\/\/rdnews.al\/index.php\/wp-json\/wp\/v2\/posts\/130012","targetHints":{"allow":["GET"]}}],"collection":[{"href":"https:\/\/rdnews.al\/index.php\/wp-json\/wp\/v2\/posts"}],"about":[{"href":"https:\/\/rdnews.al\/index.php\/wp-json\/wp\/v2\/types\/post"}],"author":[{"embeddable":true,"href":"https:\/\/rdnews.al\/index.php\/wp-json\/wp\/v2\/users\/4"}],"replies":[{"embeddable":true,"href":"https:\/\/rdnews.al\/index.php\/wp-json\/wp\/v2\/comments?post=130012"}],"version-history":[{"count":1,"href":"https:\/\/rdnews.al\/index.php\/wp-json\/wp\/v2\/posts\/130012\/revisions"}],"predecessor-version":[{"id":130014,"href":"https:\/\/rdnews.al\/index.php\/wp-json\/wp\/v2\/posts\/130012\/revisions\/130014"}],"wp:featuredmedia":[{"embeddable":true,"href":"https:\/\/rdnews.al\/index.php\/wp-json\/wp\/v2\/media\/130013"}],"wp:attachment":[{"href":"https:\/\/rdnews.al\/index.php\/wp-json\/wp\/v2\/media?parent=130012"}],"wp:term":[{"taxonomy":"category","embeddable":true,"href":"https:\/\/rdnews.al\/index.php\/wp-json\/wp\/v2\/categories?post=130012"},{"taxonomy":"post_tag","embeddable":true,"href":"https:\/\/rdnews.al\/index.php\/wp-json\/wp\/v2\/tags?post=130012"}],"curies":[{"name":"wp","href":"https:\/\/api.w.org\/{rel}","templated":true}]}}