{"id":130015,"date":"2025-12-02T18:36:47","date_gmt":"2025-12-02T18:36:47","guid":{"rendered":"https:\/\/rdnews.al\/?p=130015"},"modified":"2025-12-02T18:36:47","modified_gmt":"2025-12-02T18:36:47","slug":"berisha-jam-zotuar-para-jush-se-do-mbroj-voten-tuaj-dhe-mund-tu-them-se-kjo-gje-u-realizua-plotesisht","status":"publish","type":"post","link":"https:\/\/rdnews.al\/index.php\/2025\/12\/02\/berisha-jam-zotuar-para-jush-se-do-mbroj-voten-tuaj-dhe-mund-tu-them-se-kjo-gje-u-realizua-plotesisht\/","title":{"rendered":"Berisha: Jam zotuar para jush se do mbroj vot\u00ebn tuaj dhe mund t\u2019u them se kjo gj\u00eb u realizua plot\u00ebsisht"},"content":{"rendered":"<p>Kryetari i PD, Sali Berisha, gjat\u00eb fjal\u00ebs s\u00eb tij n\u00eb \u201cFoltoren\u201d me demokrat\u00ebt e deg\u00ebs nr. 9 n\u00eb Tiran\u00eb tha se, Partia Demokratike ka mbrojtur vot\u00ebn e qytetar\u00ebve p\u00ebrball\u00eb asaj q\u00eb e cil\u00ebsoi si \u2018diktatur\u00eb autoritare\u2019 t\u00eb Edi Ram\u00ebs.<\/p>\n<p>Berisha vler\u00ebsoi q\u00ebndres\u00ebn e demokrat\u00ebve dhe akuzoi kryeministrin p\u00ebr manipulim zgjedhor, shkelje ligjore dhe presione ndaj opozit\u00ebs e institucioneve nd\u00ebrkomb\u00ebtare.<\/p>\n<p><strong>Berisha: <\/strong>U ndala n\u00eb k\u00ebt\u00eb p\u00ebr dy arsye.<\/p>\n<p>S\u00eb pari, p\u00ebr t\u00eb realizuar ju se sa heroike, se sa misionare, se sa e r\u00ebnd\u00ebsishme ka qen\u00eb q\u00ebndresa juaj n\u00eb k\u00ebto kushte, q\u00ebndresa e demokrat\u00ebve.<\/p>\n<p>Dhe pavar\u00ebsisht nga t\u00eb gjitha k\u00ebto, shqiptar\u00ebt, besimin m\u00eb kryesor e shpreh\u00ebn tek PD.<\/p>\n<p>A i fitoi Edi Rama zgjedhjet?<\/p>\n<p>Kurr\u00eb.<\/p>\n<p>Edi Rama i grabiti zgjedhjet.<\/p>\n<p>Prisni.<\/p>\n<p>Imagjinoni p\u00ebr nj\u00eb moment, do flas vet\u00ebm gj\u00ebrat kryesore t\u00eb raportit, jo ato tonat, fare.<\/p>\n<p>Organizoi, thot\u00eb raportoi nd\u00ebrkomb\u00ebtar, n\u00eb periudh\u00ebn e ndaluar e ligj, 4533 aktivitete. T\u00eb gjitha p\u00ebr t\u00eb ndikuar vot\u00ebn e qytetar\u00ebve. Vet\u00ebm e vet\u00ebm se si ta b\u00ebsh m\u00eb t\u00eb mir\u00eb, t\u2019i b\u00ebsh makijazh qeveris\u00eb dhe vetes. Komb\u00ebtare dhe nd\u00ebrkomb\u00ebtare. E ndaluar me ligj. Shkeli ligjin komb\u00ebtar dhe nd\u00ebrkomb\u00ebtar 4533 her\u00eb.<\/p>\n<p>Dy gj\u00ebra besoj se i mbani mend nga un\u00eb dhe duhet t\u2019i mbani.<\/p>\n<p>N\u00eb m\u00ebnyr\u00ebn m\u00eb t\u00eb p\u00ebrs\u00ebritur u kam deklaruar se me Edi Ram\u00ebn nuk ka zgjedhje. E kam th\u00ebn\u00eb k\u00ebt\u00eb me qindra her\u00eb.<\/p>\n<p>E kam th\u00ebn\u00eb k\u00ebt\u00eb sepse kam kuptuar ai, i inkriminuar r\u00ebnd\u00eb, nuk l\u00eb ligj pa thyer, nuk l\u00eb akt pa kryer n\u00eb m\u00ebnyr\u00eb q\u00eb t\u00eb marr\u00eb zgjedhjet, t\u00eb mos dor\u00ebzoj\u00eb pushtetin.<\/p>\n<p>Jo.<\/p>\n<p>Ai pik\u00ebrisht p\u00ebr k\u00ebto arrestoi n\u00eb vit elektoral lider\u00ebt e dy partive kryesore opozitare dhe t\u00eb tretin e vuri n\u00eb ndjekje penale.<\/p>\n<p>Kryetar\u00ebt e partive opozitare nuk kan\u00eb asnj\u00eb imunitet, por kur i arreston ata n\u00eb vitin elektoral, si persona n\u00ebn hetim pa asnj\u00eb akuz\u00eb, ti i arreston ata si kund\u00ebrshtar\u00eb politik\u00eb p\u00ebr t\u00eb dekapituar opozit\u00ebn dhe p\u00ebr t\u00eb fituar zgjedhjet.<\/p>\n<p>Kur tre lider\u00ebt e partive kryesore i v\u00eb n\u00eb proces, nj\u00ebrin n\u00eb arrest sht\u00ebpie, tjetrin n\u00eb burg, t\u00eb tretin n\u00eb proces penal, q\u00eb t\u00eb tre absolutisht pa asnj\u00eb fakt penal.<\/p>\n<p>Do u rikujtoj nj\u00eb histori.<\/p>\n<p>I ati i tij, n\u00eb vitin 1988 n\u00eb gusht, firmosi varjen n\u00eb litar t\u00eb poetit Havzi Nela.<\/p>\n<p>Ka dy gj\u00ebra shum\u00eb interesante.<\/p>\n<p>E para, ajo ishte diktatur\u00eb totalitare, nuk pranonte pluralizmin, megjithat\u00eb ka pasur nj\u00eb prokuror n\u00eb at\u00eb koh\u00eb q\u00eb tha se kjo dosje nuk ka asnj\u00eb gj\u00eb.<\/p>\n<p>Doli tjetri dhe e kapi shpejt. Ky \u00ebsht\u00eb terrorist, tha, dhe e \u00e7uan n\u00eb litar.<\/p>\n<p>Ajo ishte nj\u00eb prokurori staliniste, por prap\u00eb kishte nj\u00eb njeri q\u00eb edhe at\u00eb ligj q\u00eb kishte p\u00ebrpara, do e interpretonte si\u00e7 ishte. Ky nuk ka gj\u00eb, tha. E mori tjetri dhe e d\u00ebnoi me vrasje dhe e firmosi i ati i Edi Ram\u00ebs.<\/p>\n<p>Edi Rama gjer sot nuk ka k\u00ebrkuar falje sepse ndan mend\u00ebsin\u00eb e t\u00eb atit p\u00ebr kund\u00ebrshtarin politik.<\/p>\n<p>U ndala n\u00eb k\u00ebto dy momente p\u00ebr t\u00eb kuptuar tiparet e asaj q\u00eb quhet diktatur\u00eb autoritare, e cila e pranon pluralizmin, por e shtyp pluralizmin.<\/p>\n<p>Faktikisht ajo nuk e dor\u00ebzon pushtetin me zgjedhje.<\/p>\n<p>Ky \u00ebsht\u00eb i gjith\u00eb morali i saj.<\/p>\n<p>Premtimi i dyt\u00eb i imi ka qen\u00eb ky, para jush dhe shqiptar\u00ebve, do mbroj vot\u00ebn tuaj.<\/p>\n<p>N\u00eb qoft\u00eb se un\u00eb kisha deklaruar se me Edi Ram\u00ebn nuk ka zgjedhje, kisha deklaruar gjithashtu se un\u00eb do mbroj vot\u00ebn tuaj dhe mund t\u2019u them se kjo u realizua plot\u00ebsisht.<\/p>\n<p>Kjo \u00ebsht\u00eb realizuar plot\u00ebsisht.<\/p>\n<p>Kur kam th\u00ebn\u00eb do mbrojm\u00eb vot\u00ebn, nuk kam th\u00ebn\u00eb se do e mbrojm\u00eb me kallashnikov\u00eb, as me arm\u00eb, por e mbrojt\u00ebm vot\u00ebn n\u00eb vitin 2021 ishit d\u00ebshmitar\u00eb vet\u00eb se \u00e7far\u00eb b\u00ebri policia p\u00ebr t\u00eb na i marr\u00eb zgjedhjet, por mori nj\u00eb damk\u00eb nd\u00ebrkomb\u00ebtare.<\/p>\n<p>Dhe raporti i k\u00ebtij viti, n\u00eb kushte shum\u00eb t\u00eb v\u00ebshtira, nuk ishte e thjesht\u00eb mbrojtja, Edi Rama b\u00ebri presione t\u00eb jasht\u00ebzakonshme, por ne u detyrohemi shum\u00eb atij diplomati dhe atyre v\u00ebzhguesve, t\u00eb cil\u00ebt pavar\u00ebsisht presioneve t\u00eb turpshme q\u00eb u ushtruan mbi ta, nuk l\u00ebviz\u00ebn asnj\u00eb fjal\u00eb, p\u00ebrkundrazi e plot\u00ebsuan raportin\u201d, u shpreh Berisha.<\/p>\n","protected":false},"excerpt":{"rendered":"<p>Kryetari i PD, Sali Berisha, gjat\u00eb fjal\u00ebs s\u00eb tij n\u00eb \u201cFoltoren\u201d me demokrat\u00ebt e deg\u00ebs nr. 9 n\u00eb Tiran\u00eb tha se, Partia Demokratike ka mbrojtur vot\u00ebn e qytetar\u00ebve p\u00ebrball\u00eb asaj q\u00eb e cil\u00ebsoi si \u2018diktatur\u00eb autoritare\u2019 t\u00eb Edi Ram\u00ebs. Berisha vler\u00ebsoi q\u00ebndres\u00ebn e demokrat\u00ebve dhe akuzoi kryeministrin p\u00ebr manipulim zgjedhor, shkelje ligjore dhe presione ndaj &hellip;<\/p>\n","protected":false},"author":4,"featured_media":130016,"comment_status":"closed","ping_status":"closed","sticky":false,"template":"","format":"standard","meta":{"footnotes":""},"categories":[37],"tags":[],"class_list":["post-130015","post","type-post","status-publish","format-standard","has-post-thumbnail","","category-politike"],"_links":{"self":[{"href":"https:\/\/rdnews.al\/index.php\/wp-json\/wp\/v2\/posts\/130015","targetHints":{"allow":["GET"]}}],"collection":[{"href":"https:\/\/rdnews.al\/index.php\/wp-json\/wp\/v2\/posts"}],"about":[{"href":"https:\/\/rdnews.al\/index.php\/wp-json\/wp\/v2\/types\/post"}],"author":[{"embeddable":true,"href":"https:\/\/rdnews.al\/index.php\/wp-json\/wp\/v2\/users\/4"}],"replies":[{"embeddable":true,"href":"https:\/\/rdnews.al\/index.php\/wp-json\/wp\/v2\/comments?post=130015"}],"version-history":[{"count":1,"href":"https:\/\/rdnews.al\/index.php\/wp-json\/wp\/v2\/posts\/130015\/revisions"}],"predecessor-version":[{"id":130017,"href":"https:\/\/rdnews.al\/index.php\/wp-json\/wp\/v2\/posts\/130015\/revisions\/130017"}],"wp:featuredmedia":[{"embeddable":true,"href":"https:\/\/rdnews.al\/index.php\/wp-json\/wp\/v2\/media\/130016"}],"wp:attachment":[{"href":"https:\/\/rdnews.al\/index.php\/wp-json\/wp\/v2\/media?parent=130015"}],"wp:term":[{"taxonomy":"category","embeddable":true,"href":"https:\/\/rdnews.al\/index.php\/wp-json\/wp\/v2\/categories?post=130015"},{"taxonomy":"post_tag","embeddable":true,"href":"https:\/\/rdnews.al\/index.php\/wp-json\/wp\/v2\/tags?post=130015"}],"curies":[{"name":"wp","href":"https:\/\/api.w.org\/{rel}","templated":true}]}}