{"id":130034,"date":"2025-12-03T09:32:33","date_gmt":"2025-12-03T09:32:33","guid":{"rendered":"https:\/\/rdnews.al\/?p=130034"},"modified":"2025-12-03T09:32:33","modified_gmt":"2025-12-03T09:32:33","slug":"paloka-mardhenia-e-rames-me-nderkombetaret-eshte-e-blere","status":"publish","type":"post","link":"https:\/\/rdnews.al\/index.php\/2025\/12\/03\/paloka-mardhenia-e-rames-me-nderkombetaret-eshte-e-blere\/","title":{"rendered":"Paloka: Mardh\u00ebnia e Ram\u00ebs me nd\u00ebrkomb\u00ebtar\u00ebt \u00ebsht\u00eb e bler\u00eb!"},"content":{"rendered":"<p>Deputeti i PD, Edi Paloka ka komentuar arrestimin e ish-p\u00ebrfaq\u00ebsueses s\u00eb lart\u00eb t\u00eb Bashkimit Europian p\u00ebr politik\u00ebn e jashtme, Federica Mogherini, e njohur ndryshe edhe si mikesha e Edi Ram\u00ebs e cila akuzohet p\u00ebr mashtrim dhe korrupsion.<\/p>\n<p>Paloka thot\u00eb se mardh\u00ebnia e ngusht\u00eb e Ram\u00ebs, me zyrtar\u00ebt e korruptuar sipas tij nuk \u00ebsht\u00eb e sinqert\u00eb por e bler\u00eb, teksa thekson se kjo relat\u00eb i kushton shtrenjt\u00eb popullit shqiptar, pasi \u00e7do deklarat\u00eb mb\u00ebshtet\u00ebse nga nj\u00eb zyrtar i korruptuar i huaj p\u00ebrkthehet n\u00eb m\u00eb shum\u00eb pushtet abuziv p\u00ebr Ram\u00ebn dhe m\u00eb shum\u00eb vjedhje fondesh brenda vendit.<\/p>\n<p>Sipas tij, kryeministri ka nd\u00ebrtuar nj\u00eb grup t\u00eb p\u00ebrb\u00ebr\u00eb vet\u00ebm nga \u201ct\u00eb korruptuarit\u201d dhe individ\u00eb me lidhje direkte me George Soros, t\u00eb cil\u00ebt funksionojn\u00eb p\u00ebrmes \u201cskem\u00ebs s\u00eb korruptimit\u201d.<\/p>\n<p>Edi Paloka: Mund t\u00eb them q\u00eb n\u00eb aspektin personal u ndjeva mir\u00eb p\u00ebrsa i p\u00ebrket asaj apo atyre q\u00ebndrimeve q\u00eb un\u00eb kam mbajtur rregullisht ndaj Mogherinit dhe t\u00eb gjith\u00eb atyre shoqeve t\u00eb Ram\u00ebs, si Mogherini. Sepse nuk \u00ebsht\u00eb as hera e par\u00eb as e fundit. Kjo sigurisht \u00ebsht\u00eb, ka qen\u00eb n\u00eb nivelet m\u00eb t\u00eb larta, ka qen\u00eb ministre e Jashtme e Bashkimit Evropian, e ardhur nga Partia Komuniste Italiane, ka qen\u00eb ministre e Jashtme dhe n\u00eb Itali n\u00eb fakt me qeverit\u00eb e majta. Por skema me k\u00ebt\u00eb ka qen\u00eb e nj\u00ebjta si me t\u00eb gjith\u00eb, thash\u00eb, shoqet e Ram\u00ebs. Se mos mendoj\u00eb dikush q\u00eb k\u00ebto q\u00eb vijn\u00eb e shkulin dhe e ndukin Ram\u00ebn, i thon\u00eb i dashur Edi, se mos kujton ndonj\u00eb nga k\u00ebto Elisat e Partis\u00eb Socialiste se jan\u00eb t\u00eb dashuruara me Ram\u00ebn, ose jan\u00eb pre e sharmit t\u00eb parezistuesh\u00ebm t\u00eb Ram\u00ebs. Jan\u00eb thjesht pre e sharmit t\u00eb paras\u00eb.<\/p>\n<p>Dhe k\u00ebt\u00eb p\u00ebr fat t\u00eb keq ne shqiptar\u00ebt kemi vite q\u00eb e provojm\u00eb n\u00eb kurriz. Sepse, ja thash\u00eb dhe k\u00ebsaj t\u00eb fundit q\u00eb k\u00ebputi at\u00eb t\u00eb zgjedhjeve t\u00eb lira dhe t\u00eb ndershme. \u00c7do shtr\u00ebngim i k\u00ebtyre me Ram\u00ebn, shqiptar\u00ebve iu kushton miliona euro. Dhe kjo \u00ebsht\u00eb historia pra, se nj\u00ebher\u00eb doja ta kaloja me me gjys\u00ebm shakaje, t\u00eb thoja q\u00eb \u00ebsht\u00eb mallkimi i t\u00eb mallkuarit. Se q\u00eb \u00e7do gj\u00eb q\u00eb prek, duke filluar nga Cristiano Ronaldo deri tek i fundit i ka marr\u00eb n\u00eb qaf\u00eb. Po n\u00eb fakt, po t\u00eb ishte k\u00ebshtu do ishte gjysma e t\u00eb keqes.<\/p>\n<p>E v\u00ebrteta \u00ebsht\u00eb q\u00eb t\u00eb gjith\u00eb ata nd\u00ebrkomb\u00ebtar\u00eb q\u00eb vijn\u00eb dhe b\u00ebjn\u00eb karagjozin n\u00eb Shqip\u00ebri, vet\u00ebm sepse jan\u00eb n\u00eb list\u00eb-pag\u00ebn e kryekorruptorit t\u00eb Ballkanit, k\u00ebt\u00eb fytyr\u00eb kan\u00eb. Dometh\u00ebn\u00eb, e kemi denoncuar me koh\u00eb dhe at\u00ebher\u00eb kur na thonin po sulmoni Bashkimin Evropian, po sulmoni aleatin ton\u00eb Amerik\u00ebn. Ku jan\u00eb sot k\u00ebta karagjoz\u00ebt q\u00eb p\u00ebr fest\u00ebn e parave q\u00eb ju jepte Rama, ka ardhur sekretari amerikan i shtetit. Erdhi n\u00eb Shqip\u00ebri p\u00ebr t\u00eb th\u00ebn\u00eb q\u00eb Rama \u00ebsht\u00eb udh\u00ebheq\u00ebsi i shquar e udh\u00ebheq\u00ebsi i madh. Pse? Edhe iku prap\u00eb. Pra fest\u00ebn e pareve. T\u00eb nj\u00ebjt\u00ebn gj\u00eb ka b\u00ebr\u00eb kjo, t\u00eb nj\u00ebjt\u00ebn gj\u00eb ka b\u00ebr\u00eb edhe t\u00eb tjer\u00eb n\u00eb vazhdim\u00ebsi, por q\u00eb p\u00ebr fat t\u00eb mir\u00eb ju ka dal\u00eb boja sepse besoj tashm\u00eb edhe shqiptari m\u00eb naiv e di q\u00eb t\u00eb gjitha k\u00ebto marr\u00ebdh\u00ebniet e famshme nd\u00ebrkomb\u00ebtare t\u00eb Ram\u00ebs jan\u00eb t\u00eb gjitha mbi baza korruptimi. Gjith\u00eb mb\u00ebshtetja n\u00eb thonj\u00ebza nd\u00ebrkomb\u00ebtare q\u00eb merr, q\u00eb n\u00eb fakt \u00ebsht\u00eb mb\u00ebshtetje thjesht personale.<\/p>\n<p>Zanati m\u00eb i vjet\u00ebr n\u00eb bot\u00eb \u00ebsht\u00eb m\u00eb paguaj dhe un\u00eb b\u00ebj \u00e7far\u00eb t\u00eb duash ti, them \u00e7far\u00eb t\u00eb duash ti. Zanati m\u00eb i vjet\u00ebr ky. Vet\u00ebm merr paret dhe pastaj thon\u00eb \u00e7far\u00eb t\u00eb duash. Cili \u00ebsht\u00eb avantazhi q\u00eb ka p\u00ebrfituar Shqip\u00ebria nga k\u00ebto, nga kjo diplomacia e Ram\u00ebs? Asnj\u00eb. P\u00ebrkundrazi. Vet\u00ebm \u00ebsht\u00eb zhytur m\u00eb thell\u00eb. Ai q\u00eb ka abuzuar dhe p\u00ebrfituar ka qen\u00eb gjithmon\u00eb Rama dhe k\u00ebto q\u00eb kan\u00eb marr\u00eb paret tona. 17 milion\u00eb euro kjo zonja i ka marr\u00eb p\u00ebr k\u00ebt\u00eb t\u00eb famshmin kolegj, p\u00ebr t\u00eb cilin dhe \u00ebsht\u00eb arrestuar.<\/p>\n<p>Duke ia dh\u00ebn\u00eb k\u00ebsaj, 17 milion\u00eb euro. E kishte kapur bukur nj\u00eb kolegu juaj, kolegu jon\u00eb, po e fus dhe veten. Q\u00eb thonte, m\u00eb m\u00eb shtrenjt\u00eb ka b\u00ebr\u00eb kjo p\u00ebr t\u2019u riparuar sesa b\u00ebri Hotel Rogneri p\u00ebr t\u2019u nd\u00ebrtuar nga e para. E kuptoj. Pra n\u00eb k\u00ebto kushte jemi, jan\u00eb t\u00eb gjith\u00eb, nuk ju q\u00ebllon ters k\u00ebtyre, kthehem te shakaja, kur takojn\u00eb Ram\u00ebn. Jo. Rama takon vet\u00ebm k\u00ebta. Rama ka grup vet\u00ebm k\u00ebta, t\u00eb korruptuarit, lidhjet q\u00eb jan\u00eb direkt lidhje t\u00eb George Sorosit dhe q\u00eb funksionojn\u00eb me k\u00ebt\u00eb skem\u00eb, me skem\u00ebn e korruptimit. Nga McGonigal, ke kjo e fundit, ke Mogherini, \u00ebsht\u00eb i nj\u00ebjti\u2026<\/p>\n","protected":false},"excerpt":{"rendered":"<p>Deputeti i PD, Edi Paloka ka komentuar arrestimin e ish-p\u00ebrfaq\u00ebsueses s\u00eb lart\u00eb t\u00eb Bashkimit Europian p\u00ebr politik\u00ebn e jashtme, Federica Mogherini, e njohur ndryshe edhe si mikesha e Edi Ram\u00ebs e cila akuzohet p\u00ebr mashtrim dhe korrupsion. Paloka thot\u00eb se mardh\u00ebnia e ngusht\u00eb e Ram\u00ebs, me zyrtar\u00ebt e korruptuar sipas tij nuk \u00ebsht\u00eb e sinqert\u00eb &hellip;<\/p>\n","protected":false},"author":4,"featured_media":130035,"comment_status":"closed","ping_status":"closed","sticky":false,"template":"","format":"standard","meta":{"footnotes":""},"categories":[37],"tags":[],"class_list":["post-130034","post","type-post","status-publish","format-standard","has-post-thumbnail","","category-politike"],"_links":{"self":[{"href":"https:\/\/rdnews.al\/index.php\/wp-json\/wp\/v2\/posts\/130034","targetHints":{"allow":["GET"]}}],"collection":[{"href":"https:\/\/rdnews.al\/index.php\/wp-json\/wp\/v2\/posts"}],"about":[{"href":"https:\/\/rdnews.al\/index.php\/wp-json\/wp\/v2\/types\/post"}],"author":[{"embeddable":true,"href":"https:\/\/rdnews.al\/index.php\/wp-json\/wp\/v2\/users\/4"}],"replies":[{"embeddable":true,"href":"https:\/\/rdnews.al\/index.php\/wp-json\/wp\/v2\/comments?post=130034"}],"version-history":[{"count":1,"href":"https:\/\/rdnews.al\/index.php\/wp-json\/wp\/v2\/posts\/130034\/revisions"}],"predecessor-version":[{"id":130036,"href":"https:\/\/rdnews.al\/index.php\/wp-json\/wp\/v2\/posts\/130034\/revisions\/130036"}],"wp:featuredmedia":[{"embeddable":true,"href":"https:\/\/rdnews.al\/index.php\/wp-json\/wp\/v2\/media\/130035"}],"wp:attachment":[{"href":"https:\/\/rdnews.al\/index.php\/wp-json\/wp\/v2\/media?parent=130034"}],"wp:term":[{"taxonomy":"category","embeddable":true,"href":"https:\/\/rdnews.al\/index.php\/wp-json\/wp\/v2\/categories?post=130034"},{"taxonomy":"post_tag","embeddable":true,"href":"https:\/\/rdnews.al\/index.php\/wp-json\/wp\/v2\/tags?post=130034"}],"curies":[{"name":"wp","href":"https:\/\/api.w.org\/{rel}","templated":true}]}}