{"id":130037,"date":"2025-12-03T09:36:03","date_gmt":"2025-12-03T09:36:03","guid":{"rendered":"https:\/\/rdnews.al\/?p=130037"},"modified":"2025-12-03T09:36:03","modified_gmt":"2025-12-03T09:36:03","slug":"ka-nje-kohe-per-cdo-gje","status":"publish","type":"post","link":"https:\/\/rdnews.al\/index.php\/2025\/12\/03\/ka-nje-kohe-per-cdo-gje\/","title":{"rendered":"Ka nj\u00eb koh\u00eb p\u00ebr \u00e7do gj\u00eb&#8230;!"},"content":{"rendered":"<p><strong>Nga Iva V.GRILLO<\/strong><\/p>\n<p>Mendoj se p\u00ebr \u00e7do opozitar q\u00eb e njeh regjimin q\u00eb ka p\u00ebrball\u00eb, \u00ebsht\u00eb humbje kohe dhe energjish q\u00eb t\u00eb sh\u00ebtis\u00eb studio m\u00eb studio televizive duke spjeguar a u pi kafe, pse u pi kafe, p\u00ebr \u00e7far\u00eb u pi kafe dhe sa zeher ishte kafja&#8230;<br \/>\nKjo qasje \u00ebsht\u00eb fare kund\u00ebr-produktive dhe ushqen nj\u00eb telenovel\u00eb q\u00eb regjimit i shkon shum\u00eb p\u00ebr shtat.<br \/>\nN\u00eb koh\u00eb betejash t\u00eb v\u00ebshtira k\u00ebrkohet fokus, maturi dhe syt\u00eb tek objektivi.<br \/>\nShp\u00ebrdorimi i energjive dhe reputacionit me &#8220;muhabete kafenesh&#8221; n\u00eb banaqet e regjimit \u00ebsht\u00eb nj\u00eb papjekuri, n\u00eb rastin m\u00eb t\u00eb mir\u00eb.<br \/>\nN\u00eb momentin q\u00eb regjimi i Ram\u00ebs \u00ebsht\u00eb fare i diskretituar edhe nd\u00ebrkombtarisht, elektorati pret seriozitet nga opozitar\u00ebt, sidomos nga politikan\u00ebt e rinj q\u00eb patjet\u00ebr q\u00eb do t&#8217;a marrin stafet\u00ebn se nuk ka ku shkon&#8230; (gjith\u00e7ka i bindet ligjit t\u00eb panegociush\u00ebm t\u00eb koh\u00ebs q\u00eb ik\u00ebn), por ka nj\u00eb koh\u00eb p\u00ebr \u00e7do gj\u00eb dhe sot ata duhet t\u00eb tregojn\u00eb se e kan\u00eb maturin\u00eb p\u00ebr t\u00eb zgjedhur prioritetet n\u00eb momente t\u00eb r\u00ebnd\u00ebsishme p\u00ebr vendin e shoq\u00ebrin\u00eb.<br \/>\nKy \u00ebsht\u00eb nj\u00eb moment i till\u00eb&#8230; qytetar\u00ebt presin kohezion t\u00eb padiskutuesh\u00ebm n\u00eb mesazhin opozitar, jo shashka apo edhe &#8220;bumje&#8221; brenda kampit.<br \/>\nN\u00ebse Shqip\u00ebria do t\u00eb ket\u00eb fatin t\u00eb heq\u00eb nga zverku kast\u00ebn &#8220;rilindase&#8221; q\u00eb po i merr frym\u00ebn, besoj se patjet\u00ebr mjedisi politik do t\u00eb jap\u00eb mund\u00ebsi p\u00ebr shum\u00eb konfigurime dhe energji t\u00eb reja.<br \/>\nPor deri at\u00ebher\u00eb, nuk duhet harruar k\u00eb kemi p\u00ebrball\u00eb&#8230; prandaj duart fort tek timoni dhe syt\u00eb tek objektivi!!<\/p>\n","protected":false},"excerpt":{"rendered":"<p>Nga Iva V.GRILLO Mendoj se p\u00ebr \u00e7do opozitar q\u00eb e njeh regjimin q\u00eb ka p\u00ebrball\u00eb, \u00ebsht\u00eb humbje kohe dhe energjish q\u00eb t\u00eb sh\u00ebtis\u00eb studio m\u00eb studio televizive duke spjeguar a u pi kafe, pse u pi kafe, p\u00ebr \u00e7far\u00eb u pi kafe dhe sa zeher ishte kafja&#8230; Kjo qasje \u00ebsht\u00eb fare kund\u00ebr-produktive dhe ushqen nj\u00eb &hellip;<\/p>\n","protected":false},"author":4,"featured_media":2977,"comment_status":"closed","ping_status":"closed","sticky":false,"template":"","format":"standard","meta":{"footnotes":""},"categories":[44],"tags":[],"class_list":["post-130037","post","type-post","status-publish","format-standard","has-post-thumbnail","","category-editorial"],"_links":{"self":[{"href":"https:\/\/rdnews.al\/index.php\/wp-json\/wp\/v2\/posts\/130037","targetHints":{"allow":["GET"]}}],"collection":[{"href":"https:\/\/rdnews.al\/index.php\/wp-json\/wp\/v2\/posts"}],"about":[{"href":"https:\/\/rdnews.al\/index.php\/wp-json\/wp\/v2\/types\/post"}],"author":[{"embeddable":true,"href":"https:\/\/rdnews.al\/index.php\/wp-json\/wp\/v2\/users\/4"}],"replies":[{"embeddable":true,"href":"https:\/\/rdnews.al\/index.php\/wp-json\/wp\/v2\/comments?post=130037"}],"version-history":[{"count":1,"href":"https:\/\/rdnews.al\/index.php\/wp-json\/wp\/v2\/posts\/130037\/revisions"}],"predecessor-version":[{"id":130038,"href":"https:\/\/rdnews.al\/index.php\/wp-json\/wp\/v2\/posts\/130037\/revisions\/130038"}],"wp:featuredmedia":[{"embeddable":true,"href":"https:\/\/rdnews.al\/index.php\/wp-json\/wp\/v2\/media\/2977"}],"wp:attachment":[{"href":"https:\/\/rdnews.al\/index.php\/wp-json\/wp\/v2\/media?parent=130037"}],"wp:term":[{"taxonomy":"category","embeddable":true,"href":"https:\/\/rdnews.al\/index.php\/wp-json\/wp\/v2\/categories?post=130037"},{"taxonomy":"post_tag","embeddable":true,"href":"https:\/\/rdnews.al\/index.php\/wp-json\/wp\/v2\/tags?post=130037"}],"curies":[{"name":"wp","href":"https:\/\/api.w.org\/{rel}","templated":true}]}}