{"id":130039,"date":"2025-12-03T09:41:04","date_gmt":"2025-12-03T09:41:04","guid":{"rendered":"https:\/\/rdnews.al\/?p=130039"},"modified":"2025-12-03T09:41:39","modified_gmt":"2025-12-03T09:41:39","slug":"pd-leter-komisionit-te-europes-dhe-pe-amnistia-fiskale-rrezik-per-shqiperine-cenon-marredheniet-me-be","status":"publish","type":"post","link":"https:\/\/rdnews.al\/index.php\/2025\/12\/03\/pd-leter-komisionit-te-europes-dhe-pe-amnistia-fiskale-rrezik-per-shqiperine-cenon-marredheniet-me-be\/","title":{"rendered":"PD let\u00ebr KE dhe PE: Amnistia fiskale rrezik p\u00ebr Shqip\u00ebrin\u00eb, c\u00ebnon marr\u00ebdh\u00ebniet me BE!"},"content":{"rendered":"<p>Partia Demokratike, i ka d\u00ebrguar nj\u00eb let\u00ebr Komisionin Europian dhe Parlamentin Europian, n\u00eb lidhje me amnistin\u00eb fiskale n\u00eb t\u00eb cil\u00ebn pretendon se p\u00ebrb\u00ebn rrezik p\u00ebr Shqip\u00ebrin\u00eb<\/p>\n<p>Deputetja Jorida Tabaku thot\u00eb se jav\u00ebn e kaluar ka informuar zyrtar\u00ebt p\u00ebr pasojat q\u00eb sjell ky proces, i cili sipas saj shkel parimet kushtetuese dhe cenon barazin\u00eb para ligjit t\u00eb bizneseve q\u00eb operojn\u00eb ndershm\u00ebrisht n\u00eb vend.<\/p>\n<p>Sipas deputetes demokrate, amnistia hap kanale t\u00eb reja p\u00ebr pastrimin e parave, ve\u00e7an\u00ebrisht p\u00ebr subjekte t\u00eb paidentifikuara dhe t\u00eb pandershme, duke e b\u00ebr\u00eb sektorin e nd\u00ebrtimit edhe m\u00eb t\u00eb ekspozuar ndaj parave informale.<\/p>\n<p>\u201cKy sektor \u00ebsht\u00eb kthyer n\u00eb nj\u00eb gangren\u00eb p\u00ebr ekonomin\u00eb shqiptare dhe amnistia vet\u00ebm sa e thellon k\u00ebt\u00eb problem. Transparenca \u00ebsht\u00eb \u00e7el\u00ebsi. N\u00ebse qeveria k\u00ebmb\u00ebngul t\u00eb ec\u00eb p\u00ebrpara me k\u00ebt\u00eb projekt, duhet t\u00eb garantoj\u00eb llogaridh\u00ebnie dhe kontroll. \u201cNe do t\u00eb vazhdojm\u00eb t\u00eb mbrojm\u00eb ekonomin\u00eb e vendit dhe interesin publik, duke kund\u00ebrshtuar \u00e7do projekt q\u00eb hap rrug\u00eb pastrimit t\u00eb parave dhe d\u00ebmton t\u00eb ardhmen europiane t\u00eb Shqip\u00ebris\u00eb\u201d, deklaron Tabaku.<\/p>\n","protected":false},"excerpt":{"rendered":"<p>Partia Demokratike, i ka d\u00ebrguar nj\u00eb let\u00ebr Komisionin Europian dhe Parlamentin Europian, n\u00eb lidhje me amnistin\u00eb fiskale n\u00eb t\u00eb cil\u00ebn pretendon se p\u00ebrb\u00ebn rrezik p\u00ebr Shqip\u00ebrin\u00eb Deputetja Jorida Tabaku thot\u00eb se jav\u00ebn e kaluar ka informuar zyrtar\u00ebt p\u00ebr pasojat q\u00eb sjell ky proces, i cili sipas saj shkel parimet kushtetuese dhe cenon barazin\u00eb para ligjit &hellip;<\/p>\n","protected":false},"author":4,"featured_media":89408,"comment_status":"closed","ping_status":"closed","sticky":false,"template":"","format":"standard","meta":{"footnotes":""},"categories":[37],"tags":[],"class_list":["post-130039","post","type-post","status-publish","format-standard","has-post-thumbnail","","category-politike"],"_links":{"self":[{"href":"https:\/\/rdnews.al\/index.php\/wp-json\/wp\/v2\/posts\/130039","targetHints":{"allow":["GET"]}}],"collection":[{"href":"https:\/\/rdnews.al\/index.php\/wp-json\/wp\/v2\/posts"}],"about":[{"href":"https:\/\/rdnews.al\/index.php\/wp-json\/wp\/v2\/types\/post"}],"author":[{"embeddable":true,"href":"https:\/\/rdnews.al\/index.php\/wp-json\/wp\/v2\/users\/4"}],"replies":[{"embeddable":true,"href":"https:\/\/rdnews.al\/index.php\/wp-json\/wp\/v2\/comments?post=130039"}],"version-history":[{"count":2,"href":"https:\/\/rdnews.al\/index.php\/wp-json\/wp\/v2\/posts\/130039\/revisions"}],"predecessor-version":[{"id":130041,"href":"https:\/\/rdnews.al\/index.php\/wp-json\/wp\/v2\/posts\/130039\/revisions\/130041"}],"wp:featuredmedia":[{"embeddable":true,"href":"https:\/\/rdnews.al\/index.php\/wp-json\/wp\/v2\/media\/89408"}],"wp:attachment":[{"href":"https:\/\/rdnews.al\/index.php\/wp-json\/wp\/v2\/media?parent=130039"}],"wp:term":[{"taxonomy":"category","embeddable":true,"href":"https:\/\/rdnews.al\/index.php\/wp-json\/wp\/v2\/categories?post=130039"},{"taxonomy":"post_tag","embeddable":true,"href":"https:\/\/rdnews.al\/index.php\/wp-json\/wp\/v2\/tags?post=130039"}],"curies":[{"name":"wp","href":"https:\/\/api.w.org\/{rel}","templated":true}]}}