{"id":130065,"date":"2025-12-03T11:20:00","date_gmt":"2025-12-03T11:20:00","guid":{"rendered":"https:\/\/rdnews.al\/?p=130065"},"modified":"2025-12-03T11:20:00","modified_gmt":"2025-12-03T11:20:00","slug":"berisha-rrefen-takimin-rama-balluku-manja-ne-kryeministri-lubia-i-tha-ulsiut-me-shih-pak-ne-sy-dhe-ai-e-qepi","status":"publish","type":"post","link":"https:\/\/rdnews.al\/index.php\/2025\/12\/03\/berisha-rrefen-takimin-rama-balluku-manja-ne-kryeministri-lubia-i-tha-ulsiut-me-shih-pak-ne-sy-dhe-ai-e-qepi\/","title":{"rendered":"Berisha rr\u00ebfen takimin Rama-Balluku-Manja n\u00eb Kryeministri: Lubia i tha Ulsiut &#8220;m\u00eb shih pak n\u00eb sy&#8221; dhe ai e qepi!"},"content":{"rendered":"<p>Lideri i opozit\u00ebs, Sali Berisha gjat\u00eb konferenc\u00ebs p\u00ebr shtyp rr\u00ebfeu nj\u00eb sken\u00eb e pap\u00ebrs\u00ebritshme n\u00eb takimin n\u00eb Kryeministri mes Edi Ram\u00ebs, Lubia Ballukut dhe Ulsi Manj\u00ebs, ku Lubia i tha Ulsiut &#8220;m\u00eb shih pak n\u00eb sy&#8221; dhe ai e qepi.<\/p>\n<p>Berisha tha se, Rama dhe Balluku kishin r\u00ebn\u00eb dakord t\u00eb th\u00ebrrisnin p\u00ebr t\u2019i dh\u00ebn\u00eb k\u00ebshilla Ulsi Manj\u00ebs, i cili, sipas tij, mbajti an\u00ebn e Ram\u00ebs gjat\u00eb takimit.<\/p>\n<p>Berisha: Tani, para se t\u00eb merrni ju fjal\u00ebn, un\u00eb do u tregoj k\u00ebt\u00eb sken\u00eb.<\/p>\n<p>Sken\u00eb e pap\u00ebrs\u00ebritshme.<\/p>\n<p>Meqen\u00ebse Rama i thoshte se nuk m\u00eb lejon ligji ta b\u00ebj k\u00ebt\u00eb, ta \u00e7oj n\u00eb Gjykat\u00eb Kushtetuese, bien dakord t\u00eb dy q\u00eb t\u00eb th\u00ebrrasin p\u00ebr t\u00eb urt\u00eb Ulsiun.<\/p>\n<p>Kjo \u00ebsht\u00eb e v\u00ebrteta, dhe Ulsiu, si\u00e7 e dini, kontrolloni kamerat tuaja, pas nj\u00ebfar\u00eb kohe shkoi dhe u fut n\u00eb takim.<\/p>\n<p>Ulsiu, natyrisht, mbajti an\u00ebn e Ram\u00ebs.<\/p>\n<p>\u00c7far\u00eb i tha Lubia.<\/p>\n<p>\u201cM\u00eb shih pak n\u00eb sy ti mua? Ulsi, m\u00eb shih pak drejt n\u00eb sy\u201d.<\/p>\n<p>E meku, e qepi.<\/p>\n<p>Kaq!<\/p>\n<p>Kjo sken\u00eb, muret nuk kan\u00eb vet\u00ebm vesh\u00eb, muret kan\u00eb edhe sy.<\/p>\n<p>Kaq!<\/p>\n","protected":false},"excerpt":{"rendered":"<p>Lideri i opozit\u00ebs, Sali Berisha gjat\u00eb konferenc\u00ebs p\u00ebr shtyp rr\u00ebfeu nj\u00eb sken\u00eb e pap\u00ebrs\u00ebritshme n\u00eb takimin n\u00eb Kryeministri mes Edi Ram\u00ebs, Lubia Ballukut dhe Ulsi Manj\u00ebs, ku Lubia i tha Ulsiut &#8220;m\u00eb shih pak n\u00eb sy&#8221; dhe ai e qepi. Berisha tha se, Rama dhe Balluku kishin r\u00ebn\u00eb dakord t\u00eb th\u00ebrrisnin p\u00ebr t\u2019i dh\u00ebn\u00eb k\u00ebshilla &hellip;<\/p>\n","protected":false},"author":4,"featured_media":130066,"comment_status":"closed","ping_status":"closed","sticky":false,"template":"","format":"standard","meta":{"footnotes":""},"categories":[37],"tags":[],"class_list":["post-130065","post","type-post","status-publish","format-standard","has-post-thumbnail","","category-politike"],"_links":{"self":[{"href":"https:\/\/rdnews.al\/index.php\/wp-json\/wp\/v2\/posts\/130065","targetHints":{"allow":["GET"]}}],"collection":[{"href":"https:\/\/rdnews.al\/index.php\/wp-json\/wp\/v2\/posts"}],"about":[{"href":"https:\/\/rdnews.al\/index.php\/wp-json\/wp\/v2\/types\/post"}],"author":[{"embeddable":true,"href":"https:\/\/rdnews.al\/index.php\/wp-json\/wp\/v2\/users\/4"}],"replies":[{"embeddable":true,"href":"https:\/\/rdnews.al\/index.php\/wp-json\/wp\/v2\/comments?post=130065"}],"version-history":[{"count":1,"href":"https:\/\/rdnews.al\/index.php\/wp-json\/wp\/v2\/posts\/130065\/revisions"}],"predecessor-version":[{"id":130067,"href":"https:\/\/rdnews.al\/index.php\/wp-json\/wp\/v2\/posts\/130065\/revisions\/130067"}],"wp:featuredmedia":[{"embeddable":true,"href":"https:\/\/rdnews.al\/index.php\/wp-json\/wp\/v2\/media\/130066"}],"wp:attachment":[{"href":"https:\/\/rdnews.al\/index.php\/wp-json\/wp\/v2\/media?parent=130065"}],"wp:term":[{"taxonomy":"category","embeddable":true,"href":"https:\/\/rdnews.al\/index.php\/wp-json\/wp\/v2\/categories?post=130065"},{"taxonomy":"post_tag","embeddable":true,"href":"https:\/\/rdnews.al\/index.php\/wp-json\/wp\/v2\/tags?post=130065"}],"curies":[{"name":"wp","href":"https:\/\/api.w.org\/{rel}","templated":true}]}}