{"id":130068,"date":"2025-12-03T11:23:38","date_gmt":"2025-12-03T11:23:38","guid":{"rendered":"https:\/\/rdnews.al\/?p=130068"},"modified":"2025-12-03T11:23:38","modified_gmt":"2025-12-03T11:23:38","slug":"berisha-pd-ka-vendosur-te-mbeshtese-kandidaturat-e-saj-per-avokatin-e-popullit","status":"publish","type":"post","link":"https:\/\/rdnews.al\/index.php\/2025\/12\/03\/berisha-pd-ka-vendosur-te-mbeshtese-kandidaturat-e-saj-per-avokatin-e-popullit\/","title":{"rendered":"Berisha: PD ka vendosur t\u00eb mb\u00ebshtes\u00eb kandidaturat e saj p\u00ebr Avokatin e Popullit"},"content":{"rendered":"<p>Lideri i opozit\u00ebs, Sali Berisha, deklaroi se Partia Demokratike ka vendosur t\u00eb mb\u00ebshtes\u00eb kandidaturat e saj p\u00ebr funksionin e Avokatit t\u00eb Popullit, duke theksuar se k\u00ebto jan\u00eb persona q\u00eb e p\u00ebrmbushin m\u00eb mir\u00eb k\u00ebt\u00eb rol.<\/p>\n<p>&#8220;Partia Demokratike ka vendosur t\u00eb mb\u00ebshtes\u00eb kandidaturat e saj q\u00eb ajo beson se e p\u00ebrmbushin m\u00eb mir\u00eb k\u00ebt\u00eb funksion.<\/p>\n<p>Pra, firmat mund t\u00eb jen\u00eb dh\u00ebn\u00eb, por ne mb\u00ebshtesim disa kandidatura, i kemi t\u00eb p\u00ebrcaktuara dhe grupi parlamentar do i m\u00ebsoj\u00eb sot, t\u00eb cilat ne besojm\u00eb se e kryejn\u00eb m\u00eb mir\u00eb at\u00eb detyr\u00eb&#8221;, tha Berisha.<\/p>\n","protected":false},"excerpt":{"rendered":"<p>Lideri i opozit\u00ebs, Sali Berisha, deklaroi se Partia Demokratike ka vendosur t\u00eb mb\u00ebshtes\u00eb kandidaturat e saj p\u00ebr funksionin e Avokatit t\u00eb Popullit, duke theksuar se k\u00ebto jan\u00eb persona q\u00eb e p\u00ebrmbushin m\u00eb mir\u00eb k\u00ebt\u00eb rol. &#8220;Partia Demokratike ka vendosur t\u00eb mb\u00ebshtes\u00eb kandidaturat e saj q\u00eb ajo beson se e p\u00ebrmbushin m\u00eb mir\u00eb k\u00ebt\u00eb funksion. Pra, &hellip;<\/p>\n","protected":false},"author":4,"featured_media":130069,"comment_status":"closed","ping_status":"closed","sticky":false,"template":"","format":"standard","meta":{"footnotes":""},"categories":[37],"tags":[],"class_list":["post-130068","post","type-post","status-publish","format-standard","has-post-thumbnail","","category-politike"],"_links":{"self":[{"href":"https:\/\/rdnews.al\/index.php\/wp-json\/wp\/v2\/posts\/130068","targetHints":{"allow":["GET"]}}],"collection":[{"href":"https:\/\/rdnews.al\/index.php\/wp-json\/wp\/v2\/posts"}],"about":[{"href":"https:\/\/rdnews.al\/index.php\/wp-json\/wp\/v2\/types\/post"}],"author":[{"embeddable":true,"href":"https:\/\/rdnews.al\/index.php\/wp-json\/wp\/v2\/users\/4"}],"replies":[{"embeddable":true,"href":"https:\/\/rdnews.al\/index.php\/wp-json\/wp\/v2\/comments?post=130068"}],"version-history":[{"count":1,"href":"https:\/\/rdnews.al\/index.php\/wp-json\/wp\/v2\/posts\/130068\/revisions"}],"predecessor-version":[{"id":130070,"href":"https:\/\/rdnews.al\/index.php\/wp-json\/wp\/v2\/posts\/130068\/revisions\/130070"}],"wp:featuredmedia":[{"embeddable":true,"href":"https:\/\/rdnews.al\/index.php\/wp-json\/wp\/v2\/media\/130069"}],"wp:attachment":[{"href":"https:\/\/rdnews.al\/index.php\/wp-json\/wp\/v2\/media?parent=130068"}],"wp:term":[{"taxonomy":"category","embeddable":true,"href":"https:\/\/rdnews.al\/index.php\/wp-json\/wp\/v2\/categories?post=130068"},{"taxonomy":"post_tag","embeddable":true,"href":"https:\/\/rdnews.al\/index.php\/wp-json\/wp\/v2\/tags?post=130068"}],"curies":[{"name":"wp","href":"https:\/\/api.w.org\/{rel}","templated":true}]}}