{"id":130071,"date":"2025-12-03T11:31:28","date_gmt":"2025-12-03T11:31:28","guid":{"rendered":"https:\/\/rdnews.al\/?p=130071"},"modified":"2025-12-03T11:31:28","modified_gmt":"2025-12-03T11:31:28","slug":"berisha-listat-e-mbyllura-nuk-ishin-me-te-mira-por-ky-sistem-u-imponua-nga-edi-rama","status":"publish","type":"post","link":"https:\/\/rdnews.al\/index.php\/2025\/12\/03\/berisha-listat-e-mbyllura-nuk-ishin-me-te-mira-por-ky-sistem-u-imponua-nga-edi-rama\/","title":{"rendered":"Berisha: Listat e mbyllura nuk ishin m\u00eb t\u00eb mira, por ky sistem u imponua nga Edi Rama!"},"content":{"rendered":"<p>Kryetari i PD, Sali Berisha deklaroi se listat e mbyllura nuk p\u00ebrfaq\u00ebsonin nj\u00eb sistem m\u00eb t\u00eb mir\u00eb dhe se ky model u imponua nga kryeministri Edi Rama.<\/p>\n<p>&#8220;Absolutisht nuk ishin kurr\u00eb m\u00eb t\u00eb mira.<\/p>\n<p>Pa diskutim!<\/p>\n<p>Po ky sistem u imponua nga Edi Rama.<\/p>\n<p>Sistemi \u00ebsht\u00eb deformuar n\u00eb palc\u00eb n\u00eb vitin 2021 nga Edi Rama.<\/p>\n<p>Nuk ka diskutim&#8221;, tha Berisha.<\/p>\n","protected":false},"excerpt":{"rendered":"<p>Kryetari i PD, Sali Berisha deklaroi se listat e mbyllura nuk p\u00ebrfaq\u00ebsonin nj\u00eb sistem m\u00eb t\u00eb mir\u00eb dhe se ky model u imponua nga kryeministri Edi Rama. &#8220;Absolutisht nuk ishin kurr\u00eb m\u00eb t\u00eb mira. Pa diskutim! Po ky sistem u imponua nga Edi Rama. Sistemi \u00ebsht\u00eb deformuar n\u00eb palc\u00eb n\u00eb vitin 2021 nga Edi Rama. &hellip;<\/p>\n","protected":false},"author":4,"featured_media":130072,"comment_status":"closed","ping_status":"closed","sticky":false,"template":"","format":"standard","meta":{"footnotes":""},"categories":[37],"tags":[],"class_list":["post-130071","post","type-post","status-publish","format-standard","has-post-thumbnail","","category-politike"],"_links":{"self":[{"href":"https:\/\/rdnews.al\/index.php\/wp-json\/wp\/v2\/posts\/130071","targetHints":{"allow":["GET"]}}],"collection":[{"href":"https:\/\/rdnews.al\/index.php\/wp-json\/wp\/v2\/posts"}],"about":[{"href":"https:\/\/rdnews.al\/index.php\/wp-json\/wp\/v2\/types\/post"}],"author":[{"embeddable":true,"href":"https:\/\/rdnews.al\/index.php\/wp-json\/wp\/v2\/users\/4"}],"replies":[{"embeddable":true,"href":"https:\/\/rdnews.al\/index.php\/wp-json\/wp\/v2\/comments?post=130071"}],"version-history":[{"count":1,"href":"https:\/\/rdnews.al\/index.php\/wp-json\/wp\/v2\/posts\/130071\/revisions"}],"predecessor-version":[{"id":130073,"href":"https:\/\/rdnews.al\/index.php\/wp-json\/wp\/v2\/posts\/130071\/revisions\/130073"}],"wp:featuredmedia":[{"embeddable":true,"href":"https:\/\/rdnews.al\/index.php\/wp-json\/wp\/v2\/media\/130072"}],"wp:attachment":[{"href":"https:\/\/rdnews.al\/index.php\/wp-json\/wp\/v2\/media?parent=130071"}],"wp:term":[{"taxonomy":"category","embeddable":true,"href":"https:\/\/rdnews.al\/index.php\/wp-json\/wp\/v2\/categories?post=130071"},{"taxonomy":"post_tag","embeddable":true,"href":"https:\/\/rdnews.al\/index.php\/wp-json\/wp\/v2\/tags?post=130071"}],"curies":[{"name":"wp","href":"https:\/\/api.w.org\/{rel}","templated":true}]}}