{"id":130074,"date":"2025-12-03T11:35:33","date_gmt":"2025-12-03T11:35:33","guid":{"rendered":"https:\/\/rdnews.al\/?p=130074"},"modified":"2025-12-03T11:35:33","modified_gmt":"2025-12-03T11:35:33","slug":"takimet-e-salianjit-berisha-cdo-aktivitet-jashte-forumeve-te-pd-eshte-strikt-privat-pa-asnje-lidhje-me-pd-ne","status":"publish","type":"post","link":"https:\/\/rdnews.al\/index.php\/2025\/12\/03\/takimet-e-salianjit-berisha-cdo-aktivitet-jashte-forumeve-te-pd-eshte-strikt-privat-pa-asnje-lidhje-me-pd-ne\/","title":{"rendered":"Takimet e Salianjit\/ Berisha: \u00c7do aktivitet jasht\u00eb forumeve t\u00eb PD \u00ebsht\u00eb strikt privat, pa asnj\u00eb lidhje me PD-n\u00eb"},"content":{"rendered":"<p>Lideri i opozit\u00ebs, Sali Berisha, sqaron se \u00e7do aktivitet jasht\u00eb forumeve zyrtare t\u00eb Partis\u00eb Demokratike \u00ebsht\u00eb privat dhe nuk ka asnj\u00eb lidhje me PD-n\u00eb.<\/p>\n<p>&#8220;Asnj\u00eb aktivitet jasht\u00eb forumeve t\u00eb PD nuk mund t\u00eb ket\u00eb ndikimin m\u00eb t\u00eb vog\u00ebl n\u00eb Partis\u00eb Demokratike.<\/p>\n<p>\u00c7do aktivitet jasht\u00eb forumeve t\u00eb PD \u00ebsht\u00eb strikt privat, pa asnj\u00eb lidhje me PD-n\u00eb.<\/p>\n<p>PD \u00ebsht\u00eb parti me statut, me institucione, me forume.<\/p>\n<p>PD ka dhe do t\u00eb ket\u00eb, ka filluar mbledhjen e forumeve, ka filluar debatin dhe do jet\u00eb debat i hapur p\u00ebr cilindo an\u00ebtar dhe drejtues.<\/p>\n<p>\u00c7do person tjet\u00ebr q\u00eb p\u00ebr q\u00ebllime private, personale, organizon takime, i ka ato totalisht n\u00eb interesin e vet dhe nuk kan\u00eb asnj\u00eb lidhje me partin\u00eb.<\/p>\n<p>Ky rregull \u00ebsht\u00eb p\u00ebr \u00e7do forc\u00eb politike n\u00eb bot\u00eb&#8221;, tha Berisha.<\/p>\n","protected":false},"excerpt":{"rendered":"<p>Lideri i opozit\u00ebs, Sali Berisha, sqaron se \u00e7do aktivitet jasht\u00eb forumeve zyrtare t\u00eb Partis\u00eb Demokratike \u00ebsht\u00eb privat dhe nuk ka asnj\u00eb lidhje me PD-n\u00eb. &#8220;Asnj\u00eb aktivitet jasht\u00eb forumeve t\u00eb PD nuk mund t\u00eb ket\u00eb ndikimin m\u00eb t\u00eb vog\u00ebl n\u00eb Partis\u00eb Demokratike. \u00c7do aktivitet jasht\u00eb forumeve t\u00eb PD \u00ebsht\u00eb strikt privat, pa asnj\u00eb lidhje me PD-n\u00eb. &hellip;<\/p>\n","protected":false},"author":4,"featured_media":130069,"comment_status":"closed","ping_status":"closed","sticky":false,"template":"","format":"standard","meta":{"footnotes":""},"categories":[37],"tags":[],"class_list":["post-130074","post","type-post","status-publish","format-standard","has-post-thumbnail","","category-politike"],"_links":{"self":[{"href":"https:\/\/rdnews.al\/index.php\/wp-json\/wp\/v2\/posts\/130074","targetHints":{"allow":["GET"]}}],"collection":[{"href":"https:\/\/rdnews.al\/index.php\/wp-json\/wp\/v2\/posts"}],"about":[{"href":"https:\/\/rdnews.al\/index.php\/wp-json\/wp\/v2\/types\/post"}],"author":[{"embeddable":true,"href":"https:\/\/rdnews.al\/index.php\/wp-json\/wp\/v2\/users\/4"}],"replies":[{"embeddable":true,"href":"https:\/\/rdnews.al\/index.php\/wp-json\/wp\/v2\/comments?post=130074"}],"version-history":[{"count":1,"href":"https:\/\/rdnews.al\/index.php\/wp-json\/wp\/v2\/posts\/130074\/revisions"}],"predecessor-version":[{"id":130077,"href":"https:\/\/rdnews.al\/index.php\/wp-json\/wp\/v2\/posts\/130074\/revisions\/130077"}],"wp:featuredmedia":[{"embeddable":true,"href":"https:\/\/rdnews.al\/index.php\/wp-json\/wp\/v2\/media\/130069"}],"wp:attachment":[{"href":"https:\/\/rdnews.al\/index.php\/wp-json\/wp\/v2\/media?parent=130074"}],"wp:term":[{"taxonomy":"category","embeddable":true,"href":"https:\/\/rdnews.al\/index.php\/wp-json\/wp\/v2\/categories?post=130074"},{"taxonomy":"post_tag","embeddable":true,"href":"https:\/\/rdnews.al\/index.php\/wp-json\/wp\/v2\/tags?post=130074"}],"curies":[{"name":"wp","href":"https:\/\/api.w.org\/{rel}","templated":true}]}}