{"id":130078,"date":"2025-12-03T11:41:26","date_gmt":"2025-12-03T11:41:26","guid":{"rendered":"https:\/\/rdnews.al\/?p=130078"},"modified":"2025-12-03T11:41:26","modified_gmt":"2025-12-03T11:41:26","slug":"berisha-kryetari-i-qeverise-nuk-ka-lidhje-me-asnje-regjister-te-asnje-institucioni","status":"publish","type":"post","link":"https:\/\/rdnews.al\/index.php\/2025\/12\/03\/berisha-kryetari-i-qeverise-nuk-ka-lidhje-me-asnje-regjister-te-asnje-institucioni\/","title":{"rendered":"Berisha: Kryetari i qeveris\u00eb nuk ka lidhje me asnj\u00eb regjist\u00ebr t\u00eb asnj\u00eb institucioni!"},"content":{"rendered":"<p>Kryetari i PD, Sali Berisha deklaroi se, kryeministri i vendit nuk ka asnj\u00eb lidhje me regjistrat e asnj\u00eb institucioni.<\/p>\n<p>&#8220;Tani se \u00e7\u2019ngrin apo trillon Saimir Tahiri apo tjet\u00ebr kush, un\u00eb nuk di.<\/p>\n<p>Kryeministri nuk ka asnj\u00eb lidhje me asnj\u00eb regjist\u00ebr.<\/p>\n<p>Kryetari i qeveris\u00eb nuk ka lidhje me asnj\u00eb regjist\u00ebr t\u00eb asnj\u00eb institucioni.<\/p>\n<p>Nuk mund t\u00eb pyetem p\u00ebr k\u00ebt\u00eb sepse kryetari i qeveris\u00eb nuk ka lidhje me asnj\u00eb regjist\u00ebr t\u00eb asnj\u00eb institucioni&#8221;, tha Berisha.<\/p>\n","protected":false},"excerpt":{"rendered":"<p>Kryetari i PD, Sali Berisha deklaroi se, kryeministri i vendit nuk ka asnj\u00eb lidhje me regjistrat e asnj\u00eb institucioni. &#8220;Tani se \u00e7\u2019ngrin apo trillon Saimir Tahiri apo tjet\u00ebr kush, un\u00eb nuk di. Kryeministri nuk ka asnj\u00eb lidhje me asnj\u00eb regjist\u00ebr. Kryetari i qeveris\u00eb nuk ka lidhje me asnj\u00eb regjist\u00ebr t\u00eb asnj\u00eb institucioni. Nuk mund t\u00eb &hellip;<\/p>\n","protected":false},"author":4,"featured_media":130063,"comment_status":"closed","ping_status":"closed","sticky":false,"template":"","format":"standard","meta":{"footnotes":""},"categories":[37],"tags":[],"class_list":["post-130078","post","type-post","status-publish","format-standard","has-post-thumbnail","","category-politike"],"_links":{"self":[{"href":"https:\/\/rdnews.al\/index.php\/wp-json\/wp\/v2\/posts\/130078","targetHints":{"allow":["GET"]}}],"collection":[{"href":"https:\/\/rdnews.al\/index.php\/wp-json\/wp\/v2\/posts"}],"about":[{"href":"https:\/\/rdnews.al\/index.php\/wp-json\/wp\/v2\/types\/post"}],"author":[{"embeddable":true,"href":"https:\/\/rdnews.al\/index.php\/wp-json\/wp\/v2\/users\/4"}],"replies":[{"embeddable":true,"href":"https:\/\/rdnews.al\/index.php\/wp-json\/wp\/v2\/comments?post=130078"}],"version-history":[{"count":1,"href":"https:\/\/rdnews.al\/index.php\/wp-json\/wp\/v2\/posts\/130078\/revisions"}],"predecessor-version":[{"id":130079,"href":"https:\/\/rdnews.al\/index.php\/wp-json\/wp\/v2\/posts\/130078\/revisions\/130079"}],"wp:featuredmedia":[{"embeddable":true,"href":"https:\/\/rdnews.al\/index.php\/wp-json\/wp\/v2\/media\/130063"}],"wp:attachment":[{"href":"https:\/\/rdnews.al\/index.php\/wp-json\/wp\/v2\/media?parent=130078"}],"wp:term":[{"taxonomy":"category","embeddable":true,"href":"https:\/\/rdnews.al\/index.php\/wp-json\/wp\/v2\/categories?post=130078"},{"taxonomy":"post_tag","embeddable":true,"href":"https:\/\/rdnews.al\/index.php\/wp-json\/wp\/v2\/tags?post=130078"}],"curies":[{"name":"wp","href":"https:\/\/api.w.org\/{rel}","templated":true}]}}