{"id":130082,"date":"2025-12-03T11:46:48","date_gmt":"2025-12-03T11:46:48","guid":{"rendered":"https:\/\/rdnews.al\/?p=130082"},"modified":"2025-12-03T11:46:48","modified_gmt":"2025-12-03T11:46:48","slug":"berisha-kerkoj-hetimin-e-lobimit-qe-ka-bere-moggherini-ne-emer-te-edi-rames","status":"publish","type":"post","link":"https:\/\/rdnews.al\/index.php\/2025\/12\/03\/berisha-kerkoj-hetimin-e-lobimit-qe-ka-bere-moggherini-ne-emer-te-edi-rames\/","title":{"rendered":"Berisha: K\u00ebrkoj hetimin e lobimit q\u00eb ka b\u00ebr\u00eb Moggherini n\u00eb em\u00ebr t\u00eb Edi Ram\u00ebs!"},"content":{"rendered":"<p>Kryetari i PD, Sali Berisha k\u00ebrkoi hetimin e lobimit q\u00eb ka kryer Federica Mogherini n\u00eb favor t\u00eb kryeministrit Edi Rama, duke theksuar se ajo ka vepruar fuqish\u00ebm p\u00ebr t\u00eb mbrojtur interesat e tij.<br \/>\nBerisha theksoi se ky veprim nuk minon besimin e tij tek Bashkimi Europian dhe institucionet e tij, t\u00eb cilat vepruan p\u00ebr t\u00eb hequr imunitetin e ish-p\u00ebrfaq\u00ebsuesve t\u00eb lart\u00eb t\u00eb BE-s\u00eb pa nd\u00ebrhyrje.<br \/>\n&#8220;Tani un\u00eb jam njeriu q\u00eb kam folur m\u00eb hapur dhe flas m\u00eb hapur.<br \/>\nS\u00eb pari, duhet t\u00eb dallojm\u00eb nj\u00eb gj\u00eb, q\u00eb k\u00ebto absolutisht nuk l\u00ebkundin besimin ton\u00eb tek BE dhe institucionet e tij.<br \/>\nJo. P\u00ebrkundrazi.<br \/>\nAto jan\u00eb. Ato vepruan. Ata nuk e mbrojt\u00ebn, i hoq\u00ebn imunitetin ish-p\u00ebrfaq\u00ebsues s\u00eb lart\u00eb t\u00eb BE.<br \/>\nNuk shkoi kush n\u00eb nbdonj\u00eb gjykat\u00eb q\u00eb ta mbroj\u00eb, si\u00e7 b\u00ebn Edi Rama.<br \/>\nPor Romana Vlahutin \u00ebsht\u00eb far\u00eb e njohur p\u00ebr raportet q\u00eb \u00e7onte dhe merrte nga Edi Rama.<br \/>\n\u00cbsht\u00eb fare i njohur imponimi q\u00eb u b\u00ebhet diplomat\u00ebve q\u00eb t\u00eb paraqesin raporte q\u00eb sheqerosin situat\u00ebn n\u00eb Shqip\u00ebri.<br \/>\nJan\u00eb t\u00eb njohura k\u00ebto.<br \/>\nPrandaj k\u00ebrkova hetimin e k\u00ebtij lobimi, se ajo ka lobuar fuqish\u00ebm p\u00ebr Edi Ram\u00ebn.<br \/>\nA \u00ebsht\u00eb vet\u00ebm ajo? Nuk \u00ebsht\u00eb vet\u00ebm ajo, mund t\u00eb ket\u00eb t\u00eb tjer\u00eb.<br \/>\nPo p\u00ebrs\u00ebri e v\u00ebrteta vonon, por nuk harron.<br \/>\nE v\u00ebrteta do dal\u00eb.<br \/>\nUrdh\u00ebro se cili \u00ebsht\u00eb Edi Rama sot.<br \/>\nFtohet p\u00ebr t\u00eb dh\u00ebn\u00eb leksione lider\u00ebve t\u00eb rinj njeriu m\u00eb i korruptuar n\u00eb Europ\u00eb, shembull i korrupsionit nd\u00ebrkomb\u00ebtar.<br \/>\nN\u00eb rastin Mogherini, n\u00eb rastin McGonigal, etj.<br \/>\nTani imagjino se \u00e7\u2019do t\u00eb thot\u00eb t\u00eb ftosh nj\u00eb figur\u00eb t\u00eb nxir\u00eb t\u00eb till\u00eb p\u00ebr t\u2019u dh\u00ebn\u00eb moral lider\u00ebve t\u00eb rinj.<br \/>\nK\u00ebto jan\u00eb, por kjo bot\u00eb \u00ebsht\u00eb e hapur&#8221;, tha Berisha.<\/p>\n","protected":false},"excerpt":{"rendered":"<p>Kryetari i PD, Sali Berisha k\u00ebrkoi hetimin e lobimit q\u00eb ka kryer Federica Mogherini n\u00eb favor t\u00eb kryeministrit Edi Rama, duke theksuar se ajo ka vepruar fuqish\u00ebm p\u00ebr t\u00eb mbrojtur interesat e tij. Berisha theksoi se ky veprim nuk minon besimin e tij tek Bashkimi Europian dhe institucionet e tij, t\u00eb cilat vepruan p\u00ebr t\u00eb &hellip;<\/p>\n","protected":false},"author":4,"featured_media":130072,"comment_status":"closed","ping_status":"closed","sticky":false,"template":"","format":"standard","meta":{"footnotes":""},"categories":[37],"tags":[],"class_list":["post-130082","post","type-post","status-publish","format-standard","has-post-thumbnail","","category-politike"],"_links":{"self":[{"href":"https:\/\/rdnews.al\/index.php\/wp-json\/wp\/v2\/posts\/130082","targetHints":{"allow":["GET"]}}],"collection":[{"href":"https:\/\/rdnews.al\/index.php\/wp-json\/wp\/v2\/posts"}],"about":[{"href":"https:\/\/rdnews.al\/index.php\/wp-json\/wp\/v2\/types\/post"}],"author":[{"embeddable":true,"href":"https:\/\/rdnews.al\/index.php\/wp-json\/wp\/v2\/users\/4"}],"replies":[{"embeddable":true,"href":"https:\/\/rdnews.al\/index.php\/wp-json\/wp\/v2\/comments?post=130082"}],"version-history":[{"count":1,"href":"https:\/\/rdnews.al\/index.php\/wp-json\/wp\/v2\/posts\/130082\/revisions"}],"predecessor-version":[{"id":130083,"href":"https:\/\/rdnews.al\/index.php\/wp-json\/wp\/v2\/posts\/130082\/revisions\/130083"}],"wp:featuredmedia":[{"embeddable":true,"href":"https:\/\/rdnews.al\/index.php\/wp-json\/wp\/v2\/media\/130072"}],"wp:attachment":[{"href":"https:\/\/rdnews.al\/index.php\/wp-json\/wp\/v2\/media?parent=130082"}],"wp:term":[{"taxonomy":"category","embeddable":true,"href":"https:\/\/rdnews.al\/index.php\/wp-json\/wp\/v2\/categories?post=130082"},{"taxonomy":"post_tag","embeddable":true,"href":"https:\/\/rdnews.al\/index.php\/wp-json\/wp\/v2\/tags?post=130082"}],"curies":[{"name":"wp","href":"https:\/\/api.w.org\/{rel}","templated":true}]}}