{"id":130084,"date":"2025-12-03T11:49:46","date_gmt":"2025-12-03T11:49:46","guid":{"rendered":"https:\/\/rdnews.al\/?p=130084"},"modified":"2025-12-03T11:49:46","modified_gmt":"2025-12-03T11:49:46","slug":"berisha-foltoret-nuk-mund-te-jene-te-perditshme-por-do-jene-ne-te-gjithe-territorin-e-shqiperise","status":"publish","type":"post","link":"https:\/\/rdnews.al\/index.php\/2025\/12\/03\/berisha-foltoret-nuk-mund-te-jene-te-perditshme-por-do-jene-ne-te-gjithe-territorin-e-shqiperise\/","title":{"rendered":"Berisha: Foltoret nuk mund t\u00eb jen\u00eb t\u00eb p\u00ebrditshme, por do jen\u00eb n\u00eb t\u00eb gjith\u00eb territorin e Shqip\u00ebris\u00eb"},"content":{"rendered":"<p>Kryetari i PD, Sali Berisha tha se, &#8220;Foltoret&#8221; nuk mund t\u00eb jen\u00eb t\u00eb p\u00ebrditshme, por do jen\u00eb n\u00eb t\u00eb gjith\u00eb territorin e Shqip\u00ebris\u00eb.<\/p>\n<p>&#8220;Foltoret nuk mund t\u00eb jen\u00eb t\u00eb p\u00ebrditshme, por do jen\u00eb n\u00eb t\u00eb gjith\u00eb territorin e Shqip\u00ebris\u00eb.<\/p>\n<p>Jemi n\u00eb at\u00eb situat\u00eb q\u00eb krahas analiz\u00ebs q\u00eb do b\u00ebhet do ket\u00eb edhe foltore n\u00eb t\u00eb gjith\u00eb territorin e vendit, ku demokrat\u00ebt, por edhe qytetar\u00ebt t\u00eb debatojn\u00eb, t\u00eb propozojn\u00eb, t\u00eb kritikojn\u00eb, t\u00eb sugjerojn\u00eb ato q\u00eb mendojn\u00eb p\u00ebr k\u00ebt\u00eb situat\u00eb&#8221;, tha Berisha.<\/p>\n","protected":false},"excerpt":{"rendered":"<p>Kryetari i PD, Sali Berisha tha se, &#8220;Foltoret&#8221; nuk mund t\u00eb jen\u00eb t\u00eb p\u00ebrditshme, por do jen\u00eb n\u00eb t\u00eb gjith\u00eb territorin e Shqip\u00ebris\u00eb. &#8220;Foltoret nuk mund t\u00eb jen\u00eb t\u00eb p\u00ebrditshme, por do jen\u00eb n\u00eb t\u00eb gjith\u00eb territorin e Shqip\u00ebris\u00eb. Jemi n\u00eb at\u00eb situat\u00eb q\u00eb krahas analiz\u00ebs q\u00eb do b\u00ebhet do ket\u00eb edhe foltore n\u00eb t\u00eb &hellip;<\/p>\n","protected":false},"author":4,"featured_media":130057,"comment_status":"closed","ping_status":"closed","sticky":false,"template":"","format":"standard","meta":{"footnotes":""},"categories":[37],"tags":[],"class_list":["post-130084","post","type-post","status-publish","format-standard","has-post-thumbnail","","category-politike"],"_links":{"self":[{"href":"https:\/\/rdnews.al\/index.php\/wp-json\/wp\/v2\/posts\/130084","targetHints":{"allow":["GET"]}}],"collection":[{"href":"https:\/\/rdnews.al\/index.php\/wp-json\/wp\/v2\/posts"}],"about":[{"href":"https:\/\/rdnews.al\/index.php\/wp-json\/wp\/v2\/types\/post"}],"author":[{"embeddable":true,"href":"https:\/\/rdnews.al\/index.php\/wp-json\/wp\/v2\/users\/4"}],"replies":[{"embeddable":true,"href":"https:\/\/rdnews.al\/index.php\/wp-json\/wp\/v2\/comments?post=130084"}],"version-history":[{"count":1,"href":"https:\/\/rdnews.al\/index.php\/wp-json\/wp\/v2\/posts\/130084\/revisions"}],"predecessor-version":[{"id":130085,"href":"https:\/\/rdnews.al\/index.php\/wp-json\/wp\/v2\/posts\/130084\/revisions\/130085"}],"wp:featuredmedia":[{"embeddable":true,"href":"https:\/\/rdnews.al\/index.php\/wp-json\/wp\/v2\/media\/130057"}],"wp:attachment":[{"href":"https:\/\/rdnews.al\/index.php\/wp-json\/wp\/v2\/media?parent=130084"}],"wp:term":[{"taxonomy":"category","embeddable":true,"href":"https:\/\/rdnews.al\/index.php\/wp-json\/wp\/v2\/categories?post=130084"},{"taxonomy":"post_tag","embeddable":true,"href":"https:\/\/rdnews.al\/index.php\/wp-json\/wp\/v2\/tags?post=130084"}],"curies":[{"name":"wp","href":"https:\/\/api.w.org\/{rel}","templated":true}]}}