{"id":130086,"date":"2025-12-03T11:56:02","date_gmt":"2025-12-03T11:56:02","guid":{"rendered":"https:\/\/rdnews.al\/?p=130086"},"modified":"2025-12-03T11:56:02","modified_gmt":"2025-12-03T11:56:02","slug":"berisha-une-e-bera-foltoren-per-te-shpetuar-pd-ne-nga-kontrolli-mafioz-i-edi-rames","status":"publish","type":"post","link":"https:\/\/rdnews.al\/index.php\/2025\/12\/03\/berisha-une-e-bera-foltoren-per-te-shpetuar-pd-ne-nga-kontrolli-mafioz-i-edi-rames\/","title":{"rendered":"Berisha: Un\u00eb e b\u00ebra Foltoren p\u00ebr t\u00eb shp\u00ebtuar PD-n\u00eb nga kontrolli mafioz i Edi Ram\u00ebs!"},"content":{"rendered":"<p>Kryetari i PD, Sali Berisha deklaroi se nisma e tij e Foltores lindi si nj\u00eb akt i domosdosh\u00ebm p\u00ebr t\u00eb shp\u00ebtuar Partin\u00eb Demokratike nga kontroll mafioz i Edi Ram\u00ebs.<br \/>\nN\u00eb deklarat\u00ebn p\u00ebr media Berisha sqaroi se, Foltorja u krijua brenda strukturave t\u00eb PD-s\u00eb p\u00ebr shkak se drejtimi i at\u00ebhersh\u00ebm i partis\u00eb, sipas tij, kishte tradhtuar kauz\u00ebn e demokrat\u00ebve dhe kishte hyr\u00eb n\u00eb var\u00ebsi politike e juridike nga qeveria Rama.<br \/>\n&#8220;E b\u00ebra brenda strukturave p\u00ebr faktin se kreu i strukturave kishte tradhtuar kauz\u00ebn e mbar\u00eb demokrat\u00ebve.<br \/>\nE b\u00ebra p\u00ebr t\u00eb shp\u00ebtuar PD-n\u00eb nga kontrolli mafioz i Edi Ram\u00ebs dhe t\u00eb tjer\u00ebve, dhe i sorosian\u00ebve.<br \/>\nE b\u00ebra sepse Edi Rama i kishte hapur dy procese Lulzim Bash\u00ebs, nj\u00ebrin p\u00ebr Toyota Yaris, tjetrin p\u00ebr Nik Muzinin dhe \u00e7onte Engj\u00ebll Aga\u00e7in dhe e gradonte si donte.<br \/>\nE b\u00ebra p\u00ebr t\u00eb shp\u00ebtuar forc\u00ebn kryesore t\u00eb opozit\u00ebs nga kontrolli mafioz i Edi Ram\u00ebs&#8230;<br \/>\n&#8230;Jo, nuk kam 30 vite. Un\u00eb jam modeli i dor\u00ebheqjes n\u00eb Shqip\u00ebri. Kam dh\u00ebn\u00eb dor\u00ebheqje si President i Republik\u00ebs, kam dh\u00ebn\u00eb dor\u00ebheqje si kryetar partie, kam dh\u00ebn\u00eb dor\u00ebheqje si kryeministri vendit.<br \/>\nKam drejtuar opozit\u00eb, pastaj kam dal\u00eb pothuajse nj\u00eb deputet i thjesht\u00eb. Jo, nuk \u00ebsht\u00eb ashtu.<br \/>\nUn\u00eb p\u00ebrs\u00ebri po luftoj p\u00ebr nj\u00eb mision n\u00eb kushte shum\u00eb t\u00eb v\u00ebshtira, mbrojtjen e vot\u00ebs s\u00eb qytetar\u00ebve.<br \/>\nAjo \u00ebsht\u00eb realizuar n\u00eb konceptin q\u00eb kam un\u00eb p\u00ebr mbrojtjen e vot\u00ebs.<br \/>\nTani vazhdoj misionin p\u00ebr t\u00eb p\u00ebrmbysur s\u00eb bashku me shqiptar\u00ebt, p\u00ebr t\u00eb motivuar shqiptar\u00ebt t\u00eb \u00e7lirohen nga kjo diktatur\u00eb.<br \/>\nKaq!&#8221;, tha Berisha.<\/p>\n","protected":false},"excerpt":{"rendered":"<p>Kryetari i PD, Sali Berisha deklaroi se nisma e tij e Foltores lindi si nj\u00eb akt i domosdosh\u00ebm p\u00ebr t\u00eb shp\u00ebtuar Partin\u00eb Demokratike nga kontroll mafioz i Edi Ram\u00ebs. N\u00eb deklarat\u00ebn p\u00ebr media Berisha sqaroi se, Foltorja u krijua brenda strukturave t\u00eb PD-s\u00eb p\u00ebr shkak se drejtimi i at\u00ebhersh\u00ebm i partis\u00eb, sipas tij, kishte tradhtuar &hellip;<\/p>\n","protected":false},"author":4,"featured_media":130066,"comment_status":"closed","ping_status":"closed","sticky":false,"template":"","format":"standard","meta":{"footnotes":""},"categories":[37],"tags":[],"class_list":["post-130086","post","type-post","status-publish","format-standard","has-post-thumbnail","","category-politike"],"_links":{"self":[{"href":"https:\/\/rdnews.al\/index.php\/wp-json\/wp\/v2\/posts\/130086","targetHints":{"allow":["GET"]}}],"collection":[{"href":"https:\/\/rdnews.al\/index.php\/wp-json\/wp\/v2\/posts"}],"about":[{"href":"https:\/\/rdnews.al\/index.php\/wp-json\/wp\/v2\/types\/post"}],"author":[{"embeddable":true,"href":"https:\/\/rdnews.al\/index.php\/wp-json\/wp\/v2\/users\/4"}],"replies":[{"embeddable":true,"href":"https:\/\/rdnews.al\/index.php\/wp-json\/wp\/v2\/comments?post=130086"}],"version-history":[{"count":1,"href":"https:\/\/rdnews.al\/index.php\/wp-json\/wp\/v2\/posts\/130086\/revisions"}],"predecessor-version":[{"id":130087,"href":"https:\/\/rdnews.al\/index.php\/wp-json\/wp\/v2\/posts\/130086\/revisions\/130087"}],"wp:featuredmedia":[{"embeddable":true,"href":"https:\/\/rdnews.al\/index.php\/wp-json\/wp\/v2\/media\/130066"}],"wp:attachment":[{"href":"https:\/\/rdnews.al\/index.php\/wp-json\/wp\/v2\/media?parent=130086"}],"wp:term":[{"taxonomy":"category","embeddable":true,"href":"https:\/\/rdnews.al\/index.php\/wp-json\/wp\/v2\/categories?post=130086"},{"taxonomy":"post_tag","embeddable":true,"href":"https:\/\/rdnews.al\/index.php\/wp-json\/wp\/v2\/tags?post=130086"}],"curies":[{"name":"wp","href":"https:\/\/api.w.org\/{rel}","templated":true}]}}