{"id":130102,"date":"2025-12-03T13:31:04","date_gmt":"2025-12-03T13:31:04","guid":{"rendered":"https:\/\/rdnews.al\/?p=130102"},"modified":"2025-12-03T13:31:13","modified_gmt":"2025-12-03T13:31:13","slug":"10-ore-pyetje-mogherini-bleu-godinen-3-2-milione-euro-para-zhvillimit-te-tenderit","status":"publish","type":"post","link":"https:\/\/rdnews.al\/index.php\/2025\/12\/03\/10-ore-pyetje-mogherini-bleu-godinen-3-2-milione-euro-para-zhvillimit-te-tenderit\/","title":{"rendered":"10 or\u00eb pyetje\/ Mogherini bleu godin\u00ebn 3.2 milion\u00eb euro para zhvillimit t\u00eb tenderit"},"content":{"rendered":"<p>Dhjet\u00eb or\u00eb marrje n\u00eb pyetje nga prokuror\u00ebt belg p\u00ebr Mogherinin, e cila ka q\u00ebndruar e arrestuar nga ora 14:00 deri n\u00eb mesnat\u00eb. N\u00eb fund, asnj\u00eb mas\u00eb kufizuese:<a href=\"https:\/\/www.repubblica.it\/politica\/2025\/12\/03\/news\/interrogatorio_mogherini_difesa_inchiesta_corruzione_ue-425018640\/?ref=RHLF-BG-P1-S2-T1-s3754\" target=\"_blank\" rel=\"noopener\">\u00a0Federica Mogherini<\/a>\u00a0ka marr\u00eb s\u00ebrish pasaport\u00ebn dhe mund t\u00eb l\u00ebviz\u00eb lirsh\u00ebm brenda dhe jasht\u00eb Belgjik\u00ebs. Gjat\u00eb d\u00ebshmis\u00eb, ajo ka dh\u00ebn\u00eb p\u00ebrgjigje p\u00ebr \u00e7do pyetje dhe ka theksuar para magjistrat\u00ebve se \u201cgjith\u00e7ka \u00ebsht\u00eb zhvilluar me transparenc\u00eb t\u00eb plot\u00eb, pa privilegje apo informacione t\u00eb rezervuara q\u00eb mund t\u00eb ken\u00eb sjell\u00eb p\u00ebrfitime. Q\u00ebllimi i vet\u00ebm ishte krijimi i nj\u00eb elite diplomatike m\u00eb t\u00eb mir\u00eb p\u00ebr Bashkimin Evropian\u201d.<\/p>\n<p>Mogherini, ish P\u00ebrfaq\u00ebsuesja e Lart\u00eb e BE-s\u00eb p\u00ebr Politik\u00ebn e Jashtme dhe ish n\u00ebnkryetare e Komisionit Evropian, po hetohet nga Prokuroria Evropiane n\u00eb Bruksel p\u00ebr \u00e7\u00ebshtje t\u00eb lidhura me rolin e saj si drejtoresh\u00eb e Kolegjit t\u00eb Evrop\u00ebs n\u00eb Bruges. S\u00eb bashku me t\u00eb jan\u00eb n\u00ebn hetim edhe ambasadori Stefano Sannino dhe Cesare Zegretti, drejtues n\u00eb k\u00ebt\u00eb institucion prestigjioz. T\u00eb tre u ndaluan t\u00eb mart\u00ebn, iu hoq imuniteti diplomatik, u mor\u00ebn n\u00eb pyetje dhe m\u00eb pas u lan\u00eb t\u00eb lir\u00eb, pasi nuk p\u00ebrb\u00ebnin rrezik arratisjeje.<\/p>\n<p>Sipas akuz\u00ebs, Sannino \u2013 at\u00ebher\u00eb sekretar i p\u00ebrgjithsh\u00ebm i Sh\u00ebrbimit Evropian t\u00eb Veprimit t\u00eb Jasht\u00ebm \u2013 dyshohet se mund t\u00eb ket\u00eb ndar\u00eb paraprakisht me Kolegjin e Evrop\u00ebs informacion t\u00eb r\u00ebnd\u00ebsish\u00ebm mbi nj\u00eb konkurs publik, duke e v\u00ebn\u00eb institucionin n\u00eb avantazh ndaj kandidat\u00ebve t\u00eb tjer\u00eb. Mogherini e ka kund\u00ebrshtuar prerazi k\u00ebt\u00eb version, duke theksuar se t\u00eb gjitha t\u00eb dh\u00ebnat ishin publike dhe t\u00eb aksesueshme. Edhe komunikimet mes Komisionit dhe SEAE, q\u00eb hap\u00ebn rrug\u00eb projektit pilot gjat\u00eb 2021\u20132022, ishin zyrtare dhe transparente.<\/p>\n<p>Hetimi fokusohet edhe te blerja e nj\u00eb godine p\u00ebr 3.2 milion\u00eb euro, e konsideruar e domosdoshme p\u00ebr strehimin e pjes\u00ebmarr\u00ebsve t\u00eb Akademis\u00eb Diplomatike Evropiane. Sipas Prokuroris\u00eb, fakti q\u00eb godina u ble pak muaj para shpalljes s\u00eb tenderit, n\u00eb nj\u00eb periudh\u00eb kur Kolegji kishte v\u00ebshtir\u00ebsi financiare, mund t\u00eb sugjeronte akses n\u00eb informacion t\u00eb brendsh\u00ebm. Por Mogherini ka deklaruar se vendimi u mor pa patur nevoj\u00eb p\u00ebr t\u00eb dh\u00ebna t\u00eb rezervuara, sepse gjith\u00e7ka ishte e qart\u00eb dhe e parashikueshme.<\/p>\n<p>Sot, ajo nd\u00ebrtes\u00eb strehon realisht kursant\u00ebt e Akademis\u00eb, pasi programi pilot u konsolidua: n\u00eb vitin 2024 Komisioni Evropian n\u00ebnshkroi nj\u00eb marr\u00ebveshje kat\u00ebrvje\u00e7are q\u00eb i beson Kolegjit t\u00eb Evrop\u00ebs drejtimin e shkoll\u00ebs diplomatike deri n\u00eb vitin 2028, me Mogherinin si drejtoresh\u00eb. Projekti n\u00eb total kap vler\u00ebn rreth nj\u00eb milion euro, nga t\u00eb cilat rreth 700 mij\u00eb shkojn\u00eb drejtp\u00ebrdrejt p\u00ebr Bruges.<\/p>\n","protected":false},"excerpt":{"rendered":"<p>Dhjet\u00eb or\u00eb marrje n\u00eb pyetje nga prokuror\u00ebt belg p\u00ebr Mogherinin, e cila ka q\u00ebndruar e arrestuar nga ora 14:00 deri n\u00eb mesnat\u00eb. N\u00eb fund, asnj\u00eb mas\u00eb kufizuese:\u00a0Federica Mogherini\u00a0ka marr\u00eb s\u00ebrish pasaport\u00ebn dhe mund t\u00eb l\u00ebviz\u00eb lirsh\u00ebm brenda dhe jasht\u00eb Belgjik\u00ebs. Gjat\u00eb d\u00ebshmis\u00eb, ajo ka dh\u00ebn\u00eb p\u00ebrgjigje p\u00ebr \u00e7do pyetje dhe ka theksuar para magjistrat\u00ebve se &hellip;<\/p>\n","protected":false},"author":3,"featured_media":130103,"comment_status":"closed","ping_status":"closed","sticky":false,"template":"","format":"standard","meta":{"footnotes":""},"categories":[38],"tags":[],"class_list":["post-130102","post","type-post","status-publish","format-standard","has-post-thumbnail","","category-bota"],"_links":{"self":[{"href":"https:\/\/rdnews.al\/index.php\/wp-json\/wp\/v2\/posts\/130102","targetHints":{"allow":["GET"]}}],"collection":[{"href":"https:\/\/rdnews.al\/index.php\/wp-json\/wp\/v2\/posts"}],"about":[{"href":"https:\/\/rdnews.al\/index.php\/wp-json\/wp\/v2\/types\/post"}],"author":[{"embeddable":true,"href":"https:\/\/rdnews.al\/index.php\/wp-json\/wp\/v2\/users\/3"}],"replies":[{"embeddable":true,"href":"https:\/\/rdnews.al\/index.php\/wp-json\/wp\/v2\/comments?post=130102"}],"version-history":[{"count":1,"href":"https:\/\/rdnews.al\/index.php\/wp-json\/wp\/v2\/posts\/130102\/revisions"}],"predecessor-version":[{"id":130104,"href":"https:\/\/rdnews.al\/index.php\/wp-json\/wp\/v2\/posts\/130102\/revisions\/130104"}],"wp:featuredmedia":[{"embeddable":true,"href":"https:\/\/rdnews.al\/index.php\/wp-json\/wp\/v2\/media\/130103"}],"wp:attachment":[{"href":"https:\/\/rdnews.al\/index.php\/wp-json\/wp\/v2\/media?parent=130102"}],"wp:term":[{"taxonomy":"category","embeddable":true,"href":"https:\/\/rdnews.al\/index.php\/wp-json\/wp\/v2\/categories?post=130102"},{"taxonomy":"post_tag","embeddable":true,"href":"https:\/\/rdnews.al\/index.php\/wp-json\/wp\/v2\/tags?post=130102"}],"curies":[{"name":"wp","href":"https:\/\/api.w.org\/{rel}","templated":true}]}}