{"id":130148,"date":"2025-12-04T09:16:06","date_gmt":"2025-12-04T09:16:06","guid":{"rendered":"https:\/\/rdnews.al\/?p=130148"},"modified":"2025-12-04T09:16:06","modified_gmt":"2025-12-04T09:16:06","slug":"dosja-qe-krijoi-perplasje-mes-dumanit-dhe-prokurorit-te-ceshtjes-pas-nderhyrjes-nga-lart","status":"publish","type":"post","link":"https:\/\/rdnews.al\/index.php\/2025\/12\/04\/dosja-qe-krijoi-perplasje-mes-dumanit-dhe-prokurorit-te-ceshtjes-pas-nderhyrjes-nga-lart\/","title":{"rendered":"Dosja q\u00eb krijoi p\u00ebrplasje mes Dumanit dhe prokurorit t\u00eb \u00e7\u00ebshtjes pas nd\u00ebrhyrjes nga lart"},"content":{"rendered":"<p>Koncesioni i sterilizimit, kontrata 76 milion\u00eb euro e PPP-s\u00eb m\u00eb t\u00eb shtrenjt\u00eb n\u00eb sh\u00ebndet\u00ebsi, ekspozoi shkeljet e ish-z\u00ebvend\u00ebsministrit t\u00eb Sh\u00ebndet\u00ebsis\u00eb, Klodian Rrjepaj.<\/p>\n<p>Nj\u00eb hetim i nisur n\u00eb koh\u00ebn kur SPAK drejtohej nga Arben Kraja, zbuloi nj\u00eb procedur\u00eb t\u00eb negociuar n\u00eb favor t\u00eb kompanive dhe n\u00eb d\u00ebm t\u00eb interesit publik.<\/p>\n<p>Prokuror\u00ebt Edvin Kondili dhe Ened Naku\u00e7i mbyll\u00ebn rrethin e akuzave, por ishte gjyqtari Erion Bani q\u00eb e ngriti stek\u00ebn n\u00eb nivelin e ministrit.<\/p>\n<p>Madje, nj\u00eb prej atyre q\u00eb konsiderohej mik i af\u00ebrt i kryeministrit Rama. Ai k\u00ebrkoi hetimin ish-ministrit t\u00eb Sh\u00ebndet\u00ebsis\u00eb Ilir Beqaj.<\/p>\n<p>Ky i fundit u vu n\u00ebn akuz\u00eb p\u00ebr favorizimin e kompanis\u00eb fituese t\u00eb koncesionit. Disa udh\u00ebtime t\u00eb p\u00ebrbashk\u00ebta dhe indicie t\u00eb tjera, krijuan dyshimet te SPAK se Beqaj, paracaktoi kontrat\u00ebn p\u00ebr miqt\u00eb e tij.<\/p>\n<p>\u201cNj\u00eb hetim ku ai u hetua n\u00eb gjendje t\u00eb lir\u00eb, u \u00e7ua n\u00eb gjykim me akuz\u00ebn e shp\u00ebrdorimit t\u00eb detyr\u00ebs t\u00eb kryer n\u00eb bashk\u00ebpunim, nj\u00eb akuz\u00eb e cila u ndryshua gjat\u00eb seanc\u00ebs paraprake n\u00eb vjedhje duke shp\u00ebrdoruar detyr\u00ebn dhe grup t\u00eb strukturuar kriminal, bashk\u00eb me ish vart\u00ebsin\u00eb e tij dhe biznesmenin e tij i cili fitoi koncesionin e sterilizimit\u201c, u shpreh gazetarja, Bleona Metushi.<\/p>\n<p>\u201cSPAK p\u00ebr t\u00eb gjitha k\u00ebto dosje q\u00eb ne themi me gjykat\u00ebn. Aty do dali bilanci i pun\u00ebs s\u00eb v\u00ebrtet\u00eb objektive\u201d, u shpreh avokati, Eugen Beci.<\/p>\n<p>Vendimi i GJKKO-s e ktheu \u00e7\u00ebshtjen e \u2018Sterilizimit\u2019 n\u00eb precedent t\u00eb rreziksh\u00ebm p\u00ebr politik\u00ebn: favorizimi procedural u shnd\u00ebrrua n\u00eb dyshim p\u00ebr korrupsion.<\/p>\n<p>Dhe pik\u00ebrisht k\u00ebtu u hap nj\u00eb tjet\u00ebr krisje, jo m\u00eb mes politik\u00ebs dhe drejt\u00ebsis\u00eb, por brenda vet\u00eb SPAK-ut. Nj\u00eb krisje p\u00ebr t\u00eb cil\u00ebn \u00ebsht\u00eb folur n\u00eb tavolina n\u00ebn z\u00eb, por asnj\u00ebher\u00eb nuk ka plasur n\u00eb publik.<\/p>\n<p>Altin Dumani dhe prokurori Kondili u p\u00ebrplas\u00ebn p\u00ebr vij\u00ebn hetimore ndaj Beqajt, nj\u00eb pal\u00eb k\u00ebrkonte thellim, tjetra ngushtim.<\/p>\n<p>P\u00ebrplasja tregoi se presioni politik nuk vinte vet\u00ebm nga jasht\u00eb, ai po dep\u00ebrtonte deri te tavolina e vendimmarrjes.<\/p>\n<p>\u201cN\u00eb fakt kjo dosje tregoi, nj\u00eb nga p\u00ebrplasjet m\u00eb t\u00eb forta n\u00eb prokurorin\u00eb e posa\u00e7me. N\u00eb takimet q\u00eb kreu i Prokuroris\u00eb s\u00eb Posa\u00e7me b\u00ebn me gazetar\u00ebt, n\u00eb fillim t\u00eb marrjes s\u00eb mandatit t\u00eb tij, i ka b\u00ebr\u00eb udh\u00ebzime jo detyruese prokurorit t\u00eb \u00e7\u00ebshtjes, p\u00ebr m\u00ebnyr\u00ebn sesi duhet t\u00eb hetoj kjo \u00e7\u00ebshtje, pra p\u00ebr akuzat dhe sesi duhet t\u00eb drejtoheshin n\u00eb k\u00ebto hetime\u201d, u shpreh gazetarja, Bleona Metushi.<\/p>\n<p>\u201cDrejtuesi i saj duhet t\u00eb ket\u00eb nj\u00eb pozicion m\u00eb t\u00eb t\u00ebrhequr nga hetimi, duhet t\u00eb jet\u00eb m\u00eb shum\u00eb n\u00eb form\u00ebn e nj\u00eb kontrolluesi, monitoruesi t\u00eb pun\u00ebs, sesa nj\u00eb person q\u00eb merr drejtp\u00ebrdrejt hetime, t\u00eb \u00e7\u00ebshtjeve t\u00eb caktuara\u201d, u shpreh Gentian T\u00ebrnava, ish-prokuror.<\/p>\n<p>Goditja ndaj Beqajt sapo kishte nisur. Pak muaj m\u00eb von\u00eb, ai u arrestua p\u00ebr abuzim me fondet e BE-s\u00eb.<\/p>\n<p>Sipas dosjes, SASPAC ishte kthyer n\u00eb nj\u00eb minier\u00eb faturash t\u00eb rreme, shpenzimesh fiktive dhe klientelizmi t\u00eb sofistikuar, nj\u00eb tjet\u00ebr skem\u00eb q\u00eb tregonte se korrupsioni nuk ndodhte n\u00eb maj\u00eb, por n\u00eb t\u00eb gjitha strukturat ku parat\u00eb e huaja hynin pa kontroll real.<\/p>\n<p>Ajo dosje, zbuloi nj\u00eb metod\u00eb t\u00eb re operimi t\u00eb SPAK. Teksa subjekti hetohej p\u00ebr nj\u00eb tjet\u00ebr dosje, p\u00ebrgjimet \u00e7uan hetuesit tek nj\u00eb tjet\u00ebr skem\u00eb korrupsioni q\u00eb ishte n\u00eb zhvillim e sip\u00ebr, p\u00ebrvet\u00ebsimi i fondeve t\u00eb huaja.\/Inside Story\/<\/p>\n","protected":false},"excerpt":{"rendered":"<p>Koncesioni i sterilizimit, kontrata 76 milion\u00eb euro e PPP-s\u00eb m\u00eb t\u00eb shtrenjt\u00eb n\u00eb sh\u00ebndet\u00ebsi, ekspozoi shkeljet e ish-z\u00ebvend\u00ebsministrit t\u00eb Sh\u00ebndet\u00ebsis\u00eb, Klodian Rrjepaj. Nj\u00eb hetim i nisur n\u00eb koh\u00ebn kur SPAK drejtohej nga Arben Kraja, zbuloi nj\u00eb procedur\u00eb t\u00eb negociuar n\u00eb favor t\u00eb kompanive dhe n\u00eb d\u00ebm t\u00eb interesit publik. Prokuror\u00ebt Edvin Kondili dhe Ened Naku\u00e7i &hellip;<\/p>\n","protected":false},"author":4,"featured_media":69661,"comment_status":"closed","ping_status":"closed","sticky":false,"template":"","format":"standard","meta":{"footnotes":""},"categories":[37],"tags":[],"class_list":["post-130148","post","type-post","status-publish","format-standard","has-post-thumbnail","","category-politike"],"_links":{"self":[{"href":"https:\/\/rdnews.al\/index.php\/wp-json\/wp\/v2\/posts\/130148","targetHints":{"allow":["GET"]}}],"collection":[{"href":"https:\/\/rdnews.al\/index.php\/wp-json\/wp\/v2\/posts"}],"about":[{"href":"https:\/\/rdnews.al\/index.php\/wp-json\/wp\/v2\/types\/post"}],"author":[{"embeddable":true,"href":"https:\/\/rdnews.al\/index.php\/wp-json\/wp\/v2\/users\/4"}],"replies":[{"embeddable":true,"href":"https:\/\/rdnews.al\/index.php\/wp-json\/wp\/v2\/comments?post=130148"}],"version-history":[{"count":1,"href":"https:\/\/rdnews.al\/index.php\/wp-json\/wp\/v2\/posts\/130148\/revisions"}],"predecessor-version":[{"id":130149,"href":"https:\/\/rdnews.al\/index.php\/wp-json\/wp\/v2\/posts\/130148\/revisions\/130149"}],"wp:featuredmedia":[{"embeddable":true,"href":"https:\/\/rdnews.al\/index.php\/wp-json\/wp\/v2\/media\/69661"}],"wp:attachment":[{"href":"https:\/\/rdnews.al\/index.php\/wp-json\/wp\/v2\/media?parent=130148"}],"wp:term":[{"taxonomy":"category","embeddable":true,"href":"https:\/\/rdnews.al\/index.php\/wp-json\/wp\/v2\/categories?post=130148"},{"taxonomy":"post_tag","embeddable":true,"href":"https:\/\/rdnews.al\/index.php\/wp-json\/wp\/v2\/tags?post=130148"}],"curies":[{"name":"wp","href":"https:\/\/api.w.org\/{rel}","templated":true}]}}