{"id":130150,"date":"2025-12-04T10:14:56","date_gmt":"2025-12-04T10:14:56","guid":{"rendered":"https:\/\/rdnews.al\/?p=130150"},"modified":"2025-12-04T10:22:47","modified_gmt":"2025-12-04T10:22:47","slug":"pd-kerkoi-interpelance-urgjente-me-ramen-per-ceshtjen-balluku-mazhoranca-e-rrezo","status":"publish","type":"post","link":"https:\/\/rdnews.al\/index.php\/2025\/12\/04\/pd-kerkoi-interpelance-urgjente-me-ramen-per-ceshtjen-balluku-mazhoranca-e-rrezo\/","title":{"rendered":"PD k\u00ebrkoi interpelanc\u00eb urgjente me Ram\u00ebn p\u00ebr \u00e7\u00ebshtjen Balluku, PS nuk pranon!"},"content":{"rendered":"<p>PD k\u00ebrkoi interpelanc\u00eb urgjente me Ram\u00ebn p\u00ebr \u00e7\u00ebshtjen Balluku, por mazhoranca e rr\u00ebzoi k\u00ebt\u00eb k\u00ebrkes\u00eb. Kreu i kuvendit Peleshi, duke justifikuar vendimin tha se, \u00e7\u00ebshtja \u00ebsht\u00eb n\u00eb Gjykat\u00ebn Kushtetuese.<\/p>\n<p>Kreu i Grupit parlamentar t\u00eb PD, Gazment Bardhi tha se, Rama duhej t\u00eb vinte t\u00eb jepte llogari por ai nuk vjen sepse \u00ebsht\u00eb m\u00ebsuar t\u00eb flas\u00eb me veten dhe vet\u00ebm n\u00eb video me veten e nuk do njeri p\u00ebrball\u00eb se nga m\u00ebngjesi n\u00eb dark\u00eb \u00ebsht\u00eb m\u00ebsuar tu thot\u00eb shqiptar\u00ebve vet\u00ebm g\u00ebnjeshtra.<\/p>\n<p>Rama duhet t\u00eb vij\u00eb t\u00eb jap\u00eb llogari pse e ka t\u00eb domosdoshme t\u00eb mbaj\u00eb t\u00eb pandehur nj\u00eb zv\/kryeministre. Pse g\u00ebnjen kur thot\u00eb \u00ebsht\u00eb bllokuar puna e qeveris\u00eb. Duhet \u00eb vij\u00eb k\u00ebtu por nuk vjen dot se \u00ebsht\u00eb m\u00ebsuar t\u00eb flas\u00eb me veten dhe vet\u00ebm n\u00eb video me veten e nuk do njeri p\u00ebrball\u00eb se nga m\u00ebngjesi n\u00eb dark\u00eb \u00ebsht\u00eb m\u00ebsuar tu thot\u00eb shqiptar\u00ebve vet\u00ebm g\u00ebnjeshtra.<\/p>\n<p>Pasi u hodh n\u00eb votim k\u00ebrkesa e PD-s\u00eb u rr\u00ebzua me 17 vota pro e 74 vota kund\u00ebr.<\/p>\n","protected":false},"excerpt":{"rendered":"<p>PD k\u00ebrkoi interpelanc\u00eb urgjente me Ram\u00ebn p\u00ebr \u00e7\u00ebshtjen Balluku, por mazhoranca e rr\u00ebzoi k\u00ebt\u00eb k\u00ebrkes\u00eb. Kreu i kuvendit Peleshi, duke justifikuar vendimin tha se, \u00e7\u00ebshtja \u00ebsht\u00eb n\u00eb Gjykat\u00ebn Kushtetuese. Kreu i Grupit parlamentar t\u00eb PD, Gazment Bardhi tha se, Rama duhej t\u00eb vinte t\u00eb jepte llogari por ai nuk vjen sepse \u00ebsht\u00eb m\u00ebsuar t\u00eb flas\u00eb &hellip;<\/p>\n","protected":false},"author":4,"featured_media":130151,"comment_status":"closed","ping_status":"closed","sticky":false,"template":"","format":"standard","meta":{"footnotes":""},"categories":[37],"tags":[],"class_list":["post-130150","post","type-post","status-publish","format-standard","has-post-thumbnail","","category-politike"],"_links":{"self":[{"href":"https:\/\/rdnews.al\/index.php\/wp-json\/wp\/v2\/posts\/130150","targetHints":{"allow":["GET"]}}],"collection":[{"href":"https:\/\/rdnews.al\/index.php\/wp-json\/wp\/v2\/posts"}],"about":[{"href":"https:\/\/rdnews.al\/index.php\/wp-json\/wp\/v2\/types\/post"}],"author":[{"embeddable":true,"href":"https:\/\/rdnews.al\/index.php\/wp-json\/wp\/v2\/users\/4"}],"replies":[{"embeddable":true,"href":"https:\/\/rdnews.al\/index.php\/wp-json\/wp\/v2\/comments?post=130150"}],"version-history":[{"count":2,"href":"https:\/\/rdnews.al\/index.php\/wp-json\/wp\/v2\/posts\/130150\/revisions"}],"predecessor-version":[{"id":130156,"href":"https:\/\/rdnews.al\/index.php\/wp-json\/wp\/v2\/posts\/130150\/revisions\/130156"}],"wp:featuredmedia":[{"embeddable":true,"href":"https:\/\/rdnews.al\/index.php\/wp-json\/wp\/v2\/media\/130151"}],"wp:attachment":[{"href":"https:\/\/rdnews.al\/index.php\/wp-json\/wp\/v2\/media?parent=130150"}],"wp:term":[{"taxonomy":"category","embeddable":true,"href":"https:\/\/rdnews.al\/index.php\/wp-json\/wp\/v2\/categories?post=130150"},{"taxonomy":"post_tag","embeddable":true,"href":"https:\/\/rdnews.al\/index.php\/wp-json\/wp\/v2\/tags?post=130150"}],"curies":[{"name":"wp","href":"https:\/\/api.w.org\/{rel}","templated":true}]}}