{"id":130241,"date":"2025-12-04T19:39:30","date_gmt":"2025-12-04T19:39:30","guid":{"rendered":"https:\/\/rdnews.al\/?p=130241"},"modified":"2025-12-04T19:40:45","modified_gmt":"2025-12-04T19:40:45","slug":"per-ceten-plake-te-vlores-gjormin-dhe-bijte-e-tij-neki-ymerin-dhe-sadik-premten-flet-historia","status":"publish","type":"post","link":"https:\/\/rdnews.al\/index.php\/2025\/12\/04\/per-ceten-plake-te-vlores-gjormin-dhe-bijte-e-tij-neki-ymerin-dhe-sadik-premten-flet-historia\/","title":{"rendered":"P\u00ebr \u00c7et\u00ebn Plak\u00eb t\u00eb Vlor\u00ebs, Gjormin dhe bijt\u00eb e tij, Neki Ymerin dhe Sadik Premten flet historia!"},"content":{"rendered":"<p><strong>Nga Bujar Leskaj<\/strong><\/p>\n<p>Sot 4 dhjetor 2025 mbushen 83 vjet nga themelimi i \u00c7et\u00ebs Plak\u00eb t\u00eb Vlor\u00ebs. Sikurse e thekson studjuesi Kastriot Kapaj, bir i Gjormit, \u201c\u00c7eta Plak\u00eb n\u00eb form\u00eb ishte komuniste, nd\u00ebrsa n\u00eb p\u00ebrmbajtje ishte nacionaliste, duke mos iu larguar traditave t\u00eb trevave vlonjate. Veprimtaria luftarake e saj, fitorja triumfuese n\u00eb \u00e7do p\u00ebrpjekje me pushtuesin, iu futi frik\u00ebn n\u00eb palc\u00eb komunist\u00ebve serb\u00eb, kur ju k\u00ebrkoi largimin dhe mos-nd\u00ebrhyrjen n\u00eb pun\u00ebt e brendshme t\u00eb Shqip\u00ebris\u00eb\u201d(Libri \u201cP\u00ebr Gjormin flet historia\u201d, faqe 166 fragmenti i dyt\u00eb).<\/p>\n<p>Historiografia shqiptare i ka nj\u00eb \u201cborxh\u201d t\u00eb madh Gjormit, Sadik Premtes, Neki Ymerit, Xhafer Dalanit dhe dhjet\u00ebra djemve t\u00eb tjer\u00eb\u00a0 t\u00eb Gjormit, q\u00eb u rreshtuan n\u00eb \u00c7et\u00ebn Plak\u00eb t\u00eb Vlor\u00ebs, q\u00eb m\u00eb 4 dhjetor 1942, dit\u00ebn e par\u00eb t\u00eb formimit t\u00eb saj. Ajo ende nuk u ka kushtuar v\u00ebmendjen e duhur atyre ngjarjeve historike q\u00eb ndodh\u00ebn n\u00eb Gjorm gjat\u00eb Luft\u00ebs Antifashiste. Historia e asaj kohe ka nevoj\u00eb p\u00ebr v\u00ebshtrim m\u00eb t\u00eb thell\u00eb p\u00ebr veprimtarin\u00eb e k\u00ebtij fshati heroik, q\u00eb sfidoi p\u00ebr shum\u00eb koh\u00eb drejtuesit e Partis\u00eb Komuniste Shqiptare dhe k\u00ebrkoi largimin e influenc\u00ebs serbe t\u00eb Dushan Mugosh\u00ebs nga kjo parti, n\u00eb em\u00ebr t\u00eb idealizmit dhe t\u00eb nj\u00eb t\u00eb majte evropiane.<\/p>\n<p>Gjormi ishte fshati i par\u00eb n\u00eb krahin\u00ebn e Vlor\u00ebs, q\u00eb u mobilizua n\u00eb luft\u00eb kund\u00ebr pushtuesit fashist. Sadik Premtja dhe Neki Ymeri e kthyen vendlindjen e tyre n\u00eb baz\u00ebn e par\u00eb t\u00eb L\u00ebvizjes Antifashiste. Duke qen\u00eb gjith\u00eb fshati i mobilizuar p\u00ebr luft\u00ebn, bazat e para t\u00eb luft\u00ebs n\u00eb k\u00ebt\u00eb fshat ishin familjet e Mu\u00e7o Sherifit dhe Esat Sherifit, Neki Ymerit, Qani Shenaj, Zagoll Shenaj, Xhafer Dalanit, Lulo dhe Xhebro Lulaj, Sadik Premtja, Alliajt,\u00a0 Kapajt, etj.<\/p>\n<p>Fal\u00eb cil\u00ebsive oratorike, organizative, trim\u00ebris\u00eb dhe trash\u00ebgimis\u00eb familjare t\u00eb Neki Ymerit, ai u zgjodh komandant i nj\u00ebsitit t\u00eb par\u00eb partizan,\u00a0 \u00c7et\u00ebs Plak\u00eb, t\u00eb cil\u00ebn e udh\u00ebhoqi sa qe gjall\u00eb n\u00eb 24 aksione kund\u00ebr fashizmit dhe t\u00eb gjitha me fitore: n\u00eb Tiran\u00eb, Vlor\u00eb, P\u00ebrroi i Silorakut, Selenic\u00eb, n\u00eb Qaf\u00eb t\u00eb Pullumbit, n\u00eb Mal t\u00eb Bardh\u00eb, tek Ura e Gjormit, n\u00eb Uj\u00eb t\u00eb Ftoht\u00eb Vlor\u00eb, n\u00eb Mavrov\u00eb, n\u00eb Radhim\u00eb, ku dogji t\u00eb gjitha depot e armikut, n\u00eb Luft\u00ebn e Gjormit kund\u00ebr forcave t\u00eb shumta t\u00eb fashist\u00ebve italian\u00eb dhe mercenar\u00ebve t\u00eb Halil Alis\u00eb.<\/p>\n<p>N\u00eb disa prej betejave t\u00eb r\u00ebnd\u00ebsishme, \u00e7eta Plak\u00eb dhe \u00e7eta territoriale e Gjormit kan\u00eb bashk\u00ebpunuar dhe me \u00e7et\u00ebn nacionaliste t\u00eb Hysni Lepenic\u00ebs dhe me \u00e7etat territoriale t\u00eb lumit t\u00eb Vlor\u00ebs, t\u00eb drejtuar ose jo nga komunist\u00ebt(jemi p\u00ebrpara gushtit 1943, kur nuk kishin filluar v\u00ebllavrasjet).<\/p>\n<p>Komiteti i Qarkorit Komunist t\u00eb Vlor\u00ebs, duke shkruar p\u00ebr aksionet kund\u00ebr fashizmit thekson se: \u201cN\u00eb ball\u00eb t\u00eb luft\u00ebs prin komandanti ushtarak dhe z\u00ebvend\u00ebs i tij \u00ebsht\u00eb komisari politik\u201d. Populli i njihte \u00c7et\u00ebs Plak\u00eb t\u00eb Neki Ymerit, q\u00eb ai komandoi dhe vet\u00ebm fitoi kudo ku luftoi, 24 aksione, t\u00eb cilat p\u00ebr 50 vjet historiografia komuniste ia mohoi.<\/p>\n<p>\u00c7eta Plak\u00eb, n\u00ebn komand\u00ebn e Neki Ymerit u b\u00eb tmerr p\u00ebr armikun. Komisar i \u00e7et\u00ebs u caktua nj\u00eb tjet\u00ebr trim nga Tragjasi dhe q\u00eb e njihte artin ushtarak, Qazim \u00c7ak\u00ebrri.<\/p>\n<p>Nga Gjormi, n\u00eb \u00c7et\u00ebn Plak\u00eb kan\u00eb marr\u00eb pjes\u00eb 26 djem, nga 41 partizan\u00eb q\u00eb kishte \u00e7eta dit\u00ebn e par\u00eb t\u00eb formimit. Nga 26 djem t\u00eb Gjormit, 20 djem u vran\u00eb, 6 t\u00eb tjer\u00eb, n\u00eb dit\u00ebt e fundit t\u00eb vitit 1944, u arratis\u00ebn jasht\u00eb shtetit, t\u00eb ndjekur nga shok\u00ebt e tyre komunist\u00eb p\u00ebr t`i vrar\u00eb!<\/p>\n<p>Nd\u00ebr ta p\u00ebrmendim: Lulo Shaipi, Qani Shenaj, Arap Shenaj, Xhafer Dalani, Selam Emini, Bako Tafili, Nimet Mita \u2013 Fterra, Veip Kapaj, Hamdi Lazaj, Hasan Premtja, Feti Premtja, Gjysh Premtja, etj.<\/p>\n<p>Lufta e Gjormit m\u00eb 31 dhjetor 1942 dhe 1 janar 1943, krahas vlerave t\u00eb larta patriotike q\u00eb mbart, \u00e7sht\u00eb gjithashtu nj\u00eb d\u00ebshmi e pabesis\u00eb s\u00eb Mehmet Shehut ndaj Gjormit, \u00e7etave partizane dhe \u00e7etave balliste t\u00eb tij, q\u00eb mor\u00ebn pjes\u00eb n\u00eb k\u00ebt\u00eb betej\u00eb, me urdhrin antikomb\u00ebtar q\u00eb dha p\u00ebr t\u00ebrheqjen e forcave, kur ata ishin drejt fitores(u vra komandanti i forcave italiane). Kjo t\u00ebrheqje solli djegjen e fshatit Gjorm dhe raprezaljet e fashist\u00ebve dhe forcave mercenare kolaboracioniste.<\/p>\n<p>Sadik Premtja e Neki Ymeri, bij t\u00eb denj\u00eb t\u00eb k\u00ebtij fshati, si dhe shok\u00ebt q\u00eb i pasuan ata, ishin\u00a0 produkt i patriotizmit dhe shpirtit luftarak t\u00eb nj\u00eb krahine t\u00eb t\u00ebr\u00eb, fshatrave t\u00eb Lumit t\u00eb Vlor\u00ebs, q\u00eb luftoi dhe sakrifikoi gjithshka, p\u00ebr liri e demokraci. Ata kan\u00eb patur nj\u00eb jet\u00eb pritash, pusish e atentatesh, t\u00eb p\u00ebrgatitura n\u00eb m\u00ebnyr\u00eb mafioze nga siv\u00ebllez\u00ebrit e tyre komunist\u00eb. Lavdi dhe mir\u00ebnjohje t\u00eb p\u00ebrjetshme k\u00ebtyre heronjve t\u00eb \u00ebndrr\u00ebs s\u00eb popullit shqiptar p\u00ebr nj\u00eb jet\u00eb\u00a0m\u00eb\u00a0t\u00eb\u00a0mir\u00eb!<\/p>\n<p><img loading=\"lazy\" decoding=\"async\" class=\"alignnone size-medium wp-image-130243\" src=\"https:\/\/rdnews.al\/wp-content\/uploads\/2025\/12\/vll-225x300.jpg\" alt=\"\" width=\"225\" height=\"300\" srcset=\"https:\/\/rdnews.al\/wp-content\/uploads\/2025\/12\/vll-225x300.jpg 225w, https:\/\/rdnews.al\/wp-content\/uploads\/2025\/12\/vll.jpg 720w\" sizes=\"auto, (max-width: 225px) 100vw, 225px\" \/><\/p>\n","protected":false},"excerpt":{"rendered":"<p>Nga Bujar Leskaj Sot 4 dhjetor 2025 mbushen 83 vjet nga themelimi i \u00c7et\u00ebs Plak\u00eb t\u00eb Vlor\u00ebs. Sikurse e thekson studjuesi Kastriot Kapaj, bir i Gjormit, \u201c\u00c7eta Plak\u00eb n\u00eb form\u00eb ishte komuniste, nd\u00ebrsa n\u00eb p\u00ebrmbajtje ishte nacionaliste, duke mos iu larguar traditave t\u00eb trevave vlonjate. Veprimtaria luftarake e saj, fitorja triumfuese n\u00eb \u00e7do p\u00ebrpjekje me &hellip;<\/p>\n","protected":false},"author":4,"featured_media":88333,"comment_status":"closed","ping_status":"closed","sticky":false,"template":"","format":"standard","meta":{"footnotes":""},"categories":[44],"tags":[],"class_list":["post-130241","post","type-post","status-publish","format-standard","has-post-thumbnail","","category-editorial"],"_links":{"self":[{"href":"https:\/\/rdnews.al\/index.php\/wp-json\/wp\/v2\/posts\/130241","targetHints":{"allow":["GET"]}}],"collection":[{"href":"https:\/\/rdnews.al\/index.php\/wp-json\/wp\/v2\/posts"}],"about":[{"href":"https:\/\/rdnews.al\/index.php\/wp-json\/wp\/v2\/types\/post"}],"author":[{"embeddable":true,"href":"https:\/\/rdnews.al\/index.php\/wp-json\/wp\/v2\/users\/4"}],"replies":[{"embeddable":true,"href":"https:\/\/rdnews.al\/index.php\/wp-json\/wp\/v2\/comments?post=130241"}],"version-history":[{"count":1,"href":"https:\/\/rdnews.al\/index.php\/wp-json\/wp\/v2\/posts\/130241\/revisions"}],"predecessor-version":[{"id":130244,"href":"https:\/\/rdnews.al\/index.php\/wp-json\/wp\/v2\/posts\/130241\/revisions\/130244"}],"wp:featuredmedia":[{"embeddable":true,"href":"https:\/\/rdnews.al\/index.php\/wp-json\/wp\/v2\/media\/88333"}],"wp:attachment":[{"href":"https:\/\/rdnews.al\/index.php\/wp-json\/wp\/v2\/media?parent=130241"}],"wp:term":[{"taxonomy":"category","embeddable":true,"href":"https:\/\/rdnews.al\/index.php\/wp-json\/wp\/v2\/categories?post=130241"},{"taxonomy":"post_tag","embeddable":true,"href":"https:\/\/rdnews.al\/index.php\/wp-json\/wp\/v2\/tags?post=130241"}],"curies":[{"name":"wp","href":"https:\/\/api.w.org\/{rel}","templated":true}]}}