{"id":130248,"date":"2025-12-04T21:41:42","date_gmt":"2025-12-04T21:41:42","guid":{"rendered":"https:\/\/rdnews.al\/?p=130248"},"modified":"2025-12-04T22:01:53","modified_gmt":"2025-12-04T22:01:53","slug":"ceshtja-balluku-kushti-i-shba-per-ramen","status":"publish","type":"post","link":"https:\/\/rdnews.al\/index.php\/2025\/12\/04\/ceshtja-balluku-kushti-i-shba-per-ramen\/","title":{"rendered":"\u00c7\u00ebshtja \u2018Balluku\u2019\/ SHBA kusht\u00ebzon marr\u00ebdh\u00ebniet me qeverin\u00eb"},"content":{"rendered":"<div class=\"ads_desktop\"><ins id=\"revive-0-1\" data-revive-zoneid=\"104\" data-revive-id=\"eb7e5be5383550d1c26fa0ba6b393750\" data-revive-seq=\"1\" data-revive-loaded=\"1\"><\/p>\n<div id=\"beacon_0af70ec05f\">Shtetet e Bashkuara vendosin si kusht p\u00ebr Ram\u00ebn pavar\u00ebsin\u00eb e drejt\u00ebsis\u00eb n\u00eb rastin konkret t\u00eb hetimit t\u00eb zv.Kryeministres, Belinda Balluk. uReagimi vjen pas denncimeve n\u00eb media p\u00ebr k\u00ebrc\u00ebnime ndaj prokuror\u00ebve q\u00eb kan\u00eb hetuar Ballukun si dhe presioneve t\u00eb gjykat\u00ebsve t\u00eb Gjykat\u00ebs Kushtetuese.<\/div>\n<p><\/ins><\/div>\n<div class=\"article-body\">\n<p>\u201cPavar\u00ebsia e institucioneve t\u00eb drejt\u00ebsis\u00eb n\u00eb Shqip\u00ebri mbetet thelb\u00ebsore p\u00ebr bashk\u00ebpunimin e vazhduesh\u00ebm SHBA-Shqip\u00ebri n\u00eb luft\u00ebn kund\u00ebr krimit transkufitar. Ne nuk kemi komente mbi \u00e7\u00ebshtjet ligjore n\u00eb vazhdim\u201d, thuhet n\u00eb p\u00ebrgjigjen e Ambasad\u00ebs Amerikane p\u00ebr Report Tv.<\/p>\n<p>\u00c7\u00ebshtja e Belinda Ballukut \u00ebsht\u00eb d\u00ebrguar nga qeveria n\u00eb Gjykat\u00ebn Kushtetuese dhe m\u00eb dat\u00eb 12 dhjetor pritet t\u00eb ket\u00eb nj\u00eb vendim n\u00ebse ankimi do kaloj\u00eb ose jo p\u00ebr shqyrtim. Opozita e akuzon kryeministrin Edi Rama se po i u shtron presion drejt\u00ebsis\u00eb p\u00ebr rastin Balluku dhe e k\u00ebrkuan sot n\u00eb interpelanc\u00eb. Kreu i qeveris\u00eb ju p\u00ebrgjigj n\u00eb distanc\u00eb se arsyeja kryesore pse e ka \u00e7uar \u00e7\u00ebshtjen n\u00eb Gjykat\u00ebn Kushtetuese \u00ebsht\u00eb q\u00eb ajo t\u00eb mos kthehet n\u00eb nj\u00eb precedent t\u00eb rreziksh\u00ebm n\u00eb t\u00eb ardhmen.<\/p>\n<div class=\"ads_desktop\"><\/div>\n<p>&nbsp;<\/p>\n<\/div>\n","protected":false},"excerpt":{"rendered":"<p>Shtetet e Bashkuara vendosin si kusht p\u00ebr Ram\u00ebn pavar\u00ebsin\u00eb e drejt\u00ebsis\u00eb n\u00eb rastin konkret t\u00eb hetimit t\u00eb zv.Kryeministres, Belinda Balluk. uReagimi vjen pas denncimeve n\u00eb media p\u00ebr k\u00ebrc\u00ebnime ndaj prokuror\u00ebve q\u00eb kan\u00eb hetuar Ballukun si dhe presioneve t\u00eb gjykat\u00ebsve t\u00eb Gjykat\u00ebs Kushtetuese. \u201cPavar\u00ebsia e institucioneve t\u00eb drejt\u00ebsis\u00eb n\u00eb Shqip\u00ebri mbetet thelb\u00ebsore p\u00ebr bashk\u00ebpunimin e vazhduesh\u00ebm &hellip;<\/p>\n","protected":false},"author":3,"featured_media":81590,"comment_status":"closed","ping_status":"closed","sticky":false,"template":"","format":"standard","meta":{"footnotes":""},"categories":[37],"tags":[],"class_list":["post-130248","post","type-post","status-publish","format-standard","has-post-thumbnail","","category-politike"],"_links":{"self":[{"href":"https:\/\/rdnews.al\/index.php\/wp-json\/wp\/v2\/posts\/130248","targetHints":{"allow":["GET"]}}],"collection":[{"href":"https:\/\/rdnews.al\/index.php\/wp-json\/wp\/v2\/posts"}],"about":[{"href":"https:\/\/rdnews.al\/index.php\/wp-json\/wp\/v2\/types\/post"}],"author":[{"embeddable":true,"href":"https:\/\/rdnews.al\/index.php\/wp-json\/wp\/v2\/users\/3"}],"replies":[{"embeddable":true,"href":"https:\/\/rdnews.al\/index.php\/wp-json\/wp\/v2\/comments?post=130248"}],"version-history":[{"count":2,"href":"https:\/\/rdnews.al\/index.php\/wp-json\/wp\/v2\/posts\/130248\/revisions"}],"predecessor-version":[{"id":130252,"href":"https:\/\/rdnews.al\/index.php\/wp-json\/wp\/v2\/posts\/130248\/revisions\/130252"}],"wp:featuredmedia":[{"embeddable":true,"href":"https:\/\/rdnews.al\/index.php\/wp-json\/wp\/v2\/media\/81590"}],"wp:attachment":[{"href":"https:\/\/rdnews.al\/index.php\/wp-json\/wp\/v2\/media?parent=130248"}],"wp:term":[{"taxonomy":"category","embeddable":true,"href":"https:\/\/rdnews.al\/index.php\/wp-json\/wp\/v2\/categories?post=130248"},{"taxonomy":"post_tag","embeddable":true,"href":"https:\/\/rdnews.al\/index.php\/wp-json\/wp\/v2\/tags?post=130248"}],"curies":[{"name":"wp","href":"https:\/\/api.w.org\/{rel}","templated":true}]}}