{"id":130255,"date":"2025-12-05T09:05:43","date_gmt":"2025-12-05T09:05:43","guid":{"rendered":"https:\/\/rdnews.al\/?p=130255"},"modified":"2025-12-05T09:05:43","modified_gmt":"2025-12-05T09:05:43","slug":"delenxhinj-delenxhesha","status":"publish","type":"post","link":"https:\/\/rdnews.al\/index.php\/2025\/12\/05\/delenxhinj-delenxhesha\/","title":{"rendered":"Delenxhinj &#038; delenxhesha"},"content":{"rendered":"<p><strong>Nga Elona CASLLI<\/strong><\/p>\n<p>Teksa p\u00ebrballesh me shumat e frikshme t\u00eb korrupsionit rilindas,i vetmi etiketim q\u00eb t\u00eb vjen nd\u00ebrmend \u00ebsht\u00eb &#8221; Delenxhinj &amp; delenxhesha&#8221;.<br \/>\nDelenxhiu apo delenxhesha \u00ebsht\u00eb skaji fundor i vesit. P\u00ebrmes \u00e7do delenxhiu apo delenxheshe e vesi prek fundin.<br \/>\nE kam n\u00ebnvizuar shpesh faktin q\u00eb Gjeni \u00ebsht\u00eb vendimtar n\u00eb rrug\u00ebtimin jet\u00ebsor t\u00eb nj\u00eb njeriu. Askush nuk i shp\u00ebton betej\u00ebs me t\u00eb.<br \/>\nDuke qen\u00eb gjenetikisht inferior\u00eb, u shkolluan, u munduan p\u00ebrdhunsh\u00ebm t\u00eb nguliteshin n\u00eb kujtes\u00ebn e shoq\u00ebris\u00eb si ajka e kombit, brodh\u00ebn n\u00ebp\u00ebr bot\u00eb, morr\u00ebn pushtetin dhe u kthyen p\u00ebrs\u00ebri te gjeni i tyre i cili ka vet\u00ebm nj\u00eb slogan q\u00eb prej 44 ; Vidh, pla\u00e7kit, posht\u00ebro dhe sundo!&#8221;<br \/>\nMe gjith\u00eb milionat e eurove t\u00eb vjedhura, nuk mund ta kap\u00ebrcenin dot Gjenin e tyre. Me gjith\u00eb luksin e shfrenuar, nuk arrit\u00ebn kurr\u00eb t\u00eb krijonin nj\u00eb marr\u00ebdh\u00ebnie t\u00eb mir\u00ebfillt\u00eb me thelbin e bukuris\u00eb njer\u00ebzore. Mbet\u00ebn peng i mjedisit ku u ngjiz\u00ebn dhe teksa sot k\u00ebrcejn\u00eb si delenxhie dhe delenxhinj mes avujve t\u00eb delirit dhe milionave t\u00eb vjedhura kupton se ata mund t\u00eb ken\u00eb fituar \u00e7do betej\u00eb, por n\u00eb betej\u00ebn me gjenin jan\u00eb p\u00ebrjet\u00ebsisht t\u00eb humbur.<br \/>\nPost Scriptum- Jan\u00eb thjesht delenxhinj dhe delenxhesha me disa miliona euro.<\/p>\n","protected":false},"excerpt":{"rendered":"<p>Nga Elona CASLLI Teksa p\u00ebrballesh me shumat e frikshme t\u00eb korrupsionit rilindas,i vetmi etiketim q\u00eb t\u00eb vjen nd\u00ebrmend \u00ebsht\u00eb &#8221; Delenxhinj &amp; delenxhesha&#8221;. Delenxhiu apo delenxhesha \u00ebsht\u00eb skaji fundor i vesit. P\u00ebrmes \u00e7do delenxhiu apo delenxheshe e vesi prek fundin. E kam n\u00ebnvizuar shpesh faktin q\u00eb Gjeni \u00ebsht\u00eb vendimtar n\u00eb rrug\u00ebtimin jet\u00ebsor t\u00eb nj\u00eb njeriu. &hellip;<\/p>\n","protected":false},"author":4,"featured_media":127953,"comment_status":"closed","ping_status":"closed","sticky":false,"template":"","format":"standard","meta":{"footnotes":""},"categories":[44],"tags":[],"class_list":["post-130255","post","type-post","status-publish","format-standard","has-post-thumbnail","","category-editorial"],"_links":{"self":[{"href":"https:\/\/rdnews.al\/index.php\/wp-json\/wp\/v2\/posts\/130255","targetHints":{"allow":["GET"]}}],"collection":[{"href":"https:\/\/rdnews.al\/index.php\/wp-json\/wp\/v2\/posts"}],"about":[{"href":"https:\/\/rdnews.al\/index.php\/wp-json\/wp\/v2\/types\/post"}],"author":[{"embeddable":true,"href":"https:\/\/rdnews.al\/index.php\/wp-json\/wp\/v2\/users\/4"}],"replies":[{"embeddable":true,"href":"https:\/\/rdnews.al\/index.php\/wp-json\/wp\/v2\/comments?post=130255"}],"version-history":[{"count":1,"href":"https:\/\/rdnews.al\/index.php\/wp-json\/wp\/v2\/posts\/130255\/revisions"}],"predecessor-version":[{"id":130256,"href":"https:\/\/rdnews.al\/index.php\/wp-json\/wp\/v2\/posts\/130255\/revisions\/130256"}],"wp:featuredmedia":[{"embeddable":true,"href":"https:\/\/rdnews.al\/index.php\/wp-json\/wp\/v2\/media\/127953"}],"wp:attachment":[{"href":"https:\/\/rdnews.al\/index.php\/wp-json\/wp\/v2\/media?parent=130255"}],"wp:term":[{"taxonomy":"category","embeddable":true,"href":"https:\/\/rdnews.al\/index.php\/wp-json\/wp\/v2\/categories?post=130255"},{"taxonomy":"post_tag","embeddable":true,"href":"https:\/\/rdnews.al\/index.php\/wp-json\/wp\/v2\/tags?post=130255"}],"curies":[{"name":"wp","href":"https:\/\/api.w.org\/{rel}","templated":true}]}}