{"id":130260,"date":"2025-12-05T10:47:13","date_gmt":"2025-12-05T10:47:13","guid":{"rendered":"https:\/\/rdnews.al\/?p=130260"},"modified":"2025-12-05T10:47:13","modified_gmt":"2025-12-05T10:47:13","slug":"berisha-mashtrim-banal-pezullimi-i-lubise-nuk-e-bllokon-qeverine","status":"publish","type":"post","link":"https:\/\/rdnews.al\/index.php\/2025\/12\/05\/berisha-mashtrim-banal-pezullimi-i-lubise-nuk-e-bllokon-qeverine\/","title":{"rendered":"Berisha: Mashtrim banal, pezullimi i Lubis\u00eb nuk e bllokon qeverin\u00eb!"},"content":{"rendered":"<p>Kryetari i PD, Sali Berisha, reagoi pas q\u00ebndrimeve t\u00eb p\u00ebrs\u00ebritura t\u00eb Edi Rama se, &#8220;pezullimi i Belinda Ballukut ka bllokuar pun\u00ebn e qeveris\u00eb&#8221;.<\/p>\n<p>Berisha shkruan se, ky \u00ebsht\u00eb jo vet\u00ebm nj\u00eb mashtrim banal, por edhe nj\u00eb vet\u00ebposht\u00ebrim publik.<\/p>\n<p><strong>Reagimi<\/strong><\/p>\n<p>Mashtrim banal, por edhe vet\u00ebposht\u00ebrim publik!<\/p>\n<p>Rama dhe Lubia e tij nuk guxojn\u00eb t\u00eb shkojn\u00eb n\u00eb parlament.<\/p>\n<p>T\u00eb dashur miq, dje deputet\u00ebt e opozit\u00ebs i b\u00ebn\u00eb n\u00eb parlament gjat\u00eb gjith\u00eb dit\u00ebs, gjyqin publik dyshes Rama\u2013Balluku p\u00ebr vjedhjen e faktuar t\u00eb 50 milion\u00eb eurove n\u00eb tunelin e Llogaras\u00eb dhe mbrojtjen deri n\u00eb bllokimin e drejt\u00ebsis\u00eb q\u00eb Rama i b\u00ebn Lubis\u00eb, de facto vetes s\u00eb tij, mbasi n\u00eb k\u00ebt\u00eb vjedhje \u00ebsht\u00eb ai hajduti i par\u00eb dhe Balluku nuk e l\u00ebshon.<\/p>\n<p>I paburr\u00eb, frikacak, atij nuk ia mbajti t\u00eb ballafaqohet n\u00eb parlament me deputet\u00ebt e opozit\u00ebs p\u00ebr vjedhjen e tij n\u00eb bashk\u00ebpunim me Ballukun dhe presionin e tmerrsh\u00ebm q\u00eb po ushtron me \u00e7do mjet mbi Gjykat\u00ebn Kushtetuese. Ai zgjodhi t\u00eb p\u00ebrgjigjet nga zyra me mashtrime ordinere dhe pamjen e nj\u00eb mjerani. P\u00ebr t\u00eb mbrojtur Ballukun, n\u00eb fakt veten e tij, Rama l\u00ebshoi mashtrimin e madh dhe banal se pa firm\u00ebn e Ballukut shteti \u00ebsht\u00eb gjysm\u00eb i paralizuar, madje se linja ajrore me Kanadan\u00eb nuk po vendoset p\u00ebr k\u00ebt\u00eb shkak. Kjo \u00ebsht\u00eb nj\u00eb g\u00ebnjesht\u00ebr banale, vet\u00ebposht\u00ebruese.<\/p>\n<p>N\u00eb t\u00eb v\u00ebrtet\u00eb kjo \u00ebsht\u00eb nj\u00eb paraliz\u00eb e stisur e q\u00ebllimshme nga vet\u00eb bashk\u00ebhajdut\u00ebt Rama\u2013Balluku p\u00ebr ta p\u00ebrdorur at\u00eb si mburoj\u00eb dhe mbrojtje n\u00eb Gjykat\u00ebn Kushtetuese, pa \u00e7ka se ky \u00ebsht\u00eb rasti i par\u00eb n\u00eb bot\u00eb q\u00eb nj\u00eb kryeminist\u00ebr shnd\u00ebrrohet n\u00eb avokat t\u00eb ministrit t\u00eb tij hajdut dhe vet\u00ebm se ai \u00ebsht\u00eb hajduti kryesor.<\/p>\n<p>Kushtetuta dhe ligji nr. 9000 p\u00ebr funksionimin e K\u00ebshillit t\u00eb Ministrave i njohin kryeministrit t\u00eb drejt\u00ebn t\u00eb firmos\u00eb ai vet\u00eb \u00e7do vendim dhe akt t\u00eb qeveris\u00eb, kurse z\u00ebvend\u00ebskryeministri as edhe nj\u00eb akt t\u00eb vet\u00ebm n\u00eb em\u00ebr t\u00eb qeveris\u00eb, p\u00ebrve\u00e7 atyre q\u00eb e autorizon me shkrim kryeministri.<\/p>\n<p>Po k\u00ebshtu, kushtetuta dhe ligji i njohin t\u00eb drejt\u00ebn ministrit t\u2019ia delegoj\u00eb, kur vet\u00eb \u00ebsht\u00eb i pamundur, firm\u00ebn z\u00ebvend\u00ebsministrit p\u00ebr aktet e ministris\u00eb. (Midis t\u00eb tjerash, sipas qytetarit dixhital, aktualisht pes\u00eb ministra kan\u00eb deleguar firmat z\u00ebvend\u00ebsve t\u00eb tyre).<\/p>\n<p>S\u00eb fundmi, ligji 9000 p\u00ebr organizimin e K\u00ebshillit t\u00eb Ministrave n\u00eb nenin 6 pika 1 p\u00ebrcakton se: \u201cMinistri\u2026 ushtron edhe detyra t\u00eb tjera q\u00eb i ngarkohen nga K\u00ebshilli i Ministrave ose nga Kryeministri.\u201d<\/p>\n<p>Pra, nuk ekziston absolutisht asnj\u00eb penges\u00eb ligjore as kushtetuese p\u00ebr funksionimin e qeveris\u00eb nga pezullimi i Ballukut.<\/p>\n<p>Kolegji i Gjykat\u00ebs Kushtetuese, n\u00ebn presionin e gjithansh\u00ebm t\u00eb Ramaduros, i cili n\u00eb m\u00ebnyr\u00eb antikushtetuese hodhi posht\u00eb k\u00ebrkes\u00ebn e 30 deputet\u00ebve t\u00eb PD p\u00ebr shqyrtimin e vendimit antikushtetues t\u00eb SPAK-ut p\u00ebr kufizimin e l\u00ebvizjes time personale n\u00eb hetim me pretendimin absurd se 30 deputet\u00eb nuk legjitimoheshin p\u00ebr k\u00ebrkes\u00ebn e tyre, me nj\u00eb standard antikushtetues do t\u00eb vendos\u00eb m\u00eb dat\u00ebn 12 dhjetor, n\u00eb konflikt flagrant me ligjin, p\u00ebr shqyrtimin e k\u00ebrkes\u00ebs s\u00eb Edi Ram\u00ebs p\u00ebr anulimin e pezullimit t\u00eb Belinda Ballukut, duke i dh\u00ebn\u00eb k\u00ebshtu nj\u00eb colpo di grazia organit garant t\u00eb Kushtetut\u00ebs.<\/p>\n","protected":false},"excerpt":{"rendered":"<p>Kryetari i PD, Sali Berisha, reagoi pas q\u00ebndrimeve t\u00eb p\u00ebrs\u00ebritura t\u00eb Edi Rama se, &#8220;pezullimi i Belinda Ballukut ka bllokuar pun\u00ebn e qeveris\u00eb&#8221;. Berisha shkruan se, ky \u00ebsht\u00eb jo vet\u00ebm nj\u00eb mashtrim banal, por edhe nj\u00eb vet\u00ebposht\u00ebrim publik. Reagimi Mashtrim banal, por edhe vet\u00ebposht\u00ebrim publik! Rama dhe Lubia e tij nuk guxojn\u00eb t\u00eb shkojn\u00eb n\u00eb &hellip;<\/p>\n","protected":false},"author":4,"featured_media":128232,"comment_status":"closed","ping_status":"closed","sticky":false,"template":"","format":"standard","meta":{"footnotes":""},"categories":[37],"tags":[],"class_list":["post-130260","post","type-post","status-publish","format-standard","has-post-thumbnail","","category-politike"],"_links":{"self":[{"href":"https:\/\/rdnews.al\/index.php\/wp-json\/wp\/v2\/posts\/130260","targetHints":{"allow":["GET"]}}],"collection":[{"href":"https:\/\/rdnews.al\/index.php\/wp-json\/wp\/v2\/posts"}],"about":[{"href":"https:\/\/rdnews.al\/index.php\/wp-json\/wp\/v2\/types\/post"}],"author":[{"embeddable":true,"href":"https:\/\/rdnews.al\/index.php\/wp-json\/wp\/v2\/users\/4"}],"replies":[{"embeddable":true,"href":"https:\/\/rdnews.al\/index.php\/wp-json\/wp\/v2\/comments?post=130260"}],"version-history":[{"count":1,"href":"https:\/\/rdnews.al\/index.php\/wp-json\/wp\/v2\/posts\/130260\/revisions"}],"predecessor-version":[{"id":130261,"href":"https:\/\/rdnews.al\/index.php\/wp-json\/wp\/v2\/posts\/130260\/revisions\/130261"}],"wp:featuredmedia":[{"embeddable":true,"href":"https:\/\/rdnews.al\/index.php\/wp-json\/wp\/v2\/media\/128232"}],"wp:attachment":[{"href":"https:\/\/rdnews.al\/index.php\/wp-json\/wp\/v2\/media?parent=130260"}],"wp:term":[{"taxonomy":"category","embeddable":true,"href":"https:\/\/rdnews.al\/index.php\/wp-json\/wp\/v2\/categories?post=130260"},{"taxonomy":"post_tag","embeddable":true,"href":"https:\/\/rdnews.al\/index.php\/wp-json\/wp\/v2\/tags?post=130260"}],"curies":[{"name":"wp","href":"https:\/\/api.w.org\/{rel}","templated":true}]}}