{"id":130264,"date":"2025-12-05T11:07:17","date_gmt":"2025-12-05T11:07:17","guid":{"rendered":"https:\/\/rdnews.al\/?p=130264"},"modified":"2025-12-05T11:07:17","modified_gmt":"2025-12-05T11:07:17","slug":"berisha-diktatura-autoritare-e-edi-rames-eshte-njesoj-si-ajo-e-maduros-ne-venezuele","status":"publish","type":"post","link":"https:\/\/rdnews.al\/index.php\/2025\/12\/05\/berisha-diktatura-autoritare-e-edi-rames-eshte-njesoj-si-ajo-e-maduros-ne-venezuele\/","title":{"rendered":"Berisha: Diktatura autoritare e Edi Ram\u00ebs \u00ebsht\u00eb nj\u00ebsoj si ajo e Maduros n\u00eb Venezuel\u00eb!"},"content":{"rendered":"<p>Kryetari i PD, Sali Berisha gjat\u00eb nj\u00eb takimi me aleat\u00ebt e Federat\u00ebs s\u00eb Opozit\u00ebs s\u00eb Bashkuar tha se, diktatura autoritare e Edi Ram\u00ebs \u00ebsht\u00eb nj\u00ebsoj si ajo e Maduros n\u00eb Venezuel\u00eb!<\/p>\n<p>&#8220;Mir\u00ebdita dhe u p\u00ebrsh\u00ebndes p\u00ebrzem\u00ebrsisht secilin prej jush, p\u00ebrfaq\u00ebsues t\u00eb forcave politike opozitare n\u00eb parlament dhe jasht\u00eb parlamentit.<\/p>\n<p>Ky takim ka q\u00ebllim kryesor t\u00eb gjejm\u00eb nj\u00eb ujdi s\u00eb bashku si nj\u00eb front i gjer\u00eb p\u00ebr reform\u00ebn zgjedhore dhe reform\u00ebn territoriale.<\/p>\n<p>N\u00eb fakt, reforma themelore t\u00eb nj\u00eb sistemi, duhet pranuar.<\/p>\n<p>Sot, Shqip\u00ebria \u00ebsht\u00eb nj\u00eb njoll\u00eb e zez\u00eb n\u00eb hart\u00ebn e Europ\u00ebs.<\/p>\n<p>\u00cbsht\u00eb zyrtarisht, pas raportit t\u00eb fundit t\u00eb OSBE\/ODIHR, autokraci elektorale apo diktatur\u00eb autoritare.<\/p>\n<p>Do t\u00eb thot\u00eb regjim q\u00eb e pranon pluralizmin, por e shtyp pluralizmin.<\/p>\n<p>Ky \u00ebsht\u00eb i gjith\u00eb thelbi i saj.<\/p>\n<p>Nuk \u00ebsht\u00eb totalitare sepse e pranon pluralizmin.<\/p>\n<p>Por nj\u00eblloj si n\u00eb totalitaren, pushtetet t\u00eb gjitha p\u00ebrqendrohen n\u00eb nj\u00eb dor\u00eb.<\/p>\n<p>N\u00eb dallim nga autokracit\u00eb e tjera elektorale apo diktaturat autoritare, kjo e Shqip\u00ebris\u00eb \u00ebsht\u00eb siameze me diktatur\u00ebn e Maduros s\u00eb Venezuel\u00ebs.<\/p>\n<p>Pse kjo?<\/p>\n<p>Kjo sepse t\u00eb dyja kan\u00eb nj\u00eb mb\u00ebshtetje t\u00eb jasht\u00ebzakonshme n\u00eb fuqin\u00eb e jasht\u00ebzakonshme t\u00eb drog\u00ebs.<\/p>\n<p>Dhe kjo fuqi e jasht\u00ebzakonshme e drog\u00ebs, n\u00eb rrafshin ekonomik, \u00ebsht\u00eb m\u00eb e fuqishme se \u00e7do parti.<\/p>\n<p>Kjo fuqi e jasht\u00ebzakonshme e drog\u00ebs shprehet me fshirjen e ligjeve, rregullave dhe z\u00ebvend\u00ebsimin e tyre me standardet e mafies dhe karteleve t\u00eb drog\u00ebs.<\/p>\n<p>Kjo fuqi e jasht\u00ebzakonshme e drog\u00ebs n\u00eb regjimin e Edi Ram\u00ebs luan nj\u00eb rol p\u00ebrcaktues edhe n\u00eb rezultatin e zgjedhjeve, n\u00eb vendimet e gjykatave, n\u00eb vendimet e ekzekutivit.<\/p>\n<p>De facto, droga dhe kartelet jan\u00eb vendimmarr\u00ebsit kryesor\u00eb t\u00eb vendit.<\/p>\n<p>Kartelet shqiptare jan\u00eb b\u00ebr\u00eb sot t\u00eb fuqishme, p\u00ebrcaktojn\u00eb rezultate elektorale edhe n\u00eb Amerik\u00ebn Latine.<\/p>\n<p>K\u00ebto kartele nga Shqip\u00ebria jan\u00eb eksportuesi kryesor i kanabisit n\u00eb Europ\u00eb, Shqip\u00ebria \u00ebsht\u00eb eksportuesi num\u00ebr nj\u00eb, por tani k\u00ebto kan\u00eb kapur n\u00eb dor\u00eb kokain\u00ebn n\u00eb Amerik\u00ebn Latine dhe jan\u00eb p\u00ebrcaktuesit e tregut n\u00eb Amerik\u00ebn Latine.<\/p>\n<p>K\u00ebto kartele, si\u00e7 shprehej dje pasdite, n\u00eb m\u00ebnyr\u00eb t\u00eb qart\u00eb dhe t\u00eb kristalt\u00eb, nj\u00eb nga gazetat m\u00eb prestigjioze t\u00eb Uashingtonit, \u2018\u00cbashington Examiner\u2019, nga k\u00ebto kartele thot\u00eb gazeta, sipas burimeve t\u00eb disa sh\u00ebrbimeve, p\u00ebrfitues \u00ebsht\u00eb vet\u00eb Edi Rama.<\/p>\n<p>\u00cbsht\u00eb Ramaduro.<\/p>\n<p>Duke ardhur k\u00ebtu tek ju, prita kryetarin e nj\u00eb dege t\u00eb PD.<\/p>\n<p>\u00c7far\u00eb m\u00eb tregoi?<\/p>\n<p>Nj\u00eb familje tre vet\u00ebsh, mb\u00ebshtet\u00ebs tradicional\u00eb t\u00eb opozit\u00ebs, dy dit\u00eb pas zgjedhjeve m\u00eb erdhi kryefamiljari, m\u00eb tha: un\u00eb po t\u00eb rr\u00ebfej nj\u00eb gj\u00eb. Nat\u00ebn e zgjedhjeve, trokiti n\u00eb der\u00eb nj\u00eb person. M\u00eb la nj\u00eb zarf dhe iku. N\u00eb zarf shkruhej \u2018mos shko nes\u00ebr n\u00eb zgjedhje\u2019 dhe ishin 1 mij\u00eb euro.<\/p>\n<p>Gjith\u00eb nat\u00ebn u rropata t\u00eb shkoj apo t\u00eb mos shkoj. Pse t\u00eb mos shkoj, po nga ana tjet\u00ebr, edhe k\u00ebrc\u00ebnimi ishte brenda sepse lek\u00ebt m\u2019i dha dhe shkuarja mendoja se \u00e7far\u00eb pasojash mund t\u00eb ket\u00eb.<\/p>\n<p>Si p\u00ebrfundim nuk shkova. Ky njeri i ndersh\u00ebm, t\u00eb themi at\u00eb q\u00eb \u00ebsht\u00eb.<\/p>\n<p>Dhe ky \u00ebsht\u00eb efekti nd\u00ebr m\u00eb minimal\u00ebt se efektet e tjera jan\u00eb edhe m\u00eb mizore. Se k\u00ebrc\u00ebnimet e tjera jan\u00eb m\u00eb mizore&#8221;, u shpreh Berisha.<\/p>\n","protected":false},"excerpt":{"rendered":"<p>Kryetari i PD, Sali Berisha gjat\u00eb nj\u00eb takimi me aleat\u00ebt e Federat\u00ebs s\u00eb Opozit\u00ebs s\u00eb Bashkuar tha se, diktatura autoritare e Edi Ram\u00ebs \u00ebsht\u00eb nj\u00ebsoj si ajo e Maduros n\u00eb Venezuel\u00eb! &#8220;Mir\u00ebdita dhe u p\u00ebrsh\u00ebndes p\u00ebrzem\u00ebrsisht secilin prej jush, p\u00ebrfaq\u00ebsues t\u00eb forcave politike opozitare n\u00eb parlament dhe jasht\u00eb parlamentit. Ky takim ka q\u00ebllim kryesor t\u00eb &hellip;<\/p>\n","protected":false},"author":4,"featured_media":130265,"comment_status":"closed","ping_status":"closed","sticky":false,"template":"","format":"standard","meta":{"footnotes":""},"categories":[37],"tags":[],"class_list":["post-130264","post","type-post","status-publish","format-standard","has-post-thumbnail","","category-politike"],"_links":{"self":[{"href":"https:\/\/rdnews.al\/index.php\/wp-json\/wp\/v2\/posts\/130264","targetHints":{"allow":["GET"]}}],"collection":[{"href":"https:\/\/rdnews.al\/index.php\/wp-json\/wp\/v2\/posts"}],"about":[{"href":"https:\/\/rdnews.al\/index.php\/wp-json\/wp\/v2\/types\/post"}],"author":[{"embeddable":true,"href":"https:\/\/rdnews.al\/index.php\/wp-json\/wp\/v2\/users\/4"}],"replies":[{"embeddable":true,"href":"https:\/\/rdnews.al\/index.php\/wp-json\/wp\/v2\/comments?post=130264"}],"version-history":[{"count":1,"href":"https:\/\/rdnews.al\/index.php\/wp-json\/wp\/v2\/posts\/130264\/revisions"}],"predecessor-version":[{"id":130266,"href":"https:\/\/rdnews.al\/index.php\/wp-json\/wp\/v2\/posts\/130264\/revisions\/130266"}],"wp:featuredmedia":[{"embeddable":true,"href":"https:\/\/rdnews.al\/index.php\/wp-json\/wp\/v2\/media\/130265"}],"wp:attachment":[{"href":"https:\/\/rdnews.al\/index.php\/wp-json\/wp\/v2\/media?parent=130264"}],"wp:term":[{"taxonomy":"category","embeddable":true,"href":"https:\/\/rdnews.al\/index.php\/wp-json\/wp\/v2\/categories?post=130264"},{"taxonomy":"post_tag","embeddable":true,"href":"https:\/\/rdnews.al\/index.php\/wp-json\/wp\/v2\/tags?post=130264"}],"curies":[{"name":"wp","href":"https:\/\/api.w.org\/{rel}","templated":true}]}}