{"id":130289,"date":"2025-12-05T12:34:57","date_gmt":"2025-12-05T12:34:57","guid":{"rendered":"https:\/\/rdnews.al\/?p=130289"},"modified":"2025-12-05T12:34:57","modified_gmt":"2025-12-05T12:34:57","slug":"berisha-sa-te-jete-edi-rama-vote-nuk-ka-prandaj-ne-duhet-te-rrezojme-kete-mur-krimi-qe-na-ka-dale-perpara","status":"publish","type":"post","link":"https:\/\/rdnews.al\/index.php\/2025\/12\/05\/berisha-sa-te-jete-edi-rama-vote-nuk-ka-prandaj-ne-duhet-te-rrezojme-kete-mur-krimi-qe-na-ka-dale-perpara\/","title":{"rendered":"Berisha: Sa t\u00eb jet\u00eb Edi Rama vot\u00eb nuk ka, prandaj ne duhet t\u00eb rr\u00ebzojm\u00eb k\u00ebt\u00eb mur krimi q\u00eb na ka dal\u00eb p\u00ebrpara!"},"content":{"rendered":"<p>Lideri i opozit\u00ebs, Sali Berisha, n\u00eb takimin me aleat\u00ebt e Federat\u00ebs s\u00eb Opozit\u00ebs s\u00eb Bashkuar tha se, me Edi Ram\u00ebn n\u00eb pushtet nuk ka dhe nuk mund t\u00eb ket\u00eb zgjedhje, duke theksuar se opozita ka p\u00ebrpara detyr\u00ebn historike p\u00ebr t\u00eb rr\u00ebzuar \u201cmurin e krimit\u201d q\u00eb ka bllokuar vullnetin e qytetar\u00ebve dhe procesin demokratik n\u00eb vend.<br \/>\nBerisha theksoi se, kjo tryez\u00eb e opozit\u00ebs \u00ebsht\u00eb mbledhur p\u00ebr t\u00eb p\u00ebrcaktuar sistemin m\u00eb t\u00eb p\u00ebrshtatsh\u00ebm zgjedhor dhe p\u00ebr t\u00eb dor\u00ebzuar n\u00eb komisionin e reform\u00ebs zgjedhore t\u00eb gjitha propozimet e hartuara nga ekspert\u00ebt.<br \/>\n&#8220;Tani, nj\u00eb sqarim dua t\u00eb b\u00ebj.<br \/>\nK\u00ebtu jemi mbledhur p\u00ebr t\u00eb p\u00ebrcaktuar cili \u00ebsht\u00eb sistemi m\u00eb i p\u00ebrshtatsh\u00ebm.<br \/>\nKjo tryez\u00eb do funksionoj\u00eb, do mblidhet p\u00ebrs\u00ebri.<br \/>\nNd\u00ebrkoh\u00eb un\u00eb k\u00ebrkoj nga ju, me specialist\u00ebt q\u00eb keni, t\u00eb paraqisni t\u00eb gjitha propozimet pran\u00eb komisionit t\u00eb reform\u00ebs zgjedhore.<br \/>\nTani ju e shtruat me t\u00eb drejt\u00eb q\u00eb ka specialist\u00eb, ka edhe t\u00eb tjer\u00eb p\u00ebrve\u00e7 Oerdit.<br \/>\nPo, por t\u00eb garantoj q\u00eb Oerdi, n\u00eb dijenin\u00eb time, nj\u00eb tjet\u00ebr q\u00eb t\u00eb jet\u00eb marr\u00eb me t\u00eb drejt\u00ebn elektorale, q\u00eb t\u00eb kuptohemi, e drejta elektorale, si\u00e7 \u00ebsht\u00eb e drejta penale, e drejta tregtare, \u00ebsht\u00eb e drejta elektorale.<br \/>\nP\u00ebrcaktimet kan\u00eb qen\u00eb politike ose t\u00eb imponuara dhe asnj\u00eb prej tyre individuale.<br \/>\nAsnj\u00eb prej tyre individuale!<br \/>\nNatyrisht kjo nuk \u00ebsht\u00eb se Oerdi nuk \u00ebsht\u00eb n\u00eb nj\u00eb presion nga t\u00eb gjitha k\u00ebto sepse ka qen\u00eb p\u00ebrfaq\u00ebsuesi yn\u00eb.<br \/>\n\u00c7far\u00eb po b\u00ebjm\u00eb ne tani?<br \/>\nNe do b\u00ebjm\u00eb \u00e7do hap me transparenc\u00eb t\u00eb plot\u00eb.<br \/>\nOerdi, dhe jo vet\u00ebm Oerdi, aty jan\u00eb disa p\u00ebrfaq\u00ebsues, \u00e7do hap do ta ken\u00eb transparent p\u00ebrpara qytetar\u00ebve dhe do vendosim.<br \/>\nTani nj\u00eb gj\u00eb.<br \/>\nErdh\u00ebn zgjedhjet e 11 majit.<br \/>\nAsnj\u00eb kusht p\u00ebr t\u2019u futur n\u00eb ato zgjedhje nuk kishte.<br \/>\nSe n\u00eb qoft\u00eb se un\u00eb them q\u00eb me Edi Ram\u00ebn nuk ka zgjedhje, un\u00eb at\u00eb deklarat\u00eb e kam t\u00eb v\u00ebrtetuar dhe ia v\u00ebrtetoj kujtdo.<br \/>\nPor midis bojkotit dhe vazhdimit t\u00eb betej\u00ebs, ne zgjodh\u00ebm vazhdimin e betej\u00ebs, ndon\u00ebse t\u00eb bindur se me Edi Ram\u00ebn nuk ka zgjedhje.<br \/>\nDhe k\u00ebt\u00eb duhet ta ngulitim ne tek \u00e7do opozitar.<br \/>\nDhe pastaj a do pranojm\u00eb t\u00eb ulim kok\u00ebn apo do t\u00eb pranojm\u00eb t\u00eb ngrem\u00eb kok\u00ebn dhe t\u00eb mbrojm\u00eb&#8230;<br \/>\nShikoni n\u00eb \u00e7\u2019situat\u00eb jemi ne.<br \/>\nEdi Rama b\u00ebn gjith\u00e7ka p\u00ebr t\u00eb shtypur vot\u00ebn, Altin Troplini e mbron at\u00eb n\u00eb m\u00ebnyr\u00ebn m\u00eb kriminale.<br \/>\nJu lutem, shqiptar\u00ebt duhet ta kuptojn\u00eb, dosja 184 dhe dosja 339 u b\u00ebn\u00eb fam\u00ebzeza n\u00eb mbar\u00eb bot\u00ebn se u botuan n\u00eb mediat e m\u00ebdha gjermane dhe pastaj n\u00eb mediat e tjera.<br \/>\nNuk mund t\u00eb kishte prokuror n\u00eb nj\u00eb vend t\u00eb lir\u00eb q\u00eb t\u00eb mos vepronte pasi ato ishin regjistruar n\u00eb p\u00ebrputhje me procedur\u00ebn e Kodit Penal, p\u00ebrve\u00e7 Troplinit, Poj\u00ebs s\u00eb Skapit dhe atij xhelatit t\u00eb Sigurimit t\u00eb Shtetit, Arben Kraj\u00ebs.<br \/>\nKur d\u00ebgjoj opozitar\u00eb q\u00eb b\u00ebrtasin \u2018rroft\u00eb Skapi\u2019, gj\u00ebja e par\u00eb q\u00eb m\u00eb shkon nd\u00ebrmend se k\u00ebta jan\u00eb fantazmagorik\u00eb, nuk din\u00eb \u00e7\u2019do t\u00eb thot\u00eb pluraliz\u00ebm.<br \/>\nM\u00eb thuaj ti mua \u00e7far\u00eb garancie ka nj\u00eb forc\u00eb politike q\u00eb ai b\u00ebn nj\u00eb list\u00eb krimesh dhe ai ia amniston?<br \/>\nA nuk \u00ebsht\u00eb nj\u00eb licenc\u00eb p\u00ebr Edi Ram\u00ebn dhe kriminel\u00ebt elektorale p\u00ebr t\u2019i vazhduar edhe m\u00eb shum\u00eb dhe i vazhduan edhe m\u00eb shum\u00eb.<br \/>\nE theksova k\u00ebt\u00eb p\u00ebr t\u00eb par\u00eb se sa jetike \u00ebsht\u00eb guximi dhe q\u00ebndresa jon\u00eb.<br \/>\nNe do b\u00ebjm\u00eb gjith\u00e7ka n\u00eb p\u00ebrpjekje t\u00eb ndershme p\u00ebr nj\u00eb ligj sa m\u00eb t\u00eb drejt\u00eb elektorale.<br \/>\nPor ne me k\u00ebto n\u00eb m\u00ebnyr\u00eb absolute do mashtrojm\u00eb veten n\u00eb qoft\u00eb se pranojm\u00eb Edi Ram\u00ebn.<br \/>\nSa ta pranojm\u00eb at\u00eb, vot\u00eb nuk do kemi.<br \/>\nKa marr\u00eb fund vota.<br \/>\nN\u00eb nj\u00eb an\u00eb e vjedh, n\u00eb an\u00ebn tjet\u00ebr e mbron ai.<br \/>\nKu \u00ebsht\u00eb Elvis Do\u00e7i sot? Dh\u00ebndri i Troplin\u00ebve, q\u00eb \u00ebsht\u00eb kryesor n\u00eb klan, dhe ka transportuar tonelata drog\u00eb drejt Italis\u00eb. I kapur.<br \/>\nI erdhi mandat arresti nga Antimafia Italiane, e mbajti n\u00eb xhep gjersa vodhi zgjedhjet ai.<br \/>\nUshtroi terror mbi zgjedh\u00ebsit dhe \u00e7au ferr\u00ebn dhe iku.<br \/>\nAi n\u00eb Shkozet \u00ebsht\u00eb aty, po nuk shkojn\u00eb p\u00ebr ta kapur se \u00ebsht\u00eb i tyri. At\u00eb \u00e7do nat\u00eb e takon Ergys Agasi, ky shefi i mafies n\u00eb kryeministri.<br \/>\nPrandaj miq, t\u00eb b\u00ebjm\u00eb gjith\u00e7ka p\u00ebr t\u00eb p\u00ebrmir\u00ebsuar, po t\u00eb mos harrojm\u00eb se detyr\u00ebn e kemi shum\u00eb t\u00eb madhe.<br \/>\nNe do t\u00eb rr\u00ebzojm\u00eb k\u00ebt\u00eb mur krimi q\u00eb na ka dal\u00eb p\u00ebrpara&#8221;, u shpreh Berisha.<\/p>\n","protected":false},"excerpt":{"rendered":"<p>Lideri i opozit\u00ebs, Sali Berisha, n\u00eb takimin me aleat\u00ebt e Federat\u00ebs s\u00eb Opozit\u00ebs s\u00eb Bashkuar tha se, me Edi Ram\u00ebn n\u00eb pushtet nuk ka dhe nuk mund t\u00eb ket\u00eb zgjedhje, duke theksuar se opozita ka p\u00ebrpara detyr\u00ebn historike p\u00ebr t\u00eb rr\u00ebzuar \u201cmurin e krimit\u201d q\u00eb ka bllokuar vullnetin e qytetar\u00ebve dhe procesin demokratik n\u00eb vend. &hellip;<\/p>\n","protected":false},"author":4,"featured_media":130273,"comment_status":"closed","ping_status":"closed","sticky":false,"template":"","format":"standard","meta":{"footnotes":""},"categories":[37],"tags":[],"class_list":["post-130289","post","type-post","status-publish","format-standard","has-post-thumbnail","","category-politike"],"_links":{"self":[{"href":"https:\/\/rdnews.al\/index.php\/wp-json\/wp\/v2\/posts\/130289","targetHints":{"allow":["GET"]}}],"collection":[{"href":"https:\/\/rdnews.al\/index.php\/wp-json\/wp\/v2\/posts"}],"about":[{"href":"https:\/\/rdnews.al\/index.php\/wp-json\/wp\/v2\/types\/post"}],"author":[{"embeddable":true,"href":"https:\/\/rdnews.al\/index.php\/wp-json\/wp\/v2\/users\/4"}],"replies":[{"embeddable":true,"href":"https:\/\/rdnews.al\/index.php\/wp-json\/wp\/v2\/comments?post=130289"}],"version-history":[{"count":1,"href":"https:\/\/rdnews.al\/index.php\/wp-json\/wp\/v2\/posts\/130289\/revisions"}],"predecessor-version":[{"id":130290,"href":"https:\/\/rdnews.al\/index.php\/wp-json\/wp\/v2\/posts\/130289\/revisions\/130290"}],"wp:featuredmedia":[{"embeddable":true,"href":"https:\/\/rdnews.al\/index.php\/wp-json\/wp\/v2\/media\/130273"}],"wp:attachment":[{"href":"https:\/\/rdnews.al\/index.php\/wp-json\/wp\/v2\/media?parent=130289"}],"wp:term":[{"taxonomy":"category","embeddable":true,"href":"https:\/\/rdnews.al\/index.php\/wp-json\/wp\/v2\/categories?post=130289"},{"taxonomy":"post_tag","embeddable":true,"href":"https:\/\/rdnews.al\/index.php\/wp-json\/wp\/v2\/tags?post=130289"}],"curies":[{"name":"wp","href":"https:\/\/api.w.org\/{rel}","templated":true}]}}