{"id":130291,"date":"2025-12-05T17:30:35","date_gmt":"2025-12-05T17:30:35","guid":{"rendered":"https:\/\/rdnews.al\/?p=130291"},"modified":"2025-12-05T17:30:35","modified_gmt":"2025-12-05T17:30:35","slug":"vrasja-e-nxenesit-15-vjecar-lili-sula-nje-femije-me-pak-nje-deshtim-me-shume-i-shtetit-qe-ka-braktisur-arsimin","status":"publish","type":"post","link":"https:\/\/rdnews.al\/index.php\/2025\/12\/05\/vrasja-e-nxenesit-15-vjecar-lili-sula-nje-femije-me-pak-nje-deshtim-me-shume-i-shtetit-qe-ka-braktisur-arsimin\/","title":{"rendered":"Vrasja e nx\u00ebn\u00ebsit 15 vje\u00e7ar\/ Lili Sula: Nj\u00eb f\u00ebmij\u00eb m\u00eb pak, nj\u00eb d\u00ebshtim m\u00eb shum\u00eb i shtetit q\u00eb ka braktisur arsimin!"},"content":{"rendered":"<p><strong>Deklarata e drejtueses s\u00eb Departamentit t\u00eb Arsimit n\u00eb PD, Lili Sula<\/strong>:<\/p>\n<p>Sot Shqip\u00ebria u zgjua me nj\u00eb tjet\u00ebr lajm t\u00eb zi. 15-vje\u00e7ari Erjon Boba humbi jet\u00ebn, pasi kaloi disa dit\u00eb n\u00eb koma, nga plag\u00ebt e marra n\u00eb konfliktin me nj\u00eb bashk\u00ebmoshatar n\u00eb Durr\u00ebs.<\/p>\n<p>Edhe nj\u00eb bir m\u00eb pak, edhe nj\u00eb familje e tronditur.<\/p>\n<p>Si\u00e7 \u00ebsht\u00eb dhimbja e tyre e p\u00ebrligjur, po kaq tragjik \u00ebsht\u00eb modeli, ku f\u00ebmij\u00eb e t\u00eb rinj ushqehen, ku i forti, i dhunshmi, ai q\u00eb k\u00ebrc\u00ebnon dhe godet, duket se triumfon gjithmon\u00eb.<\/p>\n<p>Shoq\u00ebria shqiptare gjithnj\u00eb e m\u00eb shpesh viteve t\u00eb fundit po p\u00ebrballet me dhun\u00eb dhe konflikte me pasoja fatale mes adoleshent\u00ebve.<\/p>\n<p>Besimi te institucionet, shkolla, policia, spitali dhe s\u00eb fundmi familja, po humbet.<\/p>\n<p>Pasiguria e jet\u00ebs dhe vrasjet-\u00a0 humbja e vler\u00ebs s\u00eb jet\u00ebs, ka mb\u00ebrthyer adoleshent\u00ebt e f\u00ebmij\u00ebt, q\u00eb jan\u00eb q\u00ebllimi dhe p\u00ebrkushtimi p\u00ebr \u00e7do familje shqiptare, shpresa p\u00ebr progresin e kombit.<\/p>\n<p>Ikja pa kthim e Erjonit \u00ebsht\u00eb nj\u00eb tragjedi q\u00eb i shtohet dhjet\u00ebra ngjarjeve fatale q\u00eb kan\u00eb prekin themelet e arsimit dhe shoq\u00ebris\u00eb ton\u00eb- q\u00eb kalojn\u00eb pa p\u00ebrgjegj\u00ebsi, pa reflektim nga institucionet q\u00eb duhet t\u00eb mbrojn\u00eb f\u00ebmij\u00ebt: nga ministria e arsimit, e Brendshmja, e deri te stafet p\u00ebrgjegj\u00ebse n\u00eb shkolla.<\/p>\n<p>Humbja e jet\u00ebs s\u00eb adoleshentit pas kaq shum\u00eb t\u00eb ngjashmesh, nd\u00ebr bashk\u00ebmoshatar\u00eb apo f\u00ebmij\u00eb, \u00ebsht\u00eb alarm p\u00ebr \u00e7do prind, revolt\u00eb p\u00ebr t\u2019u ngritur, p\u00ebr t\u00eb protestuar\u00a0 p\u00ebr\u00a0 sigurin\u00eb e f\u00ebmij\u00ebve n\u00eb shkolla, p\u00ebr t\u00eb cilat narkoshteti nuk afron sh\u00ebrbimet e duhura sipas ligjit dhe as mban p\u00ebrgjegj\u00ebsi.<\/p>\n<p>P\u00ebrve\u00e7 raporteve nd\u00ebrkomb\u00ebtare, Kontrolli i Lart\u00eb i Shtetit ka pasqyruar problemet e mprehta t\u00eb shkollave tona lidhur me munges\u00ebn e siguris\u00eb, munges\u00ebn e mb\u00ebshtetjes p\u00ebr f\u00ebmij\u00ebt q\u00eb bullizohen e diskriminohen, munges\u00ebn e strukturave q\u00eb parandalojn\u00eb konfliktet \u2013 por asgj\u00eb nuk \u00ebsht\u00eb b\u00ebr\u00eb.<\/p>\n<p>Mjafton t\u00eb kujtojm\u00eb se 70% e shkollave n\u00eb vend nuk kan\u00eb oficer sigurie, nj\u00eb shif\u00ebr q\u00eb tregon qart\u00eb se shum\u00eb prej k\u00ebtyre ngjarjeve do t\u00eb ishin parandaluar, n\u00ebse shteti do t\u00eb kishte zgjedhur t\u2019i mbronte f\u00ebmij\u00ebt, para se t\u00eb fliste p\u00ebr barazi, strategji dhe reforma n\u00eb let\u00ebr.\u00a0 Por, kur e keqja nuk parandalohet, menaxhimi i saj b\u00ebhet pothuajse i pamundur, sepse dhuna sjell dhun\u00eb.<\/p>\n<p>Nuk ka fjal\u00eb q\u00eb mund t\u00eb leht\u00ebsoj\u00eb rr\u00ebnimin e familjes Boba p\u00ebr p\u00ebrcjelljen e f\u00ebmij\u00ebs n\u00eb banes\u00ebn e fundit.<\/p>\n<p>N\u00eb em\u00ebr t\u00eb Partis\u00eb Demokratike, t\u00eb komunitetit t\u00eb m\u00ebsimdh\u00ebn\u00ebsve, ngush\u00ebllime, dhe Zoti ju dh\u00ebnt\u00eb forc\u00eb n\u00eb k\u00ebt\u00eb koh\u00eb dhimbjeje t\u00eb pamat\u00eb!<\/p>\n","protected":false},"excerpt":{"rendered":"<p>Deklarata e drejtueses s\u00eb Departamentit t\u00eb Arsimit n\u00eb PD, Lili Sula: Sot Shqip\u00ebria u zgjua me nj\u00eb tjet\u00ebr lajm t\u00eb zi. 15-vje\u00e7ari Erjon Boba humbi jet\u00ebn, pasi kaloi disa dit\u00eb n\u00eb koma, nga plag\u00ebt e marra n\u00eb konfliktin me nj\u00eb bashk\u00ebmoshatar n\u00eb Durr\u00ebs. Edhe nj\u00eb bir m\u00eb pak, edhe nj\u00eb familje e tronditur. Si\u00e7 \u00ebsht\u00eb &hellip;<\/p>\n","protected":false},"author":4,"featured_media":130292,"comment_status":"closed","ping_status":"closed","sticky":false,"template":"","format":"standard","meta":{"footnotes":""},"categories":[37],"tags":[],"class_list":["post-130291","post","type-post","status-publish","format-standard","has-post-thumbnail","","category-politike"],"_links":{"self":[{"href":"https:\/\/rdnews.al\/index.php\/wp-json\/wp\/v2\/posts\/130291","targetHints":{"allow":["GET"]}}],"collection":[{"href":"https:\/\/rdnews.al\/index.php\/wp-json\/wp\/v2\/posts"}],"about":[{"href":"https:\/\/rdnews.al\/index.php\/wp-json\/wp\/v2\/types\/post"}],"author":[{"embeddable":true,"href":"https:\/\/rdnews.al\/index.php\/wp-json\/wp\/v2\/users\/4"}],"replies":[{"embeddable":true,"href":"https:\/\/rdnews.al\/index.php\/wp-json\/wp\/v2\/comments?post=130291"}],"version-history":[{"count":1,"href":"https:\/\/rdnews.al\/index.php\/wp-json\/wp\/v2\/posts\/130291\/revisions"}],"predecessor-version":[{"id":130293,"href":"https:\/\/rdnews.al\/index.php\/wp-json\/wp\/v2\/posts\/130291\/revisions\/130293"}],"wp:featuredmedia":[{"embeddable":true,"href":"https:\/\/rdnews.al\/index.php\/wp-json\/wp\/v2\/media\/130292"}],"wp:attachment":[{"href":"https:\/\/rdnews.al\/index.php\/wp-json\/wp\/v2\/media?parent=130291"}],"wp:term":[{"taxonomy":"category","embeddable":true,"href":"https:\/\/rdnews.al\/index.php\/wp-json\/wp\/v2\/categories?post=130291"},{"taxonomy":"post_tag","embeddable":true,"href":"https:\/\/rdnews.al\/index.php\/wp-json\/wp\/v2\/tags?post=130291"}],"curies":[{"name":"wp","href":"https:\/\/api.w.org\/{rel}","templated":true}]}}