{"id":130294,"date":"2025-12-05T17:35:43","date_gmt":"2025-12-05T17:35:43","guid":{"rendered":"https:\/\/rdnews.al\/?p=130294"},"modified":"2025-12-05T17:35:43","modified_gmt":"2025-12-05T17:35:43","slug":"zi-heshtje-dhe-lule-ne-klasen-e-15-vjecarit-qe-u-vra-me-thike-ne-durres","status":"publish","type":"post","link":"https:\/\/rdnews.al\/index.php\/2025\/12\/05\/zi-heshtje-dhe-lule-ne-klasen-e-15-vjecarit-qe-u-vra-me-thike-ne-durres\/","title":{"rendered":"Zi, heshtje dhe lule n\u00eb klas\u00ebn e 15-vje\u00e7arit q\u00eb u vra me thik\u00eb n\u00eb Durr\u00ebs"},"content":{"rendered":"<p>N\u00eb klas\u00ebn e 15-vje\u00e7arit n\u00eb Durr\u00ebs, i cili nd\u00ebrroi jet\u00eb nj\u00eb dit\u00eb m\u00eb par\u00eb n\u00eb spital si pasoj\u00eb e plag\u00ebs s\u00eb marr\u00eb nga goditja me thik\u00eb, sot mbizot\u00ebronin zija dhe heshtja.<\/p>\n<p>Vendin ku ai ulej \u00e7do dit\u00eb e zinte nj\u00eb tuf\u00eb me lule, vendosur nga bashk\u00ebmoshatar\u00ebt n\u00eb shenj\u00eb nderimi.<\/p>\n<p>N\u00eb d\u00ebrras\u00ebn e zez\u00eb t\u00eb klas\u00ebs, shok\u00ebt dhe shoqet kishin shkruar disa fjal\u00eb prek\u00ebse p\u00ebr t\u00eb, duke d\u00ebshmuar dhimbjen e thell\u00eb q\u00eb humbja e tij ka l\u00ebn\u00eb n\u00eb komunitetin shkollor.<\/p>\n<p><img loading=\"lazy\" decoding=\"async\" class=\"alignnone size-medium wp-image-1632684\" src=\"https:\/\/boldnews.al\/wp-content\/uploads\/2025\/12\/900-0-1764950157xwhatsapp-image-2025-12-05-at-41504-pm-928-640x529.jpeg\" sizes=\"auto, (max-width: 640px) 100vw, 640px\" srcset=\"https:\/\/boldnews.al\/wp-content\/uploads\/2025\/12\/900-0-1764950157xwhatsapp-image-2025-12-05-at-41504-pm-928-640x529.jpeg 640w, https:\/\/boldnews.al\/wp-content\/uploads\/2025\/12\/900-0-1764950157xwhatsapp-image-2025-12-05-at-41504-pm-928-750x620.jpeg 750w, https:\/\/boldnews.al\/wp-content\/uploads\/2025\/12\/900-0-1764950157xwhatsapp-image-2025-12-05-at-41504-pm-928.jpeg 900w\" alt=\"\" width=\"640\" height=\"529\" data-pin-no-hover=\"true\" \/><\/p>\n<p>15 vje\u00e7ari nd\u00ebrroi jet\u00eb dit\u00ebn e djeshme. Adoleshenti kishte mbetur i plagosur n\u00eb zem\u00ebr pas nj\u00eb debati banal q\u00eb nisi n\u00eb rrjetet sociale, nd\u00ebrsa u sulmua me thik\u00eb nga nj\u00eb moshatar i tij pran\u00eb shkoll\u00ebs \u201cDom Nikoll\u00eb Ka\u00e7orri\u201d.<\/p>\n<p>Ngjarja ndodhi n\u00eb rrug\u00ebn \u201cLaguna e Karavastas\u00eb\u201d n\u00eb zon\u00ebn e ish-K\u00ebnet\u00ebs n\u00eb Durr\u00ebs, ku pas z\u00ebnk\u00ebs n\u00eb rrjetet sociale adoleshent\u00ebt kan\u00eb l\u00ebn\u00eb takim me nj\u00ebri-tjetrin me pretendimin p\u00ebr t\u2019u sqaruar.<\/p>\n<p>M\u00ebsohet se dy adoleshent\u00ebt kan\u00eb shkuar n\u00eb vendin e takimit bashk\u00eb me shok\u00eb t\u00eb tjer\u00eb dhe pas debateve me tone t\u00eb ashpra jan\u00eb p\u00ebrleshur fizikisht mes tyre, si dhe kan\u00eb p\u00ebrdorur sende t\u00eb forta.<\/p>\n<p>Gjat\u00eb konfliktit 14-vje\u00e7ari me inicialet M.K., q\u00eblloi 4 her\u00eb me thik\u00eb 15-vje\u00e7arin.<\/p>\n<p><img decoding=\"async\" src=\"https:\/\/boldnews.al\/wp-content\/uploads\/2025\/12\/900-0-1764950164xwhatsapp-image-2025-12-05-at-41507-pm-932-750x620.jpeg\" \/><\/p>\n","protected":false},"excerpt":{"rendered":"<p>N\u00eb klas\u00ebn e 15-vje\u00e7arit n\u00eb Durr\u00ebs, i cili nd\u00ebrroi jet\u00eb nj\u00eb dit\u00eb m\u00eb par\u00eb n\u00eb spital si pasoj\u00eb e plag\u00ebs s\u00eb marr\u00eb nga goditja me thik\u00eb, sot mbizot\u00ebronin zija dhe heshtja. Vendin ku ai ulej \u00e7do dit\u00eb e zinte nj\u00eb tuf\u00eb me lule, vendosur nga bashk\u00ebmoshatar\u00ebt n\u00eb shenj\u00eb nderimi. N\u00eb d\u00ebrras\u00ebn e zez\u00eb t\u00eb klas\u00ebs, &hellip;<\/p>\n","protected":false},"author":4,"featured_media":130295,"comment_status":"closed","ping_status":"closed","sticky":false,"template":"","format":"standard","meta":{"footnotes":""},"categories":[37],"tags":[],"class_list":["post-130294","post","type-post","status-publish","format-standard","has-post-thumbnail","","category-politike"],"_links":{"self":[{"href":"https:\/\/rdnews.al\/index.php\/wp-json\/wp\/v2\/posts\/130294","targetHints":{"allow":["GET"]}}],"collection":[{"href":"https:\/\/rdnews.al\/index.php\/wp-json\/wp\/v2\/posts"}],"about":[{"href":"https:\/\/rdnews.al\/index.php\/wp-json\/wp\/v2\/types\/post"}],"author":[{"embeddable":true,"href":"https:\/\/rdnews.al\/index.php\/wp-json\/wp\/v2\/users\/4"}],"replies":[{"embeddable":true,"href":"https:\/\/rdnews.al\/index.php\/wp-json\/wp\/v2\/comments?post=130294"}],"version-history":[{"count":1,"href":"https:\/\/rdnews.al\/index.php\/wp-json\/wp\/v2\/posts\/130294\/revisions"}],"predecessor-version":[{"id":130296,"href":"https:\/\/rdnews.al\/index.php\/wp-json\/wp\/v2\/posts\/130294\/revisions\/130296"}],"wp:featuredmedia":[{"embeddable":true,"href":"https:\/\/rdnews.al\/index.php\/wp-json\/wp\/v2\/media\/130295"}],"wp:attachment":[{"href":"https:\/\/rdnews.al\/index.php\/wp-json\/wp\/v2\/media?parent=130294"}],"wp:term":[{"taxonomy":"category","embeddable":true,"href":"https:\/\/rdnews.al\/index.php\/wp-json\/wp\/v2\/categories?post=130294"},{"taxonomy":"post_tag","embeddable":true,"href":"https:\/\/rdnews.al\/index.php\/wp-json\/wp\/v2\/tags?post=130294"}],"curies":[{"name":"wp","href":"https:\/\/api.w.org\/{rel}","templated":true}]}}