{"id":130365,"date":"2025-12-06T18:19:41","date_gmt":"2025-12-06T18:19:41","guid":{"rendered":"https:\/\/rdnews.al\/?p=130365"},"modified":"2025-12-06T18:20:19","modified_gmt":"2025-12-06T18:20:19","slug":"berisha-shqetesimi-dhe-denoncimi-i-narkoshtetit-ne-shqiperi-ka-marre-permasa-boterore-sot","status":"publish","type":"post","link":"https:\/\/rdnews.al\/index.php\/2025\/12\/06\/berisha-shqetesimi-dhe-denoncimi-i-narkoshtetit-ne-shqiperi-ka-marre-permasa-boterore-sot\/","title":{"rendered":"Berisha: Shqet\u00ebsimi dhe denoncimi i narkoshtetit n\u00eb Shqip\u00ebri, ka marr\u00eb p\u00ebrmasa bot\u00ebrore sot"},"content":{"rendered":"<p>Rezoluta e fundit e Bashkimit Nd\u00ebrkomb\u00ebtar Demokrat (IDU) ka ngritur n\u00eb nj\u00eb nivel t\u00eb ri nd\u00ebrkomb\u00ebtar shqet\u00ebsimin p\u00ebr situat\u00ebn n\u00eb Shqip\u00ebri.<\/p>\n<p>Kryetari i PD, Sali Berisha thai se v\u00ebmendja globale ndaj narkoshtetit shqiptar \u00ebsht\u00eb rritur m\u00eb shum\u00eb se kurr\u00eb, duke marr\u00eb p\u00ebrmasa bot\u00ebrore dhe duke u mb\u00ebshtetur n\u00eb nj\u00eb s\u00ebr\u00eb dokumentesh, raportesh dhe d\u00ebshmish q\u00eb ekspozojn\u00eb lidhjen midis krimit t\u00eb organizuar dhe strukturave shtet\u00ebrore.<\/p>\n<p>Berisha solli n\u00eb v\u00ebmendje dy zhvillime t\u00eb r\u00ebnd\u00ebsishme: telegramet e presidentit Donald Trump dhe sekretarit amerikan t\u00eb Shtetit Marco Rubio, q\u00eb n\u00ebnvizojn\u00eb rrezikun e karteleve shqiptare t\u00eb drog\u00ebs, si dhe publikimin e fundit t\u00eb Uashington Examiner, ku, sipas burimeve t\u00eb sh\u00ebrbimeve sekrete, p\u00ebrfitues kryesor i karteleve shqiptare akuzohet t\u00eb jet\u00eb vet\u00eb Edi Rama.<\/p>\n<p>\u201cS\u00eb pari, k\u00ebto rezoluta nj\u00ebra pas tjet\u00ebr, por mb\u00ebshtetur sigurisht jo vet\u00ebm n\u00eb k\u00ebto, por dhe n\u00eb morin\u00eb e pafundme t\u00eb dokumenteve dhe fakteve q\u00eb dalin n\u00eb drit\u00eb, mendoj se v\u00ebmendja, shqet\u00ebsimi dhe denoncimi i narkoshtetit n\u00eb Shqip\u00ebri, ka marr\u00eb p\u00ebrmasa bot\u00ebrore sot.<\/p>\n<p>Un\u00eb do t\u00eb ndalem vet\u00ebm n\u00eb dy t\u00eb dh\u00ebna.<\/p>\n<p>Dy telegramet e ardhura nga njeriu m\u00eb i fuqish\u00ebm i bot\u00ebs sot, presidenti Donald Trump dhe sekretari i Shtetit, Marco Rubio, t\u00eb gjith\u00eb ata q\u00eb i lexuan, kuptuan se shqet\u00ebsimi m\u00eb madhor i tyre, p\u00ebr shqiptar\u00ebt dhe amerikan\u00ebt, jan\u00eb organizatat kriminale shqiptare, kartelet e drog\u00ebs dhe bashk\u00ebpun\u00ebtor\u00ebt e tyre.<br \/>\nS\u00eb dyti, pardje \u00ebsht\u00eb nj\u00eb publikim q\u00eb n\u00eb qindra e qindra artikuj t\u00eb publikuar p\u00ebr narkoshtetin dhe dokumentar, konfirmon ato q\u00eb opozita shqiptare i ka th\u00ebn\u00eb me koh\u00eb, i p\u00ebrs\u00ebrit \u00e7do dit\u00eb, ato q\u00eb mediat nd\u00ebrkomb\u00ebtare i kan\u00eb shkruar \u00e7do dit\u00eb.<\/p>\n<p>Tom Rogan, shkruan se disa burime t\u00eb sh\u00ebrbimeve sekrete jo nj\u00eb, i kan\u00eb konfirmuar Uashington Examiner se p\u00ebrfitues kryesor i karteleve shqiptare t\u00eb drog\u00ebs dhe trafikut t\u00eb drog\u00ebs \u00ebsht\u00eb vet\u00eb Edi Rama. Gjer sot n\u00eb dijenin\u00eb time, dhe un\u00eb nuk mund t\u00eb them se, \u00ebsht\u00eb shteruese kjo q\u00eb them, dihet q\u00eb p\u00ebrfitues \u00ebsht\u00eb Maduro, e sigurt\u00eb kjo, i lidhur direkt dhe i dyti b\u00ebhet Ramaduro, apo Edi Rama i Tiran\u00ebs. Dhe kjo sh\u00ebnon nj\u00eb arritje t\u00eb madhe.<\/p>\n<p>S\u00eb pari, duhet t\u00eb gjesh t\u00eb v\u00ebrtet\u00ebn.<\/p>\n<p>P\u00ebrsa i p\u00ebrket deklarat\u00ebs s\u00eb Marta Kos, un\u00eb p\u00ebrsh\u00ebndet si deklarat\u00ebn e Komisionit Europian, ashtu dhe deklarat\u00ebn e ambasadorit t\u00eb BE-s\u00eb k\u00ebtu, dy dit\u00eb m\u00eb par\u00eb t\u00eb cil\u00ebt e lan\u00eb nj\u00eb deklarat\u00eb apasionante at\u00eb Marta Kos, t\u00eb pabaza se ska diskutim q\u00eb institucionet nd\u00ebrkomb\u00ebtare, shtetar\u00ebt, diplomat\u00ebt dhe t\u00eb gjith\u00eb jan\u00eb t\u00eb detyruar kur flasin p\u00ebr zgjedhjet, t\u00eb marrin parasysh at\u00eb \u00e7ka thon\u00eb institucionet e besimit t\u00eb ngarkuara p\u00ebr v\u00ebzhgimin e tyre\u201d, u shpreh Berisha<\/p>\n","protected":false},"excerpt":{"rendered":"<p>Rezoluta e fundit e Bashkimit Nd\u00ebrkomb\u00ebtar Demokrat (IDU) ka ngritur n\u00eb nj\u00eb nivel t\u00eb ri nd\u00ebrkomb\u00ebtar shqet\u00ebsimin p\u00ebr situat\u00ebn n\u00eb Shqip\u00ebri. Kryetari i PD, Sali Berisha thai se v\u00ebmendja globale ndaj narkoshtetit shqiptar \u00ebsht\u00eb rritur m\u00eb shum\u00eb se kurr\u00eb, duke marr\u00eb p\u00ebrmasa bot\u00ebrore dhe duke u mb\u00ebshtetur n\u00eb nj\u00eb s\u00ebr\u00eb dokumentesh, raportesh dhe d\u00ebshmish q\u00eb &hellip;<\/p>\n","protected":false},"author":4,"featured_media":130368,"comment_status":"closed","ping_status":"closed","sticky":false,"template":"","format":"standard","meta":{"footnotes":""},"categories":[37],"tags":[],"class_list":["post-130365","post","type-post","status-publish","format-standard","has-post-thumbnail","","category-politike"],"_links":{"self":[{"href":"https:\/\/rdnews.al\/index.php\/wp-json\/wp\/v2\/posts\/130365","targetHints":{"allow":["GET"]}}],"collection":[{"href":"https:\/\/rdnews.al\/index.php\/wp-json\/wp\/v2\/posts"}],"about":[{"href":"https:\/\/rdnews.al\/index.php\/wp-json\/wp\/v2\/types\/post"}],"author":[{"embeddable":true,"href":"https:\/\/rdnews.al\/index.php\/wp-json\/wp\/v2\/users\/4"}],"replies":[{"embeddable":true,"href":"https:\/\/rdnews.al\/index.php\/wp-json\/wp\/v2\/comments?post=130365"}],"version-history":[{"count":1,"href":"https:\/\/rdnews.al\/index.php\/wp-json\/wp\/v2\/posts\/130365\/revisions"}],"predecessor-version":[{"id":130366,"href":"https:\/\/rdnews.al\/index.php\/wp-json\/wp\/v2\/posts\/130365\/revisions\/130366"}],"wp:featuredmedia":[{"embeddable":true,"href":"https:\/\/rdnews.al\/index.php\/wp-json\/wp\/v2\/media\/130368"}],"wp:attachment":[{"href":"https:\/\/rdnews.al\/index.php\/wp-json\/wp\/v2\/media?parent=130365"}],"wp:term":[{"taxonomy":"category","embeddable":true,"href":"https:\/\/rdnews.al\/index.php\/wp-json\/wp\/v2\/categories?post=130365"},{"taxonomy":"post_tag","embeddable":true,"href":"https:\/\/rdnews.al\/index.php\/wp-json\/wp\/v2\/tags?post=130365"}],"curies":[{"name":"wp","href":"https:\/\/api.w.org\/{rel}","templated":true}]}}